{"id":432339,"date":"2025-10-01T23:58:22","date_gmt":"2025-10-01T23:58:22","guid":{"rendered":"https:\/\/www.europesays.com\/fr\/432339\/"},"modified":"2025-10-01T23:58:22","modified_gmt":"2025-10-01T23:58:22","slug":"variant-frankenstein-hausse-des-cas-le-virus-de-retour-en-france-a-un-niveau-modere","status":"publish","type":"post","link":"https:\/\/www.europesays.com\/fr\/432339\/","title":{"rendered":"variant \u00ab\u00a0Frankenstein\u00a0\u00bb, hausse des cas&#8230; Le virus de retour en France \u00e0 un niveau mod\u00e9r\u00e9"},"content":{"rendered":"<p class=\"article-p mdl\">Plus de soins pour les pathologies respiratoires, plus de passages aux urgences et plus de consultations SOS M\u00e9decins\u2026 Le retour du<a class=\"link\" href=\"https:\/\/www.rtl.fr\/actu\/sante\/covid-19-faut-il-s-inquieter-du-nouveau-variant-frankenstein-7900547238\" title=\"Covid-19 : faut-il s\u2019inqui\u00e9ter du nouveau variant Frankenstein ?\" target=\"_blank\" rel=\"noopener\"> Covid-19<\/a>\u00a0en France se confirme. Selon des chiffres de Sant\u00e9 publique France, diffus\u00e9s ce mercredi 1er octobre, le <strong>virus circule \u00e0 un niveau mod\u00e9r\u00e9 sur le territoire.\u00a0<\/strong>Dans la semaine du 22 au 28 septembre, il y a eu une augmentation des passages pour suspicion d\u2019infection au Covid-19 \u00ab\u00a0dans des effectifs comparables \u00e0 l\u2019ann\u00e9e pr\u00e9c\u00e9dente, chez les 75 ans et plus (+ 24 %, soit + 30 passages)\u00a0\u00bb, selon le bilan hebdomadaire du r\u00e9seau Oscour.<\/p>\n<p class=\"article-p mdl\">Concernant<a class=\"link\" href=\"https:\/\/www.rtl.fr\/actu\/justice-faits-divers\/toulon-apres-l-agression-d-un-docteur-sos-medecins-refuse-d-intervenir-dans-les-endroits-sensibles-7900350607\" title=\"Toulon : apr\u00e8s l&#039;agression d&#039;un docteur, SOS M\u00e9decins refuse d&#039;intervenir dans les endroits sensibles\" target=\"_blank\" rel=\"noopener\"> SOS M\u00e9decins<\/a>, le niveau d\u2019activit\u00e9 est maintenant \u00ab\u00a0mod\u00e9r\u00e9\u00a0\u00bb, avec un nombre de consultations pour une infection respiratoire aigu\u00eb \u00ab\u00a0stable par rapport \u00e0 la semaine pr\u00e9c\u00e9dente\u00a0\u00bb.<\/p>\n<p class=\"article-p mdl\">En tout, ce sont 2 628 actes li\u00e9s au Covid-19 qui ont \u00e9t\u00e9 comptabilis\u00e9s sur la semaine, soit une augmentation de 15,7 % par rapport \u00e0 la semaine pr\u00e9c\u00e9dente. Chez les adultes, les actes pour suspicion d\u2019infection ont augment\u00e9 de 16 %, et de 17 % chez les 2-14 ans. Ces chiffres sont <strong>\u00ab\u00a0comparables aux ann\u00e9es pr\u00e9c\u00e9dentes\u00a0\u00bb.<\/strong><\/p>\n<p>            Vaccination et gestes barri\u00e8res<\/p>\n<p class=\"article-p mdl\">C\u2019est le<strong> variant XFG, de la famille Omicron,<\/strong> qui est le plus pr\u00e9sent en Europe ou aux \u00c9tats-Unis. Il est \u00ab\u00a0sous surveillance\u00a0\u00bb de<a class=\"link\" href=\"https:\/\/www.rtl.fr\/actu\/international\/il-n-y-a-pas-de-lien-avere-l-oms-repond-a-donald-trump-qui-a-associe-paracetamol-et-autisme-7900544595\" title=\"&quot;Il n&#039;y a pas de lien av\u00e9r\u00e9&quot; : l&#039;OMS r\u00e9pond \u00e0 Donald Trump qui a associ\u00e9 parac\u00e9tamol et autisme\" target=\"_blank\" rel=\"noopener\"> l\u2019OMS<\/a>\u00a0depuis la fin du mois de juin \u00e0 cause de sa contagiosit\u00e9 qui serait plus \u00e9lev\u00e9e.<\/p>\n<p class=\"article-p mdl\">Face \u00e0 cette hausse du nombre de cas, mais aussi au retour<a class=\"link\" href=\"https:\/\/www.rtl.fr\/actu\/sante\/grippe-aviaire-quelles-sont-les-recommandations-de-vaccination-pour-les-cas-humains-7900492310\" title=\"Grippe aviaire : quelles sont les recommandations de vaccination pour les cas humains ?\" target=\"_blank\" rel=\"noopener\"> d\u2019autres maladies hivernales<\/a>, il est important de respecter les gestes barri\u00e8res, comme le lavage r\u00e9gulier des mains et l\u2019utilisation de mouchoirs en papier uniques et jetables.\u2028<strong>La vaccination est toujours jug\u00e9e protectrice contre les formes graves et le risque de Covid long<\/strong>, particuli\u00e8rement pour les personnes \u00e2g\u00e9es et immunod\u00e9prim\u00e9es. Pour ces personnes plus vuln\u00e9rables, la campagne automne-hiver de vaccination doit d\u00e9marrer le 14 octobre et durer jusqu\u2019\u00e0 la fin janvier 2026.<\/p>\n<p>    La r\u00e9daction vous recommande<\/p>\n<p class=\"s-newsletter__title\">\n                L\u2019actualit\u00e9 par la r\u00e9daction de RTL dans votre bo\u00eete mail.\n            <\/p>\n<p class=\"s-newsletter__subtitle\">\n                Gr\u00e2ce \u00e0 votre compte RTL abonnez-vous \u00e0 la newsletter RTL info pour suivre toute l&rsquo;actualit\u00e9 au quotidien\n            <\/p>\n<p>\n                                    Lire la suite\n                                <\/p>\n","protected":false},"excerpt":{"rendered":"Plus de soins pour les pathologies respiratoires, plus de passages aux urgences et plus de consultations SOS M\u00e9decins\u2026&hellip;\n","protected":false},"author":2,"featured_media":415685,"comment_status":"","ping_status":"","sticky":false,"template":"","format":"standard","meta":{"footnotes":""},"categories":[4],"tags":[11,4356,54614,73,674,107,1011,27,12,2570,25,71],"class_list":{"0":"post-432339","1":"post","2":"type-post","3":"status-publish","4":"format-standard","5":"has-post-thumbnail","7":"category-france","8":"tag-actualites","9":"tag-coronavirus","10":"tag-coronavirus-france","11":"tag-etats-unis","12":"tag-europe","13":"tag-fil-info","14":"tag-fr","15":"tag-france","16":"tag-news","17":"tag-oms","18":"tag-republique-francaise","19":"tag-sante"},"share_on_mastodon":{"url":"https:\/\/pubeurope.com\/@fr\/115301626947977677","error":""},"_links":{"self":[{"href":"https:\/\/www.europesays.com\/fr\/wp-json\/wp\/v2\/posts\/432339","targetHints":{"allow":["GET"]}}],"collection":[{"href":"https:\/\/www.europesays.com\/fr\/wp-json\/wp\/v2\/posts"}],"about":[{"href":"https:\/\/www.europesays.com\/fr\/wp-json\/wp\/v2\/types\/post"}],"author":[{"embeddable":true,"href":"https:\/\/www.europesays.com\/fr\/wp-json\/wp\/v2\/users\/2"}],"replies":[{"embeddable":true,"href":"https:\/\/www.europesays.com\/fr\/wp-json\/wp\/v2\/comments?post=432339"}],"version-history":[{"count":0,"href":"https:\/\/www.europesays.com\/fr\/wp-json\/wp\/v2\/posts\/432339\/revisions"}],"wp:featuredmedia":[{"embeddable":true,"href":"https:\/\/www.europesays.com\/fr\/wp-json\/wp\/v2\/media\/415685"}],"wp:attachment":[{"href":"https:\/\/www.europesays.com\/fr\/wp-json\/wp\/v2\/media?parent=432339"}],"wp:term":[{"taxonomy":"category","embeddable":true,"href":"https:\/\/www.europesays.com\/fr\/wp-json\/wp\/v2\/categories?post=432339"},{"taxonomy":"post_tag","embeddable":true,"href":"https:\/\/www.europesays.com\/fr\/wp-json\/wp\/v2\/tags?post=432339"}],"curies":[{"name":"wp","href":"https:\/\/api.w.org\/{rel}","templated":true}]}}