{"id":432343,"date":"2025-10-02T00:05:43","date_gmt":"2025-10-02T00:05:43","guid":{"rendered":"https:\/\/www.europesays.com\/fr\/432343\/"},"modified":"2025-10-02T00:05:43","modified_gmt":"2025-10-02T00:05:43","slug":"ouverture-du-premier-concept-store","status":"publish","type":"post","link":"https:\/\/www.europesays.com\/fr\/432343\/","title":{"rendered":"ouverture du premier concept store"},"content":{"rendered":"<p>Depuis le 1er octobre 2025, l\u2019<strong><a href=\"https:\/\/lesalpinistes.com\/car-lovers-atelier-alpine-paris-2025\/\" data-type=\"post\" data-id=\"1303573\" target=\"_blank\" rel=\"noopener\">Atelier Alpine Paris<\/a><\/strong> accueille le public au <strong>35 boulevard des Capucines, dans le 2e arrondissement<\/strong>.<\/p>\n<p>Ce concept store immersif est le premier de la marque en France, pens\u00e9 comme une vitrine de l\u2019ADN Alpine : l\u00e9g\u00e8ret\u00e9, innovation technologique et passion du sport automobile.<\/p>\n<p>Une immersion totale dans l\u2019univers Alpine<\/p>\n<p>Sur plus de 650 m\u00b2 r\u00e9partis sur trois niveaux, le visiteur d\u00e9couvre les mod\u00e8les phares comme l\u2019<strong><a href=\"https:\/\/lesalpinistes.com\/modeles-alpine-a110-2017-2025-guide-ultime\/\" target=\"_blank\" rel=\"noopener\">Alpine A110<\/a><\/strong> et la nouvelle <a href=\"https:\/\/lesalpinistes.com\/alpine-a290-un-essai-sportif\/\" target=\"_blank\" rel=\"noopener\"><strong>Alpine<\/strong> <strong>A290<\/strong><\/a>, expos\u00e9es dans une sc\u00e9nographie lumineuse. L\u2019exp\u00e9rience inclut un <strong>lounge premium<\/strong> o\u00f9 suivre les Grands Prix, des <strong>simulateurs de conduite<\/strong> pour ressentir les sensations d\u2019un pilote, une <strong>boutique officielle<\/strong> et un <strong>atelier de personnalisation<\/strong> pour configurer sa future Alpine.<\/p>\n<p><a href=\"https:\/\/lesalpinistes.com\/wp-content\/uploads\/2025\/10\/Atelier-Alpine-Paris-2025-Car-Lovers-Octobre-1-scaled.jpg\" target=\"_blank\" rel=\"noopener\"><img loading=\"lazy\" data-lazyloaded=\"1\" decoding=\"async\" width=\"720\" height=\"1080\" data-id=\"1304223\" src=\"https:\/\/lesalpinistes.com\/images\/lesalpinistes.com\/2025\/10\/Atelier-Alpine-Paris-2025-Car-Lovers-Octobre-1.jpg\/w=720\" alt=\"Atelier Alpine Paris 2025 Car Lovers Octobre\" class=\"wp-image-1304223\" title=\"Atelier Alpine Paris : Alpine ouvre son tout premier concept store dans la capitale 3\"  data-\/><\/a>Atelier Alpine Paris : Alpine ouvre son tout premier concept store dans la capitale 15<a href=\"https:\/\/lesalpinistes.com\/wp-content\/uploads\/2025\/10\/Atelier-Alpine-Paris-2025-Car-Lovers-Octobre-2.jpg\" target=\"_blank\" rel=\"noopener\"><img loading=\"lazy\" data-lazyloaded=\"1\" decoding=\"async\" width=\"1620\" height=\"1080\" data-id=\"1304221\" src=\"https:\/\/lesalpinistes.com\/images\/lesalpinistes.com\/2025\/10\/Atelier-Alpine-Paris-2025-Car-Lovers-Octobre-2.jpg\/w=1620\" alt=\"Atelier Alpine Paris 2025 Car Lovers Octobre\" class=\"wp-image-1304221\" title=\"Atelier Alpine Paris : Alpine ouvre son tout premier concept store dans la capitale 4\"  data-\/><\/a>Atelier Alpine Paris : Alpine ouvre son tout premier concept store dans la capitale 16<a href=\"https:\/\/lesalpinistes.com\/wp-content\/uploads\/2025\/10\/Atelier-Alpine-Paris-2025-Car-Lovers-Octobre-3.jpg\" target=\"_blank\" rel=\"noopener\"><img loading=\"lazy\" data-lazyloaded=\"1\" decoding=\"async\" width=\"1400\" height=\"1080\" data-id=\"1304222\" src=\"https:\/\/lesalpinistes.com\/images\/lesalpinistes.com\/2025\/10\/Atelier-Alpine-Paris-2025-Car-Lovers-Octobre-3.jpg\/w=1400\" alt=\"Atelier Alpine Paris 2025 Car Lovers Octobre\" class=\"wp-image-1304222\" title=\"Atelier Alpine Paris : Alpine ouvre son tout premier concept store dans la capitale 5\"  data-\/><\/a>Atelier Alpine Paris : Alpine ouvre son tout premier concept store dans la capitale 17Inauguration officielle le 9 octobre 2025<\/p>\n<p>L\u2019inauguration aura lieu le <strong>9 octobre 2025<\/strong>, en pr\u00e9sence d\u2019invit\u00e9s et d\u2019ambassadeurs. Antonino Labate, Directeur des Ventes, du Marketing et de l\u2019Exp\u00e9rience Client, explique : \u00ab Alpine est une marque de passionn\u00e9s. Avec l\u2019Atelier Alpine, nous souhaitons faire vivre cette passion autrement et offrir un lieu moderne, ouvert \u00e0 toutes les g\u00e9n\u00e9rations. \u00bb<\/p>\n<p>Apr\u00e8s Barcelone en juin 2024, Paris devient la deuxi\u00e8me capitale \u00e0 accueillir un Atelier Alpine. Deux autres ouvertures sont d\u00e9j\u00e0 pr\u00e9vues : Park Lane \u00e0 Londres, puis Milan. La marque confirme ainsi son ambition de marier h\u00e9ritage sportif et modernit\u00e9 technologique \u00e0 travers l\u2019Europe.<\/p>\n<p><a href=\"https:\/\/lesalpinistes.com\/wp-content\/uploads\/2025\/10\/Atelier-Alpine-Paris-2025-Car-Lovers-Octobre-4.jpg\" target=\"_blank\" rel=\"noopener\"><img loading=\"lazy\" data-lazyloaded=\"1\" decoding=\"async\" width=\"1620\" height=\"1080\" data-id=\"1304224\" src=\"https:\/\/lesalpinistes.com\/images\/lesalpinistes.com\/2025\/10\/Atelier-Alpine-Paris-2025-Car-Lovers-Octobre-4.jpg\/w=1620\" alt=\"Atelier Alpine Paris 2025 Car Lovers Octobre\" class=\"wp-image-1304224\" title=\"Atelier Alpine Paris : Alpine ouvre son tout premier concept store dans la capitale 6\"  data-\/><\/a>Atelier Alpine Paris : Alpine ouvre son tout premier concept store dans la capitale 18<a href=\"https:\/\/lesalpinistes.com\/wp-content\/uploads\/2025\/10\/Atelier-Alpine-Paris-2025-Car-Lovers-Octobre-5-scaled.jpg\" target=\"_blank\" rel=\"noopener\"><img loading=\"lazy\" data-lazyloaded=\"1\" decoding=\"async\" width=\"720\" height=\"1080\" data-id=\"1304226\" src=\"https:\/\/lesalpinistes.com\/images\/lesalpinistes.com\/2025\/10\/Atelier-Alpine-Paris-2025-Car-Lovers-Octobre-5.jpg\/w=720\" alt=\"Atelier Alpine Paris 2025 Car Lovers Octobre\" class=\"wp-image-1304226\" title=\"Atelier Alpine Paris : Alpine ouvre son tout premier concept store dans la capitale 7\"  data-\/><\/a>Atelier Alpine Paris : Alpine ouvre son tout premier concept store dans la capitale 19<a href=\"https:\/\/lesalpinistes.com\/wp-content\/uploads\/2025\/10\/Atelier-Alpine-Paris-2025-Car-Lovers-Octobre-6.jpg\" target=\"_blank\" rel=\"noopener\"><img loading=\"lazy\" data-lazyloaded=\"1\" decoding=\"async\" width=\"1620\" height=\"1080\" data-id=\"1304225\" src=\"https:\/\/lesalpinistes.com\/images\/lesalpinistes.com\/2025\/10\/Atelier-Alpine-Paris-2025-Car-Lovers-Octobre-6.jpg\/w=1620\" alt=\"Atelier Alpine Paris 2025 Car Lovers Octobre\" class=\"wp-image-1304225\" title=\"Atelier Alpine Paris : Alpine ouvre son tout premier concept store dans la capitale 8\"  data-\/><\/a>Atelier Alpine Paris : Alpine ouvre son tout premier concept store dans la capitale 20<a href=\"https:\/\/lesalpinistes.com\/wp-content\/uploads\/2025\/10\/Atelier-Alpine-Paris-2025-Car-Lovers-Octobre-7.jpg\" target=\"_blank\" rel=\"noopener\"><img loading=\"lazy\" data-lazyloaded=\"1\" decoding=\"async\" width=\"1529\" height=\"1080\" data-id=\"1304227\" src=\"https:\/\/lesalpinistes.com\/images\/lesalpinistes.com\/2025\/10\/Atelier-Alpine-Paris-2025-Car-Lovers-Octobre-7.jpg\/w=1529\" alt=\"Atelier Alpine Paris 2025 Car Lovers Octobre\" class=\"wp-image-1304227\" title=\"Atelier Alpine Paris : Alpine ouvre son tout premier concept store dans la capitale 9\"  data-\/><\/a>Atelier Alpine Paris : Alpine ouvre son tout premier concept store dans la capitale 21Informations pratiques<\/p>\n<p><strong>Adresse :<\/strong> 35 boulevard des Capucines, 75002 Paris<br \/><strong>Ouverture au public :<\/strong> 1er octobre 2025<br \/><strong>Inauguration officielle :<\/strong> 9 octobre 2025<\/p>\n<p><a href=\"https:\/\/lesalpinistes.com\/wp-content\/uploads\/2025\/10\/Atelier-Alpine-Paris-2025-Car-Lovers-Octobre-10.jpg\" target=\"_blank\" rel=\"noopener\"><img loading=\"lazy\" data-lazyloaded=\"1\" decoding=\"async\" width=\"1350\" height=\"1080\" data-id=\"1304231\" src=\"https:\/\/lesalpinistes.com\/images\/lesalpinistes.com\/2025\/10\/Atelier-Alpine-Paris-2025-Car-Lovers-Octobre-10.jpg\/w=1350\" alt=\"Atelier Alpine Paris 2025 Car Lovers Octobre\" class=\"wp-image-1304231\" title=\"Atelier Alpine Paris : Alpine ouvre son tout premier concept store dans la capitale 10\"  data-\/><\/a>Atelier Alpine Paris : Alpine ouvre son tout premier concept store dans la capitale 22<a href=\"https:\/\/lesalpinistes.com\/wp-content\/uploads\/2025\/10\/Atelier-Alpine-Paris-2025-Car-Lovers-Octobre-11-scaled.jpg\" target=\"_blank\" rel=\"noopener\"><img loading=\"lazy\" data-lazyloaded=\"1\" decoding=\"async\" width=\"720\" height=\"1080\" data-id=\"1304232\" src=\"https:\/\/lesalpinistes.com\/images\/lesalpinistes.com\/2025\/10\/Atelier-Alpine-Paris-2025-Car-Lovers-Octobre-11.jpg\/w=720\" alt=\"Atelier Alpine Paris 2025 Car Lovers Octobre\" class=\"wp-image-1304232\" title=\"Atelier Alpine Paris : Alpine ouvre son tout premier concept store dans la capitale 11\"  data-\/><\/a>Atelier Alpine Paris : Alpine ouvre son tout premier concept store dans la capitale 23<a href=\"https:\/\/lesalpinistes.com\/wp-content\/uploads\/2025\/10\/Atelier-Alpine-Paris-2025-Car-Lovers-Octobre-12.jpg\" target=\"_blank\" rel=\"noopener\"><img loading=\"lazy\" data-lazyloaded=\"1\" decoding=\"async\" width=\"1620\" height=\"1080\" data-id=\"1304230\" src=\"https:\/\/lesalpinistes.com\/images\/lesalpinistes.com\/2025\/10\/Atelier-Alpine-Paris-2025-Car-Lovers-Octobre-12.jpg\/w=1620\" alt=\"Atelier Alpine Paris 2025 Car Lovers Octobre\" class=\"wp-image-1304230\" title=\"Atelier Alpine Paris : Alpine ouvre son tout premier concept store dans la capitale 12\"  data-\/><\/a>Atelier Alpine Paris : Alpine ouvre son tout premier concept store dans la capitale 24<a href=\"https:\/\/lesalpinistes.com\/wp-content\/uploads\/2025\/10\/Atelier-Alpine-Paris-2025-Car-Lovers-Octobre-9.jpg\" target=\"_blank\" rel=\"noopener\"><img loading=\"lazy\" data-lazyloaded=\"1\" decoding=\"async\" width=\"1620\" height=\"1080\" data-id=\"1304228\" src=\"https:\/\/lesalpinistes.com\/images\/lesalpinistes.com\/2025\/10\/Atelier-Alpine-Paris-2025-Car-Lovers-Octobre-9.jpg\/w=1620\" alt=\"Atelier Alpine Paris 2025 Car Lovers Octobre\" class=\"wp-image-1304228\" title=\"Atelier Alpine Paris : Alpine ouvre son tout premier concept store dans la capitale 13\"  data-\/><\/a>Atelier Alpine Paris : Alpine ouvre son tout premier concept store dans la capitale 25<a href=\"https:\/\/lesalpinistes.com\/wp-content\/uploads\/2025\/10\/Atelier-Alpine-Paris-2025-Car-Lovers-Octobre-8.jpg\" target=\"_blank\" rel=\"noopener\"><img loading=\"lazy\" data-lazyloaded=\"1\" decoding=\"async\" width=\"1445\" height=\"1080\" data-id=\"1304229\" src=\"https:\/\/lesalpinistes.com\/images\/lesalpinistes.com\/2025\/10\/Atelier-Alpine-Paris-2025-Car-Lovers-Octobre-8.jpg\/w=1445\" alt=\"Atelier Alpine Paris 2025 Car Lovers Octobre\" class=\"wp-image-1304229\" title=\"Atelier Alpine Paris : Alpine ouvre son tout premier concept store dans la capitale 14\"  data-\/><\/a>Atelier Alpine Paris : Alpine ouvre son tout premier concept store dans la capitale 26Ils ont dit<\/p>\n<p><strong>Antonino Labate, Directeur des Ventes, du Marketing et de l\u2019Exp\u00e9rience Client Alpine<\/strong><\/p>\n<blockquote class=\"wp-block-quote is-layout-flow wp-block-quote-is-layout-flow\">\n<p>\u00ab Alpine est une marque de passionn\u00e9s de sports automobiles et d\u2019amoureux de belles m\u00e9caniques. Avec l\u2019Atelier Alpine, nous souhaitons faire vivre cette passion autrement et offrir une exp\u00e9rience de marque tourn\u00e9e vers la modernit\u00e9, ouverte \u00e0 toutes les g\u00e9n\u00e9rations. <\/p>\n<p>D\u00e9sormais, en plein c\u0153ur de Paris, vous pouvez aussi bien tester vos r\u00e9flexes au volant de l\u2019un de simulateurs de Formule 1, personnaliser votre future Alpine, ou simplement vivre l\u2019intensit\u00e9 d\u2019un Grand Prix entre amis et passionn\u00e9s dans un lieu r\u00e9solument tendance.\u00a0\u00bb<\/p>\n<\/blockquote>\n<p>Source : <a href=\"http:\/\/alpinecars.com\" target=\"_blank\" rel=\"noopener\">Alpine Cars<\/a><\/p>\n","protected":false},"excerpt":{"rendered":"Depuis le 1er octobre 2025, l\u2019Atelier Alpine Paris accueille le public au 35 boulevard des Capucines, dans le&hellip;\n","protected":false},"author":2,"featured_media":432344,"comment_status":"","ping_status":"","sticky":false,"template":"","format":"standard","meta":{"footnotes":""},"categories":[1412],"tags":[1451,1452,1453,1454,1455,1011,27,60],"class_list":{"0":"post-432343","1":"post","2":"type-post","3":"status-publish","4":"format-standard","5":"has-post-thumbnail","7":"category-f1","8":"tag-f1","9":"tag-formula-1","10":"tag-formula1","11":"tag-formule-1","12":"tag-formule1","13":"tag-fr","14":"tag-france","15":"tag-sports"},"share_on_mastodon":{"url":"https:\/\/pubeurope.com\/@fr\/115301655424931519","error":""},"_links":{"self":[{"href":"https:\/\/www.europesays.com\/fr\/wp-json\/wp\/v2\/posts\/432343","targetHints":{"allow":["GET"]}}],"collection":[{"href":"https:\/\/www.europesays.com\/fr\/wp-json\/wp\/v2\/posts"}],"about":[{"href":"https:\/\/www.europesays.com\/fr\/wp-json\/wp\/v2\/types\/post"}],"author":[{"embeddable":true,"href":"https:\/\/www.europesays.com\/fr\/wp-json\/wp\/v2\/users\/2"}],"replies":[{"embeddable":true,"href":"https:\/\/www.europesays.com\/fr\/wp-json\/wp\/v2\/comments?post=432343"}],"version-history":[{"count":0,"href":"https:\/\/www.europesays.com\/fr\/wp-json\/wp\/v2\/posts\/432343\/revisions"}],"wp:featuredmedia":[{"embeddable":true,"href":"https:\/\/www.europesays.com\/fr\/wp-json\/wp\/v2\/media\/432344"}],"wp:attachment":[{"href":"https:\/\/www.europesays.com\/fr\/wp-json\/wp\/v2\/media?parent=432343"}],"wp:term":[{"taxonomy":"category","embeddable":true,"href":"https:\/\/www.europesays.com\/fr\/wp-json\/wp\/v2\/categories?post=432343"},{"taxonomy":"post_tag","embeddable":true,"href":"https:\/\/www.europesays.com\/fr\/wp-json\/wp\/v2\/tags?post=432343"}],"curies":[{"name":"wp","href":"https:\/\/api.w.org\/{rel}","templated":true}]}}