{"id":432349,"date":"2025-10-02T00:08:14","date_gmt":"2025-10-02T00:08:14","guid":{"rendered":"https:\/\/www.europesays.com\/fr\/432349\/"},"modified":"2025-10-02T00:08:14","modified_gmt":"2025-10-02T00:08:14","slug":"jimmy-kimmel-etait-aux-toilettes-quand-il-a-appris-sa-suspension-par-abc","status":"publish","type":"post","link":"https:\/\/www.europesays.com\/fr\/432349\/","title":{"rendered":"Jimmy Kimmel \u00e9tait aux toilettes quand il a appris sa suspension par ABC"},"content":{"rendered":"<p>        <img decoding=\"async\" loading=\"lazy\" src=\"https:\/\/www.europesays.com\/fr\/wp-content\/uploads\/2025\/10\/d36444b_upload-1-umymhqumsgrw-capture-d-a-cran-2025-09-18-104922.png\"  width=\"728\" height=\"409\" alt=\"Jimmy Kimmel \u00e9tait aux toilettes quand il a appris sa suspension par ABC. (Photo d\u2019illustration)\"\/>  <\/p>\n<p>Capture Jimmy Kimmel ABC<\/p>\n<p>Jimmy Kimmel \u00e9tait aux toilettes quand il a appris sa suspension par ABC. (Photo d\u2019illustration)<\/p>\n<p class=\"asset asset-text\">\u00c9TATS-UNIS &#8211; Un petit coin d\u2019intimit\u00e9. Jimmy Kimmel, humoriste suspendu temporairement par la cha\u00eene ABC, a expliqu\u00e9 ce mardi 30\u00a0septembre \u00e0<a href=\"https:\/\/www.huffingtonpost.fr\/divertissement\/article\/stephen-colbert-de-retour-au-bureau-d-un-late-show-mais-c-est-malheureusement-une-fiction_253999.html\" target=\"_blank\" rel=\"noopener\" title=\"Nouvelle fen\u00eatre\"> Stephen Colbert <\/a>dans l\u2019\u00e9mission The Late Show qu\u2019il \u00e9tait sur les toilettes, lorsqu\u2019il a re\u00e7u l\u2019appel fatidique lui annon\u00e7ant qu\u2019il \u00e9tait<a href=\"https:\/\/www.huffingtonpost.fr\/medias\/video\/retour-de-jimmy-kimmel-ce-sketch-de-de-niro-en-nouveau-patron-de-la-censure-de-trump-est-parfait_255184.html\" target=\"_blank\" rel=\"noopener\" title=\"Nouvelle fen\u00eatre\"> priv\u00e9 d\u2019antenne<\/a>, rapportent plusieurs <a href=\"https:\/\/ew.com\/jimmy-kimmel-talks-suspension-on-the-late-show-with-stephen-colbert-11821997\" target=\"_blank\" rel=\"noopener\" title=\"Nouvelle fen\u00eatre\">m\u00e9dias de divertissement am\u00e9ricains<\/a>. L\u2019animateur de Jimmy Kimmel Live\u00a0! avait indign\u00e9 le camp trumpiste, en accusant la droite am\u00e9ricaine d\u2019exploiter politiquement le meurtre de l\u2019influenceur ultraconservateur <a href=\"https:\/\/www.huffingtonpost.fr\/international\/article\/apres-la-mort-de-charlie-kirk-ces-journalistes-americains-epingles-pour-leurs-propos_254720.html\" target=\"_blank\" rel=\"noopener\" title=\"Nouvelle fen\u00eatre\">Charlie Kirk.<\/a><\/p>\n<p class=\"asset asset-text\">L\u2019humoriste a aussi d\u00e9crit la journ\u00e9e de sa suspension et celles qui ont suivi comme \u00ab\u00a0des montagnes russes \u00e9motionnelles\u00a0\u00bb.<\/p>\n<p class=\"asset asset-text\">Jimmy Kimmel relate \u00e9galement son coup de fil avec les dirigeants d\u2019ABC, qui lui auraient dit\u00a0: \u00ab\u00a0\u00c9coutez, nous voulons calmer le jeu. Nous sommes inquiets de ce que vous allez dire ce soir. Et nous avons d\u00e9cid\u00e9 que la meilleure solution \u00e9tait de retirer l\u2019\u00e9mission de l\u2019antenne.\u00a0\u00bb Le pr\u00e9sentateur a donc \u00ab\u00a0remis [s]on pantalon\u00a0\u00bb avant de pr\u00e9venir les producteurs ex\u00e9cutifs de l\u2019\u00e9mission, dont sa femme Molly McNearney, qu\u2019il ne pourrait pas assurer son \u00e9mission.<\/p>\n<p>    D\u00e9bats houleux    <\/p>\n<p class=\"asset asset-text\">La suspension de Jimmy Kimmel avait provoqu\u00e9 des d\u00e9bats houleux sur les pressions de l\u2019administration Trump envers les m\u00e9dias. Apr\u00e8s une semaine d\u2019interruption, l\u2019animateur est revenu \u00e0 l\u2019antenne la semaine derni\u00e8re et a enregistr\u00e9 une explosion de ses chiffres d\u2019audience, avec 6,2\u00a0millions de t\u00e9l\u00e9spectateurs pour \u00e9mission retour. Donald Trump \u00ab\u00a0a fait de son mieux pour me faire annuler. Au lieu de cela, il a forc\u00e9 des millions de personnes \u00e0 regarder l\u2019\u00e9mission\u00a0\u00bb, avait ironis\u00e9 Jimmy Kimmel. \u00ab\u00a0Cela s\u2019est retourn\u00e9 contre lui de fa\u00e7on \u00e9norme.\u00a0\u00bb<\/p>\n<p class=\"asset asset-text\">\u00ab\u00a0Un gouvernement qui menace de faire taire un com\u00e9dien que le pr\u00e9sident n\u2019aime pas est anti-Am\u00e9ricain\u00a0\u00bb, avait encore d\u00e9nonc\u00e9 Jimmy Kimmel lors de son retour.<\/p>\n","protected":false},"excerpt":{"rendered":"Capture Jimmy Kimmel ABC Jimmy Kimmel \u00e9tait aux toilettes quand il a appris sa suspension par ABC. (Photo&hellip;\n","protected":false},"author":2,"featured_media":432350,"comment_status":"","ping_status":"","sticky":false,"template":"","format":"standard","meta":{"footnotes":""},"categories":[1359],"tags":[58,59,73,1011,27,14,39997,39993,973],"class_list":{"0":"post-432349","1":"post","2":"type-post","3":"status-publish","4":"format-standard","5":"has-post-thumbnail","7":"category-people","8":"tag-divertissement","9":"tag-entertainment","10":"tag-etats-unis","11":"tag-fr","12":"tag-france","13":"tag-international","14":"tag-jimmy-kimmel","15":"tag-late-show","16":"tag-people"},"share_on_mastodon":{"url":"https:\/\/pubeurope.com\/@fr\/115301666809049153","error":""},"_links":{"self":[{"href":"https:\/\/www.europesays.com\/fr\/wp-json\/wp\/v2\/posts\/432349","targetHints":{"allow":["GET"]}}],"collection":[{"href":"https:\/\/www.europesays.com\/fr\/wp-json\/wp\/v2\/posts"}],"about":[{"href":"https:\/\/www.europesays.com\/fr\/wp-json\/wp\/v2\/types\/post"}],"author":[{"embeddable":true,"href":"https:\/\/www.europesays.com\/fr\/wp-json\/wp\/v2\/users\/2"}],"replies":[{"embeddable":true,"href":"https:\/\/www.europesays.com\/fr\/wp-json\/wp\/v2\/comments?post=432349"}],"version-history":[{"count":0,"href":"https:\/\/www.europesays.com\/fr\/wp-json\/wp\/v2\/posts\/432349\/revisions"}],"wp:featuredmedia":[{"embeddable":true,"href":"https:\/\/www.europesays.com\/fr\/wp-json\/wp\/v2\/media\/432350"}],"wp:attachment":[{"href":"https:\/\/www.europesays.com\/fr\/wp-json\/wp\/v2\/media?parent=432349"}],"wp:term":[{"taxonomy":"category","embeddable":true,"href":"https:\/\/www.europesays.com\/fr\/wp-json\/wp\/v2\/categories?post=432349"},{"taxonomy":"post_tag","embeddable":true,"href":"https:\/\/www.europesays.com\/fr\/wp-json\/wp\/v2\/tags?post=432349"}],"curies":[{"name":"wp","href":"https:\/\/api.w.org\/{rel}","templated":true}]}}