{"id":432353,"date":"2025-10-02T00:10:14","date_gmt":"2025-10-02T00:10:14","guid":{"rendered":"https:\/\/www.europesays.com\/fr\/432353\/"},"modified":"2025-10-02T00:10:14","modified_gmt":"2025-10-02T00:10:14","slug":"le-livre-enquete-sur-herve-bazin-continue-de-faire-des-vagues-il-nest-plus-la-pour-se","status":"publish","type":"post","link":"https:\/\/www.europesays.com\/fr\/432353\/","title":{"rendered":"Le livre enqu\u00eate sur Herv\u00e9 Bazin continue de faire des vagues: \u00ab\u00a0Il n\u2019est plus l\u00e0 pour se"},"content":{"rendered":"<p> <a href=\"https:\/\/angers.maville.com\/actu\/actudet_--heureuse-de-retablir-folcoche-dans-sa-dignite-elle-revele-la-veritable-histoire-d-herve-bazin-_9-6999620_actu.Htm\" target=\"_blank\" rel=\"noopener\">Folcoche<\/a>  <a href=\"https:\/\/angers.maville.com\/actu\/actudet_--heureuse-de-retablir-folcoche-dans-sa-dignite-elle-revele-la-veritable-histoire-d-herve-bazin-_9-6999620_actu.Htm\" target=\"_blank\" rel=\"noopener\">, Le livre enqu\u00eate d\u2019\u00c9milie Lanez sur Herv\u00e9 Bazin<\/a> (1911-1996) continue de faire des vagues. L\u2019auteur angevin de Vip\u00e8re au poing, longuement pr\u00e9sident de l\u2019acad\u00e9mie Goncourt, y est pr\u00e9sent\u00e9 comme un mystificateur. Dans son best-seller, vendu \u00e0 cinq\u00a0millions d\u2019exemplaires, sa m\u00e8re surnomm\u00e9e Folcoche, y est d\u00e9crite comme un monstre. \u00c9milie Lanez veut la r\u00e9habiliter, accusant Herv\u00e9 Bazin de l\u2019avoir caricatur\u00e9e.<\/p>\n<p>Martine Duffos\u00e9-Taravel, elle, pr\u00e9f\u00e8re prendre la d\u00e9fense de l\u2019homme et de l\u2019auteur\u00a0: <strong>\u00ab\u00a0Je connais bien son \u0153uvre et il \u00e9tait devenu un ami.\u00a0\u00bb<\/strong> Avant de publier trois romans et des nouvelles, cette Angevine, docteure \u00e8s lettres, aujourd\u2019hui install\u00e9e \u00e0 Paris, avait fait para\u00eetre un essai, sur le m\u00eame th\u00e8me que sa th\u00e8se de doctorat\u00a0: Les Bazin et la province d\u2019Anjou.<\/p>\n<p>Lire aussi\u00a0: <a href=\"https:\/\/angers.maville.com\/info\/info-locale\/comment-herve-bazin-vivement-attaque-dans-un-livre-enquete-a-t-il-reecrit-son-histoire-0a46993c-9e1c-11f0-b8c9-cb434b3a2a4e\" target=\"_blank\" rel=\"noopener\">\u00ab\u00a0Herv\u00e9 Bazin a r\u00e9\u00e9crit son histoire\u00a0\u00bb<\/a><\/p>\n<p>\u00ab\u00a0Tout romancier force le trait\u00a0\u00bb<\/p>\n<p>Ce qu\u2019elle pense des r\u00e9v\u00e9lations sur la vie de l\u2019\u00e9crivain \u2013 ses s\u00e9jours en prison pour vols ou en h\u00f4pital psychiatrique, par exemple\u00a0? <strong>\u00ab\u00a0Entre vingt ans et quarante ans, sa vie n\u2019a pas \u00e9t\u00e9 brillante, on pourrait m\u00eame la qualifier de lamentable<\/strong>, tranche-t-elle. <strong>Mais \u00e0 quoi bon fixer la stature d\u2019un homme sur les \u00e9l\u00e9ments les moins int\u00e9ressants de sa vie\u00a0?\u00a0\u00bb<\/strong><\/p>\n<p>Martine Duffos\u00e9-Taravel est encore plus combative quant \u00e0 l\u2019\u00e9crivain\u00a0: <strong>\u00ab\u00a0Tout romancier force le trait pour b\u00e2tir une histoire qui ait du corps et de la force. Il a \u00e9crit ce livre avec le souvenir de son ressenti enfant, sans pr\u00e9tention d\u2019exactitude.\u00a0\u00bb<\/strong><\/p>\n<p>Par exemple, la sc\u00e8ne o\u00f9 sa m\u00e8re bascule d\u2019une barque pour tomber \u00e0 l\u2019eau, et qu\u2019il souhaite sa mort, <strong>\u00ab\u00a0Herv\u00e9 Bazin m\u2019a confi\u00e9 que cela n\u2019avait jamais exist\u00e9\u00a0\u00bb<\/strong>. Selon elle, Vip\u00e8re au poing n\u2019est pas <strong>\u00ab\u00a0une imposture, mais un roman autobiographique. Il a un point d\u2019ancrage dans la r\u00e9alit\u00e9, mais il d\u00e9borde de cette r\u00e9alit\u00e9\u00a0\u00bb<\/strong>.<\/p>\n<p>Martine Duffos\u00e9-Taravel regrette surtout que ce livre enqu\u00eate sorte aujourd\u2019hui, <strong>\u00ab\u00a0alors qu\u2019Herv\u00e9 Bazin n\u2019est plus l\u00e0 pour se d\u00e9fendre\u00a0\u00bb.<\/strong><\/p>\n<p>\u00a0<\/p>\n","protected":false},"excerpt":{"rendered":"Folcoche , Le livre enqu\u00eate d\u2019\u00c9milie Lanez sur Herv\u00e9 Bazin (1911-1996) continue de faire des vagues. L\u2019auteur angevin&hellip;\n","protected":false},"author":2,"featured_media":432354,"comment_status":"","ping_status":"","sticky":false,"template":"","format":"standard","meta":{"footnotes":""},"categories":[1357],"tags":[11,1438,56025,1379,33487,17954,58,1067,59,4560,1011,27,18128,2003,1380,35401],"class_list":{"0":"post-432353","1":"post","2":"type-post","3":"status-publish","4":"format-standard","5":"has-post-thumbnail","7":"category-livres","8":"tag-actualites","9":"tag-angers","10":"tag-bazin","11":"tag-books","12":"tag-continue","13":"tag-defendre","14":"tag-divertissement","15":"tag-enquete","16":"tag-entertainment","17":"tag-faire","18":"tag-fr","19":"tag-france","20":"tag-herve","21":"tag-livre","22":"tag-livres","23":"tag-vagues"},"share_on_mastodon":{"url":"https:\/\/pubeurope.com\/@fr\/115301674135072695","error":""},"_links":{"self":[{"href":"https:\/\/www.europesays.com\/fr\/wp-json\/wp\/v2\/posts\/432353","targetHints":{"allow":["GET"]}}],"collection":[{"href":"https:\/\/www.europesays.com\/fr\/wp-json\/wp\/v2\/posts"}],"about":[{"href":"https:\/\/www.europesays.com\/fr\/wp-json\/wp\/v2\/types\/post"}],"author":[{"embeddable":true,"href":"https:\/\/www.europesays.com\/fr\/wp-json\/wp\/v2\/users\/2"}],"replies":[{"embeddable":true,"href":"https:\/\/www.europesays.com\/fr\/wp-json\/wp\/v2\/comments?post=432353"}],"version-history":[{"count":0,"href":"https:\/\/www.europesays.com\/fr\/wp-json\/wp\/v2\/posts\/432353\/revisions"}],"wp:featuredmedia":[{"embeddable":true,"href":"https:\/\/www.europesays.com\/fr\/wp-json\/wp\/v2\/media\/432354"}],"wp:attachment":[{"href":"https:\/\/www.europesays.com\/fr\/wp-json\/wp\/v2\/media?parent=432353"}],"wp:term":[{"taxonomy":"category","embeddable":true,"href":"https:\/\/www.europesays.com\/fr\/wp-json\/wp\/v2\/categories?post=432353"},{"taxonomy":"post_tag","embeddable":true,"href":"https:\/\/www.europesays.com\/fr\/wp-json\/wp\/v2\/tags?post=432353"}],"curies":[{"name":"wp","href":"https:\/\/api.w.org\/{rel}","templated":true}]}}