{"id":432355,"date":"2025-10-02T00:11:11","date_gmt":"2025-10-02T00:11:11","guid":{"rendered":"https:\/\/www.europesays.com\/fr\/432355\/"},"modified":"2025-10-02T00:11:11","modified_gmt":"2025-10-02T00:11:11","slug":"emission-du-mercredi-1er-octobre-2025-en-replay-la-grande-librairie","status":"publish","type":"post","link":"https:\/\/www.europesays.com\/fr\/432355\/","title":{"rendered":"\u00c9mission du mercredi 1er octobre 2025 en replay &#8211; La grande librairie"},"content":{"rendered":"<p>Diffus\u00e9 le 01\/10\/2025 \u00e0 21h07 &#8211; Disponible jusqu&rsquo;au 30\/09\/2027<\/p>\n<p>Augustin Trapenard Augustin Trapenard re\u00e7oit Philibert Humm, pour \u00ab\u00a0Roman policier\u00a0\u00bb, publi\u00e9 aux Editions des Equateurs ; Philippe Delerm, pour \u00ab\u00a0Le suicide exalt\u00e9 de Charles Dickens\u00a0\u00bb, un r\u00e9cit des dix derni\u00e8res ann\u00e9es de la vie du grand \u00e9crivain britannique paru au Seuil ; Ad\u00e9la\u00efde de Clermont-Tonnerre, pour \u00ab\u00a0Je voulais vivre\u00a0\u00bb, un roman qui rend vie \u00e0 la Milady de Dumas \u00e9dit\u00e9 chez Grasset ; Riad Sattouf, pour son illustration du r\u00e9cit de Saint-Exup\u00e9ry, \u00ab\u00a0Terre des hommes\u00a0\u00bb, publi\u00e9 chez Gallimard ; Emilie Lanez, pour \u00ab\u00a0Folcoch\u00a0\u00bb, paru chez Grasset. L&rsquo;animateur a \u00e9galement rencontr\u00e9 Percival Everett, \u00e0 l&rsquo;occasion de la parution de \u00ab\u00a0James\u00a0\u00bb aux \u00e9ditions de l&rsquo;Olivier.<\/p>\n","protected":false},"excerpt":{"rendered":"Diffus\u00e9 le 01\/10\/2025 \u00e0 21h07 &#8211; Disponible jusqu&rsquo;au 30\/09\/2027 Augustin Trapenard Augustin Trapenard re\u00e7oit Philibert Humm, pour \u00ab\u00a0Roman&hellip;\n","protected":false},"author":2,"featured_media":432356,"comment_status":"","ping_status":"","sticky":false,"template":"","format":"standard","meta":{"footnotes":""},"categories":[1356],"tags":[58,59,1011,27,252,1364],"class_list":{"0":"post-432355","1":"post","2":"type-post","3":"status-publish","4":"format-standard","5":"has-post-thumbnail","7":"category-television","8":"tag-divertissement","9":"tag-entertainment","10":"tag-fr","11":"tag-france","12":"tag-television","13":"tag-tv"},"share_on_mastodon":{"url":"https:\/\/pubeurope.com\/@fr\/115301678015897210","error":""},"_links":{"self":[{"href":"https:\/\/www.europesays.com\/fr\/wp-json\/wp\/v2\/posts\/432355","targetHints":{"allow":["GET"]}}],"collection":[{"href":"https:\/\/www.europesays.com\/fr\/wp-json\/wp\/v2\/posts"}],"about":[{"href":"https:\/\/www.europesays.com\/fr\/wp-json\/wp\/v2\/types\/post"}],"author":[{"embeddable":true,"href":"https:\/\/www.europesays.com\/fr\/wp-json\/wp\/v2\/users\/2"}],"replies":[{"embeddable":true,"href":"https:\/\/www.europesays.com\/fr\/wp-json\/wp\/v2\/comments?post=432355"}],"version-history":[{"count":0,"href":"https:\/\/www.europesays.com\/fr\/wp-json\/wp\/v2\/posts\/432355\/revisions"}],"wp:featuredmedia":[{"embeddable":true,"href":"https:\/\/www.europesays.com\/fr\/wp-json\/wp\/v2\/media\/432356"}],"wp:attachment":[{"href":"https:\/\/www.europesays.com\/fr\/wp-json\/wp\/v2\/media?parent=432355"}],"wp:term":[{"taxonomy":"category","embeddable":true,"href":"https:\/\/www.europesays.com\/fr\/wp-json\/wp\/v2\/categories?post=432355"},{"taxonomy":"post_tag","embeddable":true,"href":"https:\/\/www.europesays.com\/fr\/wp-json\/wp\/v2\/tags?post=432355"}],"curies":[{"name":"wp","href":"https:\/\/api.w.org\/{rel}","templated":true}]}}