{"id":432365,"date":"2025-10-02T00:17:11","date_gmt":"2025-10-02T00:17:11","guid":{"rendered":"https:\/\/www.europesays.com\/fr\/432365\/"},"modified":"2025-10-02T00:17:11","modified_gmt":"2025-10-02T00:17:11","slug":"quotidien-tensions-en-direct-sur-le-plateau-jean-michel-aphatie-et-paul-gasnier-reglent-leurs-comptes","status":"publish","type":"post","link":"https:\/\/www.europesays.com\/fr\/432365\/","title":{"rendered":"Quotidien : tensions en direct sur le plateau, Jean-Michel Aphatie et Paul Gasnier r\u00e8glent leurs comptes"},"content":{"rendered":"<p>Nous pouvons officier dans la m\u00eame \u00e9mission, bien s\u2019entendre une majeure partie de l\u2019ann\u00e9e, mais <strong>avoir des d\u00e9saccords sur certains sujets<\/strong>. La preuve, avec \u00ab\u00a0l\u2019altercation\u00a0\u00bb entre Paul Gasnier et <a href=\"https:\/\/vsd.fr\/tag\/jean-michel-apathie\/\" rel=\"nofollow noopener\" target=\"_blank\">Jean-Michel Aphatie<\/a> ce mercredi 1er octobre 2025 dans <strong>Quotidien<\/strong>.<\/p>\n<p>En effet, le chroniqueur de <a href=\"https:\/\/www.public.fr\/tag\/yann-barthes\" rel=\"nofollow noopener\" target=\"_blank\">Yann Barth\u00e8s<\/a> pr\u00e9sentait son \u00e9dito consacr\u00e9 \u00e0 la justice fran\u00e7aise de plus en plus remise en cause, dont les d\u00e9cisions sont de plus en plus discut\u00e9es au fil des ann\u00e9es. La preuve, avec la r\u00e9cente condamnation de <a href=\"https:\/\/www.public.fr\/tag\/nicolas-sarkozy\" rel=\"nofollow noopener\" target=\"_blank\">Nicolas Sarkozy.<\/a><\/p>\n<p>La condamnation de Nicolas Sarkozy suscite le d\u00e9bat, m\u00eame sur Quotidien<\/p>\n<p>Le 25 septembre 2025, l\u2019ancien Chef de l\u2019\u00c9tat se faisait <a href=\"https:\/\/www.public.fr\/nicolas-sarkozy-condamne-a-5-ans-de-prison-voici-la-date-de-son-incarceration\" rel=\"nofollow noopener\" target=\"_blank\">condamner \u00e0 5 ans de prison<\/a> assortis d\u2019un mandat de d\u00e9p\u00f4t \u00e0 effet diff\u00e9r\u00e9 dans l\u2019affaire des soup\u00e7ons de financement libyen de la campagne pr\u00e9sidentielle de 2007.<\/p>\n<p>De plus, les magistrats ont d\u00e9cid\u00e9 une\u00a0<strong>ex\u00e9cution provisoire<\/strong>, signifiant que l\u2019ancien pr\u00e9sident ne pourra plus compter sur des d\u00e9lais de gr\u00e2ce ni sur l\u2019espoir d\u2019une suspension pure et simple. Il devrait \u00eatre incarc\u00e9r\u00e9, au plus t\u00f4t, le 13 octobre prochain.\u00a0<\/p>\n<p>Une d\u00e9cision vivement discut\u00e9e et critiqu\u00e9e par certains Fran\u00e7ais et notamment les personnalit\u00e9s politiques, de droite comme de gauche. Celles-ci pointant du doigt l\u2019ex\u00e9cution provisoire, estimant celle-ci injuste. C\u2019est pourquoi, ce mercredi 1er octobre 2025, <strong>Paul Gasnier a consacr\u00e9 son \u00e9dito \u00e0 \u00ab\u00a0la justice fran\u00e7aise \u2018en proc\u00e8s\u2019\u00a0\u00bb<\/strong>, sur <strong>Quotidien<\/strong>.<\/p>\n<p>Le chroniqueur de Yann Barth\u00e8s a longuement \u00e9voqu\u00e9 la situation de plus en plus inqui\u00e9tante pour la justice fran\u00e7aise, avant de d\u00e9voiler un sondage paru ce jour, indiquant que <strong>61% des Fran\u00e7ais consid\u00e8rent que cette r\u00e8gle d&rsquo;ex\u00e9cution provisoire est juste<\/strong>. Alors que 38% la trouvent injuste.\u00a0<\/p>\n<p>Jean-Michel Aphatie en d\u00e9saccord avec l&rsquo;\u00e9dito de Paul Gasnier<\/p>\n<p>\u00ab\u00a0Il y a donc une lueur d&rsquo;espoir dans la confiance qu&rsquo;on peut accorder \u00e0 la justice. Les Fran\u00e7ais sont plus tol\u00e9rants \u00e0 l&rsquo;\u00e9gard des magistrats que les politiques\u00a0\u00bb, a pr\u00e9cis\u00e9 le chroniqueur avant que Yann Barth\u00e8s ne rajoute : \u00ab\u00a0Ce qu&rsquo;il faut retenir, c&rsquo;est que <strong>les politiques en veulent aux juges et \u00e0 la presse<\/strong>. C&rsquo;est \u00e7a ? \u00c0 deux piliers de la d\u00e9mocratie, les juges et la presse\u00a0\u00bb.\u00a0<\/p>\n<p>Paul Gasnier a confirm\u00e9 les dires de l\u2019animateur avant que ce dernier ne passe la parole \u00e0 Jean-Michel Aphatie pour enchainer sur un autre sujet : \u00ab\u00a0Jean-Michel, Donald Trump s&rsquo;est exprim\u00e9 hier devant les principaux g\u00e9n\u00e9raux de l&rsquo;arm\u00e9e am\u00e9ricaine\u00a0\u00bb, a-t-il d\u00e9but\u00e9.<\/p>\n<p>N\u00e9anmoins, le journaliste qui a r\u00e9cemment fait para\u00eetre un livre sur Cyril Hanouna n\u2019a pas pu lancer son sujet \u00e0 cause d\u2019un ricanement. \u00ab\u00a0Qu\u2019est-ce qui se passe ?\u00a0\u00bb, lui a demand\u00e9 l\u2019animateur de Quotidien.<strong> \u00ab\u00a0Non, c&rsquo;est tr\u00e8s bien. C&rsquo;\u00e9tait un tr\u00e8s bel \u00e9dito\u00a0\u00bb<\/strong>, a alors r\u00e9torqu\u00e9 Jean-Michel Aphatie visiblement en d\u00e9saccord avec l\u2019\u00e9dito de son confr\u00e8re.\u00a0<\/p>\n<p>\u00ab\u00a0La conclusion, c\u2019est : \u2018Circulez, il n&rsquo;y a rien \u00e0 voir\u2019. Si vous pensez qu&rsquo;une d\u00e9cision de justice est critiquable, vous mettez votre mouchoir par-dessus et vous vous taisez\u00a0\u00bb, a-t-il l\u00e2ch\u00e9. Une d\u00e9claration qui a beaucoup \u00e9tonn\u00e9 Paul Gasnier :<strong> \u00ab\u00a0On peut critiquer une d\u00e9cision de justice\u00a0\u00bb<\/strong>, s\u2019est-il d\u00e9fendu. L\u2019occasion pour Jean-Michel Aphatie de rench\u00e9rir : \u00ab\u00a0C\u2019est autre chose que de d\u00e9molir une institution. Et dire que je n&rsquo;y adh\u00e8re pas est une litote. C&rsquo;est le d\u00e9bat. <strong>Je n&rsquo;adh\u00e8re pas \u00e0 ta conclusion<\/strong>\u00ab\u00a0.<\/p>\n<p>\u00ab\u00a0C\u2019est une institution qui est fondamentale, qui est d\u00e9nonc\u00e9e par des politiques de premier plan. \u00c7a n&#8217;emp\u00eache pas qu&rsquo;on peut \u00eatre en d\u00e9saccord avec une d\u00e9cision de justice. \u00c7a, c&rsquo;est un droit\u00a0\u00bb, a finalement conclu jeune chroniqueur, mettant fin au d\u00e9bat.\u00a0<\/p>\n<p>      Mentionn\u00e9s dans cet article<\/p>\n<p>      Sur le m\u00eame sujet<\/p>\n","protected":false},"excerpt":{"rendered":"Nous pouvons officier dans la m\u00eame \u00e9mission, bien s\u2019entendre une majeure partie de l\u2019ann\u00e9e, mais avoir des d\u00e9saccords&hellip;\n","protected":false},"author":2,"featured_media":432366,"comment_status":"","ping_status":"","sticky":false,"template":"","format":"standard","meta":{"footnotes":""},"categories":[8],"tags":[58,59,1011,27,45795,303,3091,1404,8648,1405],"class_list":{"0":"post-432365","1":"post","2":"type-post","3":"status-publish","4":"format-standard","5":"has-post-thumbnail","7":"category-divertissement","8":"tag-divertissement","9":"tag-entertainment","10":"tag-fr","11":"tag-france","12":"tag-jean-michel-aphatie","13":"tag-justice","14":"tag-nicolas-sarkozy","15":"tag-quotidien","16":"tag-tmc","17":"tag-yann-barthes"},"share_on_mastodon":{"url":"https:\/\/pubeurope.com\/@fr\/115301703643515462","error":""},"_links":{"self":[{"href":"https:\/\/www.europesays.com\/fr\/wp-json\/wp\/v2\/posts\/432365","targetHints":{"allow":["GET"]}}],"collection":[{"href":"https:\/\/www.europesays.com\/fr\/wp-json\/wp\/v2\/posts"}],"about":[{"href":"https:\/\/www.europesays.com\/fr\/wp-json\/wp\/v2\/types\/post"}],"author":[{"embeddable":true,"href":"https:\/\/www.europesays.com\/fr\/wp-json\/wp\/v2\/users\/2"}],"replies":[{"embeddable":true,"href":"https:\/\/www.europesays.com\/fr\/wp-json\/wp\/v2\/comments?post=432365"}],"version-history":[{"count":0,"href":"https:\/\/www.europesays.com\/fr\/wp-json\/wp\/v2\/posts\/432365\/revisions"}],"wp:featuredmedia":[{"embeddable":true,"href":"https:\/\/www.europesays.com\/fr\/wp-json\/wp\/v2\/media\/432366"}],"wp:attachment":[{"href":"https:\/\/www.europesays.com\/fr\/wp-json\/wp\/v2\/media?parent=432365"}],"wp:term":[{"taxonomy":"category","embeddable":true,"href":"https:\/\/www.europesays.com\/fr\/wp-json\/wp\/v2\/categories?post=432365"},{"taxonomy":"post_tag","embeddable":true,"href":"https:\/\/www.europesays.com\/fr\/wp-json\/wp\/v2\/tags?post=432365"}],"curies":[{"name":"wp","href":"https:\/\/api.w.org\/{rel}","templated":true}]}}