{"id":432368,"date":"2025-10-02T00:19:13","date_gmt":"2025-10-02T00:19:13","guid":{"rendered":"https:\/\/www.europesays.com\/fr\/432368\/"},"modified":"2025-10-02T00:19:13","modified_gmt":"2025-10-02T00:19:13","slug":"les-entreprises-francaises-inquietes-des-effets-des-droits-de-douane-imposes-par-trump","status":"publish","type":"post","link":"https:\/\/www.europesays.com\/fr\/432368\/","title":{"rendered":"les entreprises fran\u00e7aises inqui\u00e8tes des effets des droits de douane impos\u00e9s par Trump"},"content":{"rendered":"<p>                         <img loading=\"lazy\" decoding=\"async\" src=\"https:\/\/www.europesays.com\/fr\/wp-content\/uploads\/2025\/10\/68c416c_upload-1-6tzr3nen1r86-000-38f47cr.jpg\" alt=\"Sur la cha\u00eene de production de l\u2019usine du groupe Pochet, \u00e0 Hodeng-au-Bosc (Seine-Maritime), le 28\u00a0mars 2025.\"   width=\"664\" height=\"443\"\/>    Sur la cha\u00eene de production de l\u2019usine du groupe Pochet, \u00e0 Hodeng-au-Bosc (Seine-Maritime), le 28\u00a0mars 2025.  LOU BENOIST \/ AFP                 <\/p>\n<p class=\"article__paragraph  \">Depuis six mois, Alexandre Saubot ne cache pas son inqui\u00e9tude quand on l\u2019interroge \u00e0 propos des droits de douane commerciaux instaur\u00e9s par les Etats-Unis. \u00ab\u00a0On n\u2019est qu\u2019au tout d\u00e9but d\u2019un grand bouleversement mondial et il est encore trop t\u00f4t pour en anticiper toutes les cons\u00e9quences pour les entreprises fran\u00e7aises\u00a0\u00bb, explique, en cette fin septembre, le pr\u00e9sident de France Industrie, le lobby des entreprises industrielles dans l\u2019Hexagone, et directeur g\u00e9n\u00e9ral du groupe Haulotte, sp\u00e9cialis\u00e9 dans la fabrication de mat\u00e9riels d\u2019\u00e9l\u00e9vation (nacelles, chariots\u2026). Depuis le <a href=\"http:\/\/commerciale\" target=\"_blank\" rel=\"noopener nofollow\" title=\"Nouvelle fen\u00eatre\">\u00ab\u00a0jour de la lib\u00e9ration\u00a0\u00bb d\u00e9cr\u00e9t\u00e9 le 2\u00a0avril par le pr\u00e9sident am\u00e9ricain Donald Trump<\/a>, beaucoup d\u2019acteurs \u00e9conomiques avancent, comme M. Saubot, dans le brouillard.<\/p>\n<p class=\"article__paragraph  \">En un semestre, la\u00a0guerre des tarifs douaniers a plusieurs fois chang\u00e9 d\u2019intensit\u00e9, comme autant de soubresauts auxquels les entreprises doivent s\u2019adapter\u00a0: Donald Trump l\u2019a ouverte le 2\u00a0avril avec des droits de douane de 20\u00a0% pour les exportateurs fran\u00e7ais, diminu\u00e9s d\u00e8s le 9\u00a0avril \u00e0 10\u00a0% pour une dur\u00e9e de quatre-vingt-dix jours, pour \u00eatre finalement remont\u00e9s \u00e0 15\u00a0% en ao\u00fbt pour la plupart des produits (contre une menace de 30\u00a0% agit\u00e9e en juillet). L\u2019acier et l\u2019aluminium ont eu droit d\u00e8s le d\u00e9but \u00e0 un traitement \u00e0 part avec des taxes de + 50\u00a0%, tout comme le secteur automobile (+ 25\u00a0%).<\/p>\n<p class=\"reading-mode-only \"><strong>Il vous reste 77.53% de cet article \u00e0 lire. La suite est r\u00e9serv\u00e9e aux abonn\u00e9s.<\/strong><\/p>\n","protected":false},"excerpt":{"rendered":"Sur la cha\u00eene de production de l\u2019usine du groupe Pochet, \u00e0 Hodeng-au-Bosc (Seine-Maritime), le 28\u00a0mars 2025. LOU BENOIST&hellip;\n","protected":false},"author":2,"featured_media":432369,"comment_status":"","ping_status":"","sticky":false,"template":"","format":"standard","meta":{"footnotes":""},"categories":[6],"tags":[35,33,34,1011,27],"class_list":{"0":"post-432368","1":"post","2":"type-post","3":"status-publish","4":"format-standard","5":"has-post-thumbnail","7":"category-economie","8":"tag-business","9":"tag-economie","10":"tag-economy","11":"tag-fr","12":"tag-france"},"share_on_mastodon":{"url":"","error":""},"_links":{"self":[{"href":"https:\/\/www.europesays.com\/fr\/wp-json\/wp\/v2\/posts\/432368","targetHints":{"allow":["GET"]}}],"collection":[{"href":"https:\/\/www.europesays.com\/fr\/wp-json\/wp\/v2\/posts"}],"about":[{"href":"https:\/\/www.europesays.com\/fr\/wp-json\/wp\/v2\/types\/post"}],"author":[{"embeddable":true,"href":"https:\/\/www.europesays.com\/fr\/wp-json\/wp\/v2\/users\/2"}],"replies":[{"embeddable":true,"href":"https:\/\/www.europesays.com\/fr\/wp-json\/wp\/v2\/comments?post=432368"}],"version-history":[{"count":0,"href":"https:\/\/www.europesays.com\/fr\/wp-json\/wp\/v2\/posts\/432368\/revisions"}],"wp:featuredmedia":[{"embeddable":true,"href":"https:\/\/www.europesays.com\/fr\/wp-json\/wp\/v2\/media\/432369"}],"wp:attachment":[{"href":"https:\/\/www.europesays.com\/fr\/wp-json\/wp\/v2\/media?parent=432368"}],"wp:term":[{"taxonomy":"category","embeddable":true,"href":"https:\/\/www.europesays.com\/fr\/wp-json\/wp\/v2\/categories?post=432368"},{"taxonomy":"post_tag","embeddable":true,"href":"https:\/\/www.europesays.com\/fr\/wp-json\/wp\/v2\/tags?post=432368"}],"curies":[{"name":"wp","href":"https:\/\/api.w.org\/{rel}","templated":true}]}}