{"id":432370,"date":"2025-10-02T00:20:23","date_gmt":"2025-10-02T00:20:23","guid":{"rendered":"https:\/\/www.europesays.com\/fr\/432370\/"},"modified":"2025-10-02T00:20:23","modified_gmt":"2025-10-02T00:20:23","slug":"des-explosifs-retrouves-dans-le-sac-a-dos-du-suspect-decede","status":"publish","type":"post","link":"https:\/\/www.europesays.com\/fr\/432370\/","title":{"rendered":"des explosifs retrouv\u00e9s dans le sac \u00e0 dos du suspect d\u00e9c\u00e9d\u00e9"},"content":{"rendered":"<p>\u00ab\u00a0Des explosifs se trouvaient dans le sac \u00e0 dos\u00a0\u00bb d&rsquo;un Allemand d\u00e9c\u00e9d\u00e9, <a href=\"https:\/\/www.laprovence.com\/article\/france-monde\/1403339662607715\/la-fete-de-la-biere-de-munich-fermee-apres-un-incendie-suivi-dune-explosion\" target=\"_blank\" rel=\"noopener\">auteur pr\u00e9sum\u00e9 d&rsquo;un incendie \u00e0 Munich<\/a>, qui a entrain\u00e9 ce mercredi <a href=\"https:\/\/www.laprovence.com\/article\/faits-divers-justice\/5087525024962514\/incendie-et-explosion-dans-un-immeuble-residentiel-a-munich-en-allemagne-une-personne-retrouvee-morte\" target=\"_blank\" rel=\"noopener\">la <strong>fermeture provisoire de l&rsquo;Oktoberfest<\/strong>, la F\u00eate de la bi\u00e8re de la capitale bavaroise<\/a>, selon la police.<\/p>\n<p>\u00ab\u00a0Dans le cadre de l&rsquo;enqu\u00eate, une lettre \u00e9crite par le suspect a \u00e9t\u00e9 trouv\u00e9e \u00e0 proximit\u00e9 du lieu du crime. Elle contenait une menace non sp\u00e9cifique d&rsquo;attentat \u00e0 l&rsquo;explosif en r\u00e9f\u00e9rence \u00e0 l&rsquo;Oktoberfest\u00a0\u00bb, qui accueille chaque jour des centaines de milliers de personnes, a ajout\u00e9 la police dans un communiqu\u00e9.<\/p>\n<p>Au cours de ce que la police qualifie de \u00ab\u00a0conflit familial\u00a0\u00bb, ont \u00e9t\u00e9 bless\u00e9es la m\u00e8re et la fille du suspect, qui s&rsquo;est ensuite \u00ab\u00a0suicid\u00e9\u00a0\u00bb, selon les premiers \u00e9l\u00e9ments de l&rsquo;enqu\u00eate.<\/p>\n","protected":false},"excerpt":{"rendered":"\u00ab\u00a0Des explosifs se trouvaient dans le sac \u00e0 dos\u00a0\u00bb d&rsquo;un Allemand d\u00e9c\u00e9d\u00e9, auteur pr\u00e9sum\u00e9 d&rsquo;un incendie \u00e0 Munich,&hellip;\n","protected":false},"author":2,"featured_media":432371,"comment_status":"","ping_status":"","sticky":false,"template":"","format":"standard","meta":{"footnotes":""},"categories":[5],"tags":[17,11,7722,154,56026,4069,4768,1011,27,329,14,1897,12,10766,28],"class_list":{"0":"post-432370","1":"post","2":"type-post","3":"status-publish","4":"format-standard","5":"has-post-thumbnail","7":"category-international","8":"tag-17","9":"tag-actualites","10":"tag-biere","11":"tag-des","12":"tag-explosifs","13":"tag-fermee","14":"tag-fete","15":"tag-fr","16":"tag-france","17":"tag-france-monde","18":"tag-international","19":"tag-munich","20":"tag-news","21":"tag-retrouves","22":"tag-world"},"share_on_mastodon":{"url":"https:\/\/pubeurope.com\/@fr\/115301713540244671","error":""},"_links":{"self":[{"href":"https:\/\/www.europesays.com\/fr\/wp-json\/wp\/v2\/posts\/432370","targetHints":{"allow":["GET"]}}],"collection":[{"href":"https:\/\/www.europesays.com\/fr\/wp-json\/wp\/v2\/posts"}],"about":[{"href":"https:\/\/www.europesays.com\/fr\/wp-json\/wp\/v2\/types\/post"}],"author":[{"embeddable":true,"href":"https:\/\/www.europesays.com\/fr\/wp-json\/wp\/v2\/users\/2"}],"replies":[{"embeddable":true,"href":"https:\/\/www.europesays.com\/fr\/wp-json\/wp\/v2\/comments?post=432370"}],"version-history":[{"count":0,"href":"https:\/\/www.europesays.com\/fr\/wp-json\/wp\/v2\/posts\/432370\/revisions"}],"wp:featuredmedia":[{"embeddable":true,"href":"https:\/\/www.europesays.com\/fr\/wp-json\/wp\/v2\/media\/432371"}],"wp:attachment":[{"href":"https:\/\/www.europesays.com\/fr\/wp-json\/wp\/v2\/media?parent=432370"}],"wp:term":[{"taxonomy":"category","embeddable":true,"href":"https:\/\/www.europesays.com\/fr\/wp-json\/wp\/v2\/categories?post=432370"},{"taxonomy":"post_tag","embeddable":true,"href":"https:\/\/www.europesays.com\/fr\/wp-json\/wp\/v2\/tags?post=432370"}],"curies":[{"name":"wp","href":"https:\/\/api.w.org\/{rel}","templated":true}]}}