{"id":432372,"date":"2025-10-02T00:21:14","date_gmt":"2025-10-02T00:21:14","guid":{"rendered":"https:\/\/www.europesays.com\/fr\/432372\/"},"modified":"2025-10-02T00:21:14","modified_gmt":"2025-10-02T00:21:14","slug":"pres-de-9-personnes-sur-10-qui-ont-droit-a-lame-nen-beneficient-pas","status":"publish","type":"post","link":"https:\/\/www.europesays.com\/fr\/432372\/","title":{"rendered":"Pr\u00e8s de 9 personnes sur 10 qui ont droit \u00e0 l\u2019AME n\u2019en b\u00e9n\u00e9ficient pas"},"content":{"rendered":"<p>Alors que la <a href=\"https:\/\/www.20minutes.fr\/dossier\/securite_sociale\" target=\"_blank\" class=\"c-link c-link--is-underlined\" rel=\"noopener\">S\u00e9curit\u00e9 sociale<\/a> souffle ses 80 bougies cette ann\u00e9e, M\u00e9decins du Monde dresse un constat s\u00e9v\u00e8re\u00a0: l\u2019acc\u00e8s aux soins reste hors de port\u00e9e pour une grande partie des personnes en situation de pr\u00e9carit\u00e9. Dans son rapport 2025 de l\u2019Observatoire de l\u2019acc\u00e8s aux droits et aux soins, r\u00e9v\u00e9l\u00e9 par <a href=\"https:\/\/www.radiofrance.fr\/franceinter\/podcasts\/l-info-de-france-inter\/l-acces-aux-soins-toujours-difficile-pour-les-populations-les-plus-precaires-en-france-selon-medecins-du-monde-8643613\" rel=\"nofollow noopener\" target=\"_blank\" class=\"c-link c-link--is-underlined\">France Inter<\/a>, l\u2019<a href=\"https:\/\/www.20minutes.fr\/dossier\/ong\" target=\"_blank\" class=\"c-link c-link--is-underlined\" rel=\"noopener\">ONG<\/a> insiste sur l\u2019urgence d\u2019une r\u00e9forme en profondeur et r\u00e9clame une couverture sant\u00e9 r\u00e9ellement universelle.<\/p>\n<p>En\u00a02024, plus de 15.000 personnes ont pouss\u00e9 la porte des centres de sant\u00e9 de M\u00e9decins du Monde. La plupart sont \u00e9trang\u00e8res, et pr\u00e8s d\u2019un quart vit dans la rue ou dans des h\u00e9bergements d\u2019urgence. Les \u00e9quipes de l\u2019ONG observent que ces publics consultent souvent trop tard, d\u00e9j\u00e0 fragilis\u00e9s par des maladies chroniques\u00a0: six patients sur dix souffrent d\u2019au moins une <a href=\"https:\/\/www.20minutes.fr\/dossier\/maladie\" target=\"_blank\" class=\"c-link c-link--is-underlined\" rel=\"noopener\">pathologie<\/a> longue dur\u00e9e.<\/p>\n<\/p>\n<p>Des droits th\u00e9oriques rarement effectifs<\/p>\n<p>Le rapport r\u00e9v\u00e8le surtout l\u2019ampleur d\u2019un paradoxe\u00a0: la majorit\u00e9 de ces personnes pourraient pr\u00e9tendre \u00e0 une protection maladie, mais n\u2019en b\u00e9n\u00e9ficient pas. Pr\u00e8s de huit sur dix n\u2019ont jamais enclench\u00e9 de d\u00e9marches pour faire valoir leurs droits. L\u2019exemple de l\u2019<a href=\"https:\/\/www.20minutes.fr\/societe\/aide-medicale-etat\/\" target=\"_blank\" class=\"c-link c-link--is-underlined\" rel=\"noopener\">Aide m\u00e9dicale d\u2019Etat (AME)<\/a> illustre ce d\u00e9calage\u00a0: bien que son co\u00fbt reste marginal dans le budget de la sant\u00e9 (0,35\u00a0%), 89\u00a0% des b\u00e9n\u00e9ficiaires potentiels n\u2019y ont pas acc\u00e8s et demeurent sans soins.<\/p>\n<p><a href=\"https:\/\/www.20minutes.fr\/sante\/\" target=\"_blank\" class=\"c-link c-btn c-btn--primary\" rel=\"noopener\">Notre dossier Sant\u00e9<\/a><\/p>\n<p>Pour M\u00e9decins du Monde, cette situation est le produit d\u2019une architecture administrative trop complexe, \u00e9clat\u00e9e entre diff\u00e9rents dispositifs (PUMa, C2S, AME). L\u2019association plaide pour la cr\u00e9ation d\u2019un r\u00e9gime unique, financ\u00e9 \u00e0 100\u00a0% par l\u2019Assurance maladie, qui supprimerait les barri\u00e8res actuelles et garantirait une prise en charge sans conditions aux plus fragiles.<\/p>\n","protected":false},"excerpt":{"rendered":"Alors que la S\u00e9curit\u00e9 sociale souffle ses 80 bougies cette ann\u00e9e, M\u00e9decins du Monde dresse un constat s\u00e9v\u00e8re\u00a0:&hellip;\n","protected":false},"author":2,"featured_media":432373,"comment_status":"","ping_status":"","sticky":false,"template":"","format":"standard","meta":{"footnotes":""},"categories":[4],"tags":[47,11,56027,18087,1011,27,226,12,11356,25,71,731,104],"class_list":{"0":"post-432372","1":"post","2":"type-post","3":"status-publish","4":"format-standard","5":"has-post-thumbnail","7":"category-france","8":"tag-actualite","9":"tag-actualites","10":"tag-aide-medicale-de-letat-ame","11":"tag-etranger","12":"tag-fr","13":"tag-france","14":"tag-maladie","15":"tag-news","16":"tag-ong","17":"tag-republique-francaise","18":"tag-sante","19":"tag-securite-sociale","20":"tag-societe"},"share_on_mastodon":{"url":"https:\/\/pubeurope.com\/@fr\/115301717424714310","error":""},"_links":{"self":[{"href":"https:\/\/www.europesays.com\/fr\/wp-json\/wp\/v2\/posts\/432372","targetHints":{"allow":["GET"]}}],"collection":[{"href":"https:\/\/www.europesays.com\/fr\/wp-json\/wp\/v2\/posts"}],"about":[{"href":"https:\/\/www.europesays.com\/fr\/wp-json\/wp\/v2\/types\/post"}],"author":[{"embeddable":true,"href":"https:\/\/www.europesays.com\/fr\/wp-json\/wp\/v2\/users\/2"}],"replies":[{"embeddable":true,"href":"https:\/\/www.europesays.com\/fr\/wp-json\/wp\/v2\/comments?post=432372"}],"version-history":[{"count":0,"href":"https:\/\/www.europesays.com\/fr\/wp-json\/wp\/v2\/posts\/432372\/revisions"}],"wp:featuredmedia":[{"embeddable":true,"href":"https:\/\/www.europesays.com\/fr\/wp-json\/wp\/v2\/media\/432373"}],"wp:attachment":[{"href":"https:\/\/www.europesays.com\/fr\/wp-json\/wp\/v2\/media?parent=432372"}],"wp:term":[{"taxonomy":"category","embeddable":true,"href":"https:\/\/www.europesays.com\/fr\/wp-json\/wp\/v2\/categories?post=432372"},{"taxonomy":"post_tag","embeddable":true,"href":"https:\/\/www.europesays.com\/fr\/wp-json\/wp\/v2\/tags?post=432372"}],"curies":[{"name":"wp","href":"https:\/\/api.w.org\/{rel}","templated":true}]}}