{"id":432391,"date":"2025-10-02T00:33:15","date_gmt":"2025-10-02T00:33:15","guid":{"rendered":"https:\/\/www.europesays.com\/fr\/432391\/"},"modified":"2025-10-02T00:33:15","modified_gmt":"2025-10-02T00:33:15","slug":"carte-greve-du-2-octobre-a-quoi-faut-il-sattendre-dans-leure-et-en-seine-maritime","status":"publish","type":"post","link":"https:\/\/www.europesays.com\/fr\/432391\/","title":{"rendered":"CARTE. Gr\u00e8ve du 2 octobre\u00a0: \u00e0 quoi faut-il s&rsquo;attendre dans l&rsquo;Eure et en Seine-Maritime\u00a0?"},"content":{"rendered":"<p>De nombreuses manifestations sont pr\u00e9vues en France pour la journ\u00e9e de mobilisation sociale du jeudi 2 octobre 2025. Plus de 230 manifestations selon la CGT. Sept sont pr\u00e9vues en Seine-Maritime et deux dans l&rsquo;Eure.<\/p>\n<p>L&rsquo;intersyndicale\u00a0(CFDT, CGT, FO, CGC, CFTC, Solidaires, FSU, UNSA) appelle \u00e0 une nouvelle journ\u00e9e de manifestations jeudi 2 octobre 2025, pour maintenir la pression sur le Premier ministre S\u00e9bastien Lecornu,\u00a0<a class=\"IciLink ici-link IciArticleLink g-ici-body-regular-1 underline brand svelte-lu7k6w\" href=\"https:\/\/www.francebleu.fr\/infos\/economie-social\/apres-une-mobilisation-reussie-les-syndicats-se-reunissent-ce-vendredi-pour-decider-des-suites-du-mouvement-7998325\" rel=\"nofollow noopener\" target=\"_blank\">qui a refus\u00e9 de suspendre la r\u00e9forme des retraites<\/a>, mais s&rsquo;est dit \u00ab\u00a0ouvert\u00a0\u00bb sur la justice fiscale. Neuf rassemblements sont pr\u00e9vus dans l&rsquo;Eure et la Seine-Maritime.<\/p>\n<p>Des manifestations en Seine-Maritime<\/p>\n<p>Plusieurs rassemblements seront organis\u00e9s en Seine-Maritime. Sept au total selon la CGT. \u00c0 Rouen, le cort\u00e8ge partira \u00e0 10 heures, du cours Clemenceau. M\u00eame horaire au Havre, o\u00f9 le rassemblement se fera devant le cercle Franklin (la maison des syndicats). La CGT appelle \u00e0 un rassemblement \u00e0 Harfleur, sur la place d&rsquo;Armes, d\u00e8s 6 heures, jeudi matin. \u00c0 Dieppe, le cort\u00e8ge partira \u00e0 10h30, de la gare de Dieppe.<\/p>\n<p>L&rsquo;apr\u00e8s-midi, d&rsquo;autres manifestations sont pr\u00e9vues. Rendez-vous \u00e0 14h30, devant la mairie de Lillebonne. M\u00eame heure devant l&rsquo;Espace Henri-Dunant de F\u00e9camp. A Eu, d\u00e9part \u00e9galement \u00e0 14h30, depuis le lyc\u00e9e Anguier.<\/p>\n<p>Et aussi dans l&rsquo;Eure<\/p>\n<p>Dans l&rsquo;Eure, la principale manifestation partira \u00e0 10 heures, du Pr\u00e9 du Bel-Ebat. Une autre manifestation est pr\u00e9vue \u00e0 Pont-Audemer. Les manifestants sont appel\u00e9s \u00e0 se r\u00e9unir place du G\u00e9n\u00e9ral-de-Gaulle pour 10 heures.<\/p>\n<p>Lors de la premi\u00e8re journ\u00e9e de mobilisation, jeudi 18 septembre, la pr\u00e9fecture de Seine-Maritime avait recens\u00e9 11.500 manifestants. De son c\u00f4t\u00e9, l&rsquo;intersyndicale avait comptabilis\u00e9 quelque 20 000 manifestants pour les seules villes de Rouen et Le Havre.\u00a0Mais aussi\u00a0<strong>2.500 personnes \u00e0 Evreux<\/strong>\u00a0selon la CGT. \u00c0 Pont-Audemer, il y avait 400 manifestants selon la gendarmerie, 450 personnes selon Force Ouvri\u00e8re et 250 selon la CGT.<\/p>\n<p>\u00c0 lire aussi   <img decoding=\"async\" src=\"https:\/\/www.europesays.com\/fr\/wp-content\/uploads\/2025\/10\/1759365195_5_560x315\" alt=\"Plus de 6.000 manifestants dans les rues de Rouen selon la pr\u00e9fecture de la Seine-Maritime.\" style=\"--_image-preview:url('data:image\/jpeg;base64,\/9j\/2wBDACgcHiMeGSgjISMtKygwPGRBPDc3PHtYXUlkkYCZlo+AjIqgtObDoKrarYqMyP\/L2u71\/\/\/\/m8H\/\/\/\/6\/+b9\/\/j\/2wBDASstLTw1PHZBQXb4pYyl+Pj4+Pj4+Pj4+Pj4+Pj4+Pj4+Pj4+Pj4+Pj4+Pj4+Pj4+Pj4+Pj4+Pj4+Pj4+Pj4+Pj\/wAARCAAXACoDASIAAhEBAxEB\/8QAGAABAQEBAQAAAAAAAAAAAAAAAAIDAQT\/xAAYEAEBAQEBAAAAAAAAAAAAAAAAAQIREv\/EABUBAQEAAAAAAAAAAAAAAAAAAAAB\/8QAFBEBAAAAAAAAAAAAAAAAAAAAAP\/aAAwDAQACEQMRAD8A1mlzTyza5tBvdIumfty6UVadZ+j0KwmlTQCK9HQUOnQB\/9k=');\" loading=\"lazy\" fetchpriority=\"low\" aria-hidden=\"true\" class=\"svelte-1pnmlwx rounded\" onload=\"this.__e=event\" onerror=\"this.__e=event\"\/><\/p>\n<p>Malgr\u00e9 le calme salu\u00e9 par tous de la derni\u00e8re mobilisation, le 18 septembre, la pr\u00e9fecture de la Seine-Maritime a pris un arr\u00eat\u00e9 pour \u00e9viter tout troubles \u00e0 l&rsquo;ordre public. Le transport de couteau, boules de p\u00e9tanques, feu d&rsquo;artifices, essence, alcool \u00e0 bruler ou tout autre substance ou objet pouvant servir d&rsquo;armes sera interdit entre 6 heures et 16 heures.<\/p>\n<p> Gr\u00e8ve limit\u00e9e dans les transports<\/p>\n<p>Le trafic des trains ne sera pas impact\u00e9 dans les lignes de l&rsquo;ancienne Haute-Normandie, indique la SNCF. Idem pour les bus et tram de la M\u00e9tropole rouennaise, indique le r\u00e9seau Astuce. \u00c0 \u00c9vreux le Transurbain pr\u00e9voit des perturbations et ferme la ligne T9 entre 10 heures et midi, car elle se trouve sur le trajet de la manifestation. Au Havre, Lia indique que les trams fonctionneront \u00e0 fr\u00e9quence r\u00e9duite, il n&rsquo;y aura pas d&rsquo;incidence sur les bus.<\/p>\n<p>Enfin, le d\u00e9partement de la Seine-Maritime pr\u00e9vient que le trafic des bacs de Seine pourrait \u00eatre perturb\u00e9.<\/p>\n","protected":false},"excerpt":{"rendered":"De nombreuses manifestations sont pr\u00e9vues en France pour la journ\u00e9e de mobilisation sociale du jeudi 2 octobre 2025.&hellip;\n","protected":false},"author":2,"featured_media":432392,"comment_status":"","ping_status":"","sticky":false,"template":"","format":"standard","meta":{"footnotes":""},"categories":[9587],"tags":[1111,11,1777,674,1011,27,12,5161,25,9590],"class_list":{"0":"post-432391","1":"post","2":"type-post","3":"status-publish","4":"format-standard","5":"has-post-thumbnail","7":"category-rouen","8":"tag-actu","9":"tag-actualites","10":"tag-eu","11":"tag-europe","12":"tag-fr","13":"tag-france","14":"tag-news","15":"tag-normandie","16":"tag-republique-francaise","17":"tag-rouen"},"share_on_mastodon":{"url":"https:\/\/pubeurope.com\/@fr\/115301765046440178","error":""},"_links":{"self":[{"href":"https:\/\/www.europesays.com\/fr\/wp-json\/wp\/v2\/posts\/432391","targetHints":{"allow":["GET"]}}],"collection":[{"href":"https:\/\/www.europesays.com\/fr\/wp-json\/wp\/v2\/posts"}],"about":[{"href":"https:\/\/www.europesays.com\/fr\/wp-json\/wp\/v2\/types\/post"}],"author":[{"embeddable":true,"href":"https:\/\/www.europesays.com\/fr\/wp-json\/wp\/v2\/users\/2"}],"replies":[{"embeddable":true,"href":"https:\/\/www.europesays.com\/fr\/wp-json\/wp\/v2\/comments?post=432391"}],"version-history":[{"count":0,"href":"https:\/\/www.europesays.com\/fr\/wp-json\/wp\/v2\/posts\/432391\/revisions"}],"wp:featuredmedia":[{"embeddable":true,"href":"https:\/\/www.europesays.com\/fr\/wp-json\/wp\/v2\/media\/432392"}],"wp:attachment":[{"href":"https:\/\/www.europesays.com\/fr\/wp-json\/wp\/v2\/media?parent=432391"}],"wp:term":[{"taxonomy":"category","embeddable":true,"href":"https:\/\/www.europesays.com\/fr\/wp-json\/wp\/v2\/categories?post=432391"},{"taxonomy":"post_tag","embeddable":true,"href":"https:\/\/www.europesays.com\/fr\/wp-json\/wp\/v2\/tags?post=432391"}],"curies":[{"name":"wp","href":"https:\/\/api.w.org\/{rel}","templated":true}]}}