{"id":432393,"date":"2025-10-02T00:34:16","date_gmt":"2025-10-02T00:34:16","guid":{"rendered":"https:\/\/www.europesays.com\/fr\/432393\/"},"modified":"2025-10-02T00:34:16","modified_gmt":"2025-10-02T00:34:16","slug":"a-quoi-sattendre-pour-le-2-octobre","status":"publish","type":"post","link":"https:\/\/www.europesays.com\/fr\/432393\/","title":{"rendered":"\u00e0 quoi s&rsquo;attendre pour le 2 octobre"},"content":{"rendered":"<p>            Par<br \/>\n        <strong><br \/>\n            <a href=\"https:\/\/actu.fr\/auteur\/lisa-rodrigues\" title=\"Consulter tous les articles de Lisa Rodrigues\" target=\"_blank\" rel=\"noopener\">Lisa Rodrigues<\/a><br \/>\n        <\/strong><\/p>\n<p>        Publi\u00e9 le<\/p>\n<p>            1 oct. 2025 \u00e0 9h25        <\/p>\n<p>Nouvelle journ\u00e9e de mobilisation sociale et de gr\u00e8ve contre les mesures d\u2019aust\u00e9rit\u00e9 budg\u00e9taire voulues par le gouvernement <strong>jeudi 2 octobre<\/strong>, \u00e0 l\u2019appel de l\u2019intersyndicale. \u00c0 <a href=\"https:\/\/actu.fr\/auvergne-rhone-alpes\/grenoble_38185\" target=\"_blank\" rel=\"noopener\">Grenoble<\/a> et en Is\u00e8re, comme pour les 10 et 18 septembre, les syndicats se pr\u00e9parent.<\/p>\n<p class=\" wall-content\">Voici les <strong>actions et perturbations<\/strong> pr\u00e9vues dans la capitale des Alpes.<\/p>\n<p>Grande manifestation \u00e0 14 heures<\/p>\n<p class=\" wall-content\">D\u2019abord, du c\u00f4t\u00e9 de la mobilisation syndicale. Le rendez-vous de la manifestation est fix\u00e9, <a href=\"https:\/\/actu.fr\/auvergne-rhone-alpes\/grenoble_38185\/greve-du-18-septembre-a-grenoble-15-000-manifestants-dans-les-rues-j-en-ai-marre-d-avoir-peur_63181122.html\" target=\"_blank\" rel=\"noopener\">comme pour le 18 septembre<\/a>, \u00e0 l\u2019angle de l\u2019avenue Alsace-Lorraine et du cours Jean-Jaur\u00e8s <strong>\u00e0 14 heures<\/strong>.<\/p>\n<p class=\" wall-content\">L\u2019appel \u00e0 manifester est coupl\u00e9 \u00e0 un <strong>appel \u00e0 la gr\u00e8ve<\/strong>, qui pourrait \u00eatre suivi dans certains secteurs, notamment l\u2019\u00c9ducation nationale. Pour information, lors de la derni\u00e8re mobilisation, l\u2019acad\u00e9mie de Grenoble a comptabilis\u00e9 18,06 % de gr\u00e9vistes (13,69 % dans le 1er degr\u00e9 et 21,26 % dans le 2nd degr\u00e9).<\/p>\n<p class=\" wall-content\">Plusieurs villes de l\u2019agglom\u00e9ration, comme Sassenage, Saint-Martin-d\u2019H\u00e8res ou <a href=\"https:\/\/actu.fr\/auvergne-rhone-alpes\/echirolles_38151\" target=\"_blank\" rel=\"noopener\">\u00c9chirolles<\/a>, ont aussi annonc\u00e9 des <strong>perturbations dans le p\u00e9riscolaire<\/strong> avec des services de cantine ou de garderie non assur\u00e9s jeudi.<\/p>\n<p>    <a href=\"https:\/\/www.facebook.com\/plugins\/post.php?href=https%3A%2F%2Fwww.facebook.com%2FVilledEchirolles%2Fposts%2Fpfbid02g89kvvcsBstnW9cZ9RQwxfLncj4owV9rH9STj5Rig5ckY1xKKFsUJirEbLB7N5j4l&amp;show_text=true&amp;width=350\" title=\"Ouvrie le lien\" target=\"_blank\" rel=\"noopener\">Cliquez ici pour visualiser le contenu<\/a><\/p>\n<p>Dans les transports<\/p>\n<p class=\" wall-content\">Des <strong>perturbations temporaires de transports en commun<\/strong> seront possibles en centre-ville, le temps de laisser passer le cort\u00e8ge de l\u2019intersydicale.<\/p>\n<p>Votre r\u00e9gion, votre actu !<\/p>\n<p>Recevez chaque jour les infos qui comptent pour vous.<\/p>\n<p>\t<a href=\"https:\/\/actu.fr\/newsletter\" class=\"ac-btn ac-btn--corner ac-btn--medium ac-btn--blue800\" target=\"_blank\" rel=\"noopener\">S&rsquo;incrire<\/a><\/p>\n<p class=\" wall-content\">Pour le reste de la journ\u00e9e, M\u2019R\u00e9so annonce un <strong>impact limit\u00e9<\/strong> du mouvement de gr\u00e8ve sur le r\u00e9seau de transports en commun : toutes les lignes circuleront, malgr\u00e9 quelques ajustements et modifications de fr\u00e9quence.<\/p>\n<p class=\" wall-content\">Ce sera notamment le cas pour la <strong>ligne de tram D<\/strong> : une rame arrivera toutes les 15 minutes, et la circulation ne sera assur\u00e9e qu\u2019entre les arr\u00eats \u00ab\u00a0\u00c9tienne-Grappe\u00a0\u00bb et \u00ab\u00a0Universit\u00e9-Les Taill\u00e9es\u00a0\u00bb.<\/p>\n<p>Le mouvement \u00ab\u00a0Bloquons tout\u00a0\u00bb toujours mobilis\u00e9<\/p>\n<p class=\" wall-content\">Les militants grenoblois du <a href=\"https:\/\/actu.fr\/auvergne-rhone-alpes\/grenoble_38185\/bloquons-tout-le-10-septembre-a-grenoble-et-en-isere-les-perturbations-en-cours_63142240.html\" target=\"_blank\" rel=\"noopener\">mouvement \u00ab\u00a0Bloquons tout\u00a0\u00bb<\/a> seront aussi de la partie. D\u00e8s le d\u00e9but de journ\u00e9e, ils appellent \u00e0 des <strong>op\u00e9rations de tractage<\/strong> dans l\u2019agglom\u00e9ration grenobloise, avant de rejoindre la manifestation de l\u2019intersyndicale.<\/p>\n<p class=\" wall-content\">Ceux qui le veulent sont ensuite invit\u00e9s \u00e0 rejoindre l\u2019assembl\u00e9e g\u00e9n\u00e9rale du mouvement \u00e0 l\u2019anneau de vitesse \u00e0 17 heures, avant une \u00ab\u00a0soir\u00e9e festive \u00e0 La Bobine occup\u00e9e\u00a0\u00bb dans le parc Paul-Mistral.<\/p>\n<p>D\u2019autres actions en Is\u00e8re<\/p>\n<p class=\" wall-content\">Ailleurs en <a href=\"https:\/\/actu.fr\/auvergne-rhone-alpes\/isere_38\" target=\"_blank\" rel=\"noopener\">Is\u00e8re<\/a>, plusieurs actions sont \u00e9galement annonc\u00e9es.<\/p>\n<p>    <a href=\"https:\/\/www.facebook.com\/plugins\/post.php?href=https%3A%2F%2Fwww.facebook.com%2FCGT38%2Fposts%2Fpfbid025dCoBeN9bp9mmdDTVKEc2DaihFufiGwGcwYbtHB7syvsZ37YSv1zAHvHwqosLsvtl&amp;show_text=true&amp;width=350\" title=\"Ouvrie le lien\" target=\"_blank\" rel=\"noopener\">Cliquez ici pour visualiser le contenu<\/a><\/p>\n<p class=\" wall-content\">Un rassemblement est pr\u00e9vu \u00e0 <a href=\"https:\/\/actu.fr\/auvergne-rhone-alpes\/bourgoin-jallieu_38053\" target=\"_blank\" rel=\"noopener\">Bourgoin-Jallieu<\/a> \u00e0 partir de 10 heures sur la place de la R\u00e9publique, devant le monument pour la paix. \u00c0 Vienne, le rendez-vous est donn\u00e9 \u00e0 9 heures \u00e0 la gare routi\u00e8re. \u00c0 Roussillon, un rassemblement est pr\u00e9vu \u00e0 partir de 9h30 sur la place du ch\u00e2teau.<\/p>\n<p class=\" wall-content\">Plus proche de Grenoble, c\u2019est sur la place Jacques-Antoine Gau que les militants et syndicats de <a href=\"https:\/\/actu.fr\/auvergne-rhone-alpes\/voiron_38563\" target=\"_blank\" rel=\"noopener\">Voiron<\/a> appellent \u00e0 se r\u00e9unir \u00e0 16h30.<\/p>\n<p class=\" wall-content\">Personnalisez votre actualit\u00e9 en ajoutant vos villes et m\u00e9dias en favori avec <a href=\"https:\/\/moncompte.actu.fr\" title=\"D\u00e9couvez Mon Actu\" rel=\"nofollow noopener\" data-trk=\"{&quot;cta&quot;:{&quot;action&quot;:&quot;https:\\\/\\\/moncompte.actu.fr&quot;,&quot;category&quot;:&quot;mon compte&quot;,&quot;from&quot;:&quot;article footer&quot;,&quot;name&quot;:&quot;Mon actu&quot;,&quot;type&quot;:&quot;cta&quot;}}\" target=\"_blank\">Mon Actu<\/a>.<\/p>\n","protected":false},"excerpt":{"rendered":"Par Lisa Rodrigues Publi\u00e9 le 1 oct. 2025 \u00e0 9h25 Nouvelle journ\u00e9e de mobilisation sociale et de gr\u00e8ve&hellip;\n","protected":false},"author":2,"featured_media":432394,"comment_status":"","ping_status":"","sticky":false,"template":"","format":"standard","meta":{"footnotes":""},"categories":[9566],"tags":[1111,11,2430,1777,674,1011,27,2731,54872,1272,12,25,104,3427],"class_list":{"0":"post-432393","1":"post","2":"type-post","3":"status-publish","4":"format-standard","5":"has-post-thumbnail","7":"category-grenoble","8":"tag-actu","9":"tag-actualites","10":"tag-auvergne-rhone-alpes","11":"tag-eu","12":"tag-europe","13":"tag-fr","14":"tag-france","15":"tag-grenoble","16":"tag-greve-du-2-octobre-2025","17":"tag-manifestations","18":"tag-news","19":"tag-republique-francaise","20":"tag-societe","21":"tag-syndicats"},"share_on_mastodon":{"url":"https:\/\/pubeurope.com\/@fr\/115301769115558798","error":""},"_links":{"self":[{"href":"https:\/\/www.europesays.com\/fr\/wp-json\/wp\/v2\/posts\/432393","targetHints":{"allow":["GET"]}}],"collection":[{"href":"https:\/\/www.europesays.com\/fr\/wp-json\/wp\/v2\/posts"}],"about":[{"href":"https:\/\/www.europesays.com\/fr\/wp-json\/wp\/v2\/types\/post"}],"author":[{"embeddable":true,"href":"https:\/\/www.europesays.com\/fr\/wp-json\/wp\/v2\/users\/2"}],"replies":[{"embeddable":true,"href":"https:\/\/www.europesays.com\/fr\/wp-json\/wp\/v2\/comments?post=432393"}],"version-history":[{"count":0,"href":"https:\/\/www.europesays.com\/fr\/wp-json\/wp\/v2\/posts\/432393\/revisions"}],"wp:featuredmedia":[{"embeddable":true,"href":"https:\/\/www.europesays.com\/fr\/wp-json\/wp\/v2\/media\/432394"}],"wp:attachment":[{"href":"https:\/\/www.europesays.com\/fr\/wp-json\/wp\/v2\/media?parent=432393"}],"wp:term":[{"taxonomy":"category","embeddable":true,"href":"https:\/\/www.europesays.com\/fr\/wp-json\/wp\/v2\/categories?post=432393"},{"taxonomy":"post_tag","embeddable":true,"href":"https:\/\/www.europesays.com\/fr\/wp-json\/wp\/v2\/tags?post=432393"}],"curies":[{"name":"wp","href":"https:\/\/api.w.org\/{rel}","templated":true}]}}