{"id":432399,"date":"2025-10-02T00:37:11","date_gmt":"2025-10-02T00:37:11","guid":{"rendered":"https:\/\/www.europesays.com\/fr\/432399\/"},"modified":"2025-10-02T00:37:11","modified_gmt":"2025-10-02T00:37:11","slug":"previsions-du-jeudi-2-octobre-2025-8","status":"publish","type":"post","link":"https:\/\/www.europesays.com\/fr\/432399\/","title":{"rendered":"pr\u00e9visions du jeudi 2 octobre 2025"},"content":{"rendered":"<p class=\"mb-4 text-lg md:leading-8 break-words\"><strong>M\u00e9t\u00e9o &#8211; La m\u00e9t\u00e9o va progressivement s&rsquo;am\u00e9liorer dans la journ\u00e9e et laisser place \u00e0 des \u00e9claircies. Les temp\u00e9ratures seront de 15\u00b0C la matin\u00e9e et de 21\u00b0C l&rsquo;apr\u00e8s-midi&#8230;<\/strong><\/p>\n<p class=\"mb-4 text-lg md:leading-8 break-words\">Le soleil appara\u00eet l\u00e9g\u00e8rement aujourd&rsquo;hui. Ces \u00e9claircies devraient ravir les Rennais. Les temp\u00e9ratures seront comprises entre 9 et 21\u00b0C. Dans la matin\u00e9e, les temp\u00e9ratures seront de 15\u00b0C. Un vent de sud-est rafra\u00eechira sensiblement l&rsquo;atmosph\u00e8re. Le temps va se r\u00e9chauffer l&rsquo;apr\u00e8s-midi avec une augmentation de plusieurs degr\u00e9s. Les valeurs seront de 19\u00b0C au plus bas et de 21\u00b0C au plus haut. Le ciel sera relativement lumineux, avec quelques \u00e9claircies le soir. Il fera 16\u00b0C en moyenne. Le passage de jeudi \u00e0 vendredi se fera sous un ciel d\u00e9pourvu de nuages.<\/p>\n<p class=\"mb-4 text-lg md:leading-8 break-words\">Le soleil se fera attendre demain sur Rennes, o\u00f9 des nuages sont bien install\u00e9s. La m\u00e9t\u00e9o sera marqu\u00e9e par des pluies \u00e9parses. Un temps plus chaud est pr\u00e9vu puisque les temp\u00e9ratures vont conna\u00eetre une hausse. Les valeurs s&rsquo;\u00e9chelonneront entre 12 et 20\u00b0C. Une modeste brise de sud-ouest sera ressentie par les habitants. Les nuages en pr\u00e9vision le matin, et un ciel encore maussade. On pr\u00e9voit des valeurs avoisinant 17\u00b0C. Le soleil peinera \u00e0 percer au milieu des nuages qui perdureront dans l&rsquo;apr\u00e8s-midi. Les maximales pourront atteindre 20\u00b0C et les minimales seront de 18\u00b0C. La grisaille ne se dissipe toujours pas, il y aura encore de l\u00e9gers nuages demain soir. Il va faire en moyenne 17\u00b0C.<\/p>\n<p class=\"mb-4 text-lg md:leading-8 break-words\">La m\u00e9t\u00e9o des journ\u00e9es suivantes va \u00e9voluer peu \u00e0 peu. M\u00eame si le mauvais temps persistera quelque peu samedi, il faut s&rsquo;attendre \u00e0 une am\u00e9lioration par la suite.<\/p>\n<p class=\"mb-4 text-lg md:leading-8 break-words\"><a href=\"https:\/\/www.20minutes.fr\/planete\/previsions-meteo\/4176561-20251002-meteo-rennes-previsions-jeudi-2-octobre-2025?at_medium=RSS%20feed&amp;at_campaign=ynews&amp;utm_source=yahoo&amp;utm_medium=rss&amp;utm_campaign=news_feed&amp;utm_content=read_more_link&quot;\" rel=\"nofollow noopener\" target=\"_blank\" data-ylk=\"slk:Lire la suite sur 20minutes;elm:context_link;itc:0;sec:content-canvas\" class=\"link \">Lire la suite sur 20minutes<\/a><\/p>\n","protected":false},"excerpt":{"rendered":"M\u00e9t\u00e9o &#8211; La m\u00e9t\u00e9o va progressivement s&rsquo;am\u00e9liorer dans la journ\u00e9e et laisser place \u00e0 des \u00e9claircies. Les temp\u00e9ratures&hellip;\n","protected":false},"author":2,"featured_media":432400,"comment_status":"","ping_status":"","sticky":false,"template":"","format":"standard","meta":{"footnotes":""},"categories":[2821],"tags":[1111,11,829,1777,674,1011,27,51394,56028,6172,2487,12,584,25],"class_list":{"0":"post-432399","1":"post","2":"type-post","3":"status-publish","4":"format-standard","5":"has-post-thumbnail","7":"category-rennes","8":"tag-actu","9":"tag-actualites","10":"tag-bretagne","11":"tag-eu","12":"tag-europe","13":"tag-fr","14":"tag-france","15":"tag-la-matinee","16":"tag-la-meteo","17":"tag-le-soleil","18":"tag-meteo","19":"tag-news","20":"tag-rennes","21":"tag-republique-francaise"},"share_on_mastodon":{"url":"https:\/\/pubeurope.com\/@fr\/115301780347005557","error":""},"_links":{"self":[{"href":"https:\/\/www.europesays.com\/fr\/wp-json\/wp\/v2\/posts\/432399","targetHints":{"allow":["GET"]}}],"collection":[{"href":"https:\/\/www.europesays.com\/fr\/wp-json\/wp\/v2\/posts"}],"about":[{"href":"https:\/\/www.europesays.com\/fr\/wp-json\/wp\/v2\/types\/post"}],"author":[{"embeddable":true,"href":"https:\/\/www.europesays.com\/fr\/wp-json\/wp\/v2\/users\/2"}],"replies":[{"embeddable":true,"href":"https:\/\/www.europesays.com\/fr\/wp-json\/wp\/v2\/comments?post=432399"}],"version-history":[{"count":0,"href":"https:\/\/www.europesays.com\/fr\/wp-json\/wp\/v2\/posts\/432399\/revisions"}],"wp:featuredmedia":[{"embeddable":true,"href":"https:\/\/www.europesays.com\/fr\/wp-json\/wp\/v2\/media\/432400"}],"wp:attachment":[{"href":"https:\/\/www.europesays.com\/fr\/wp-json\/wp\/v2\/media?parent=432399"}],"wp:term":[{"taxonomy":"category","embeddable":true,"href":"https:\/\/www.europesays.com\/fr\/wp-json\/wp\/v2\/categories?post=432399"},{"taxonomy":"post_tag","embeddable":true,"href":"https:\/\/www.europesays.com\/fr\/wp-json\/wp\/v2\/tags?post=432399"}],"curies":[{"name":"wp","href":"https:\/\/api.w.org\/{rel}","templated":true}]}}