{"id":432401,"date":"2025-10-02T00:38:25","date_gmt":"2025-10-02T00:38:25","guid":{"rendered":"https:\/\/www.europesays.com\/fr\/432401\/"},"modified":"2025-10-02T00:38:25","modified_gmt":"2025-10-02T00:38:25","slug":"strasbourg-qui-est-derange-par-le-voile-de-nacera","status":"publish","type":"post","link":"https:\/\/www.europesays.com\/fr\/432401\/","title":{"rendered":"Strasbourg. Qui est d\u00e9rang\u00e9 par le voile de Nac\u00e9ra\u00a0?"},"content":{"rendered":"<p class=\"wp-block-post-excerpt__excerpt\">Depuis samedi 27 septembre, la Ville de Strasbourg est la cible d\u2019une nouvelle campagne de d\u00e9nigrement en provenance de l\u2019extr\u00eame droite parce qu\u2019elle a os\u00e9 afficher une femme voil\u00e9e dans une campagne de communication. <\/p>\n<p>Pierre France<\/p>\n<p>Publi\u00e9 le 1 octobre 2025\u00a0\u00a0\u00b7\u00a0\u00a0<\/p>\n<p>Imprim\u00e9 le 2 octobre 2025 \u00e0 02h38\u00a0\u00a0\u00b7\u00a0\u00a0<\/p>\n<p>Modifi\u00e9 le 1 octobre 2025\u00a0\u00a0\u00b7\u00a0\u00a0<\/p>\n<p>\t\t\t\t\t3\u00a0minutes\n<\/p>\n<p class=\"has-drop-cap\">Emmanuelle Brisson peut \u00eatre fi\u00e8re d\u2019elle. Jeune \u00e9lue Les R\u00e9publicains, engag\u00e9e pour que la droite n\u2019ait \u00ab\u00a0plus honte d\u2019elle-m\u00eame\u00a0\u00bb, elle a publi\u00e9 dans ce cloaque qu\u2019est devenu X une photo d\u2019une femme voil\u00e9e, Nacera, choisie par la Ville de Strasbourg pour lancer sa campagne \u00ab\u00a0ville amie des a\u00een\u00e9s\u00a0\u00bb. Bingo\u00a0! Le post \u00e9tiquet\u00e9 #Strasbourgistan o\u00f9 elle d\u00e9nonce une atteinte \u00e0 la la\u00efcit\u00e9 a \u00e9t\u00e9 vu plus de deux millions de fois apr\u00e8s avoir \u00e9t\u00e9 relay\u00e9 par toute l\u2019extr\u00eame droite. Emmanuelle Brisson sera m\u00eame invit\u00e9e plus tard sur BFM pour \u00e9voquer une nouvelle fois l\u2019islamisme et ses dangers\u2026<\/p>\n<p>Pour Nacera en revanche, c\u2019est l\u2019effondrement. \u00c0 66 ans, elle se r\u00e9jouissait d\u2019\u00eatre mise en valeur pour son engagement avec la Ville de Strasbourg se retrouve sur tous les m\u00e9dias d\u2019extr\u00eame droite en quelques heures. <a href=\"https:\/\/www.facebook.com\/nadiazourgui69\/posts\/pfbid0eGULPYzM68KMnTLpQpsG3VUKRPvAZz8nx7uziPyMiPo8WZ46fb4L4PjhQzmzXXRTl?__cft__[0]=AZUlVx4I-2-d9Qk7EbPmPVXF6l6XfjsghHS6Z05Y-ukF9T0HaFMwWQnSU7tfPQdlmbZMYZyNUFKqTFdrwktXYNLHNNhecUx7P6HR-OYdxtpMYGEb6RFbclebZZYvQ7ySlpA&amp;__tn__=%2CO%2CP-R-R\" target=\"_blank\" rel=\"noreferrer noopener\">Selon Nadia Zourgui<\/a>, adjointe \u00e0 la maire de Strasbourg, elle s\u2019est recluse dans son appartement, apr\u00e8s avoir \u00e9t\u00e9 insult\u00e9e et menac\u00e9e.<\/p>\n<p><a href=\"https:\/\/www.rue89strasbourg.com\/la-newsletter\" target=\"_blank\" rel=\"noopener\"><img loading=\"lazy\" decoding=\"async\" width=\"1940\" height=\"500\" src=\"https:\/\/www.europesays.com\/fr\/wp-content\/uploads\/2025\/09\/banner-desktop-970x250-1.png\" alt=\"\" class=\"wp-image-360885\" style=\"object-fit:cover;width:970px;height:250px\"  \/><\/a><\/p>\n<p>Une \u00e9lue socialiste accuse de \u00ab\u00a0pros\u00e9lytisme\u00a0\u00bb<\/p>\n<p><img loading=\"lazy\" decoding=\"async\" width=\"1326\" height=\"745\" src=\"https:\/\/www.europesays.com\/fr\/wp-content\/uploads\/2025\/04\/1744907535_415_23-paywall.png\" alt=\"Abonnez-vous\" class=\"wp-image-282315\" style=\"aspect-ratio:1.7798657718120805;width:227px;height:auto\"  \/><\/p>\n<p>Cet article fait partie de l\u2019\u00e9dition abonn\u00e9s. Pour lire la suite, profitez d\u2019une offre d\u00e9couverte \u00e0 1\u20ac.<\/p>\n<p class=\"has-gray-700-color has-text-color has-medium-font-size\">Contribuez \u00e0 consolider un m\u00e9dia ind\u00e9pendant \u00e0 Strasbourg, en capacit\u00e9 d\u2019enqu\u00eater sur les enjeux locaux.<\/p>\n<p>\t\t\t<a href=\"https:\/\/www.rue89strasbourg.com\/\" class=\"custom-logo-link\" rel=\"home noopener\" target=\"_blank\"><img loading=\"lazy\" decoding=\"async\" width=\"290\" height=\"62\" src=\"https:\/\/www.europesays.com\/fr\/wp-content\/uploads\/2025\/04\/1743975279_388_logo.png\" class=\"custom-logo\" alt=\"Rue89 Strasbourg Enqu\u00eates et informations locales\"  \/><\/a><\/p>\n<p>\n\t\t\t\tAbonnez-vous maintenant pour suivre l\u2019actualit\u00e9 locale.\t\t\t<\/p>\n<p class=\"font-bold font-serif-heading mb-2 text-4xl\">\n\t\t\t\t\t\tL\u2019investigation locale \u00e0 port\u00e9e de main.\n\t\t\t\t\t<\/p>\n<p>\n\t\t\t\t\t\tAbonnez-vous et profitez d\u2019un acc\u00e8s illimit\u00e9 \u00e0 Rue89 Strasbourg. Annulez quand vous voulez.\n\t\t\t\t\t<\/p>\n<p class=\"xl:text-sm\">\n\t\t\t\t\tD\u00e9j\u00e0 abonn\u00e9\u00a0?<br \/>\n\t\t\t\t\t<a class=\"border border-transparent text-center transition-colors duration-instant focus:border-info focus:rounded focus:shadow-focus cursor-pointer text-black hover:text-gray-700 active:bg-black-700 font-semibold inline-block\" href=\"https:\/\/www.rue89strasbourg.com\/user\/connexion?redirect=\/polemique-voile-affiche-strasbourg-362038\" target=\"_blank\" rel=\"noopener\">Connectez-vous<\/a>\t\t\t\t<\/p>\n<p>\n\t\t\t\tChoisissez votre formule\u00a0:\n\t\t\t<\/p>\n<p>\t\t\t\tFermer<\/p>\n","protected":false},"excerpt":{"rendered":"Depuis samedi 27 septembre, la Ville de Strasbourg est la cible d\u2019une nouvelle campagne de d\u00e9nigrement en provenance&hellip;\n","protected":false},"author":2,"featured_media":432402,"comment_status":"","ping_status":"","sticky":false,"template":"","format":"standard","meta":{"footnotes":""},"categories":[2820],"tags":[1111,11,536,1777,674,1076,1011,27,775,5318,15430,13976,12,56029,25,640],"class_list":{"0":"post-432401","1":"post","2":"type-post","3":"status-publish","4":"format-standard","5":"has-post-thumbnail","7":"category-strasbourg","8":"tag-actu","9":"tag-actualites","10":"tag-communication","11":"tag-eu","12":"tag-europe","13":"tag-extreme-droite","14":"tag-fr","15":"tag-france","16":"tag-grand-est","17":"tag-islam","18":"tag-laicite","19":"tag-municipalite","20":"tag-news","21":"tag-pernelle-richardot","22":"tag-republique-francaise","23":"tag-strasbourg"},"share_on_mastodon":{"url":"https:\/\/pubeurope.com\/@fr\/115301784719647102","error":""},"_links":{"self":[{"href":"https:\/\/www.europesays.com\/fr\/wp-json\/wp\/v2\/posts\/432401","targetHints":{"allow":["GET"]}}],"collection":[{"href":"https:\/\/www.europesays.com\/fr\/wp-json\/wp\/v2\/posts"}],"about":[{"href":"https:\/\/www.europesays.com\/fr\/wp-json\/wp\/v2\/types\/post"}],"author":[{"embeddable":true,"href":"https:\/\/www.europesays.com\/fr\/wp-json\/wp\/v2\/users\/2"}],"replies":[{"embeddable":true,"href":"https:\/\/www.europesays.com\/fr\/wp-json\/wp\/v2\/comments?post=432401"}],"version-history":[{"count":0,"href":"https:\/\/www.europesays.com\/fr\/wp-json\/wp\/v2\/posts\/432401\/revisions"}],"wp:featuredmedia":[{"embeddable":true,"href":"https:\/\/www.europesays.com\/fr\/wp-json\/wp\/v2\/media\/432402"}],"wp:attachment":[{"href":"https:\/\/www.europesays.com\/fr\/wp-json\/wp\/v2\/media?parent=432401"}],"wp:term":[{"taxonomy":"category","embeddable":true,"href":"https:\/\/www.europesays.com\/fr\/wp-json\/wp\/v2\/categories?post=432401"},{"taxonomy":"post_tag","embeddable":true,"href":"https:\/\/www.europesays.com\/fr\/wp-json\/wp\/v2\/tags?post=432401"}],"curies":[{"name":"wp","href":"https:\/\/api.w.org\/{rel}","templated":true}]}}