{"id":432407,"date":"2025-10-02T00:41:11","date_gmt":"2025-10-02T00:41:11","guid":{"rendered":"https:\/\/www.europesays.com\/fr\/432407\/"},"modified":"2025-10-02T00:41:11","modified_gmt":"2025-10-02T00:41:11","slug":"previsions-du-jeudi-2-octobre-2025-10","status":"publish","type":"post","link":"https:\/\/www.europesays.com\/fr\/432407\/","title":{"rendered":"pr\u00e9visions du jeudi 2 octobre 2025"},"content":{"rendered":"<p class=\"mb-4 text-lg md:leading-8 break-words\"><strong>M\u00e9t\u00e9o &#8211; Aujourd&rsquo;hui, encore des nuages dans le ciel qui emp\u00eachent le soleil de faire son apparition. Des pluies \u00e9parses sont pr\u00e9vues. Les temp\u00e9ratures seront de 14\u00b0C la matin\u00e9e et de 15\u00b0C l&rsquo;apr\u00e8s-midi&#8230;<\/strong><\/p>\n<p class=\"mb-4 text-lg md:leading-8 break-words\">La grisaille ne se dissipe toujours pas, il y aura encore des nuages aujourd&rsquo;hui. Les temp\u00e9ratures tourneront autour des 15\u00b0C \u00e0 Nice. Un vent de nord-est rafra\u00eechira l\u00e9g\u00e8rement l&rsquo;atmosph\u00e8re. De petites averses sont \u00e0 pr\u00e9voir au cours de la matin\u00e9e. Il va pleuvoir l&rsquo;apr\u00e8s-midi. Les valeurs s&rsquo;\u00e9chelonneront de 14 \u00e0 15\u00b0C. Mauvais temps : on annonce des pluies \u00e9parses pour le soir. Durant la nuit de jeudi \u00e0 vendredi, le ciel sera pluvieux.<\/p>\n<p class=\"mb-4 text-lg md:leading-8 break-words\">Demain, Nice devra encore attendre avant que les nuages ne se dissipent. Les temp\u00e9ratures afficheront entre 14 et 16\u00b0C. Le temps sera instable dans la matin\u00e9e avec de l\u00e9g\u00e8res averses. Il fera en moyenne 14\u00b0C. Une brise de nord-est soufflera doucement. Toujours de la grisaille demain apr\u00e8s-midi. Les nuages vont stationner. Du mauvais temps est \u00e0 pr\u00e9voir. Des pluies \u00e9parses vont tomber. Les valeurs seront comprises entre 15 et 16\u00b0C. On notera la pr\u00e9sence persistante de nuages demain soir. Un vent de nord-est soufflera l\u00e9g\u00e8rement, avec 5 km\/h.<\/p>\n<p class=\"mb-4 text-lg md:leading-8 break-words\">Des changements sont annonc\u00e9s pour les jours \u00e0 venir. Apr\u00e8s une journ\u00e9e ensoleill\u00e9e samedi, on s&rsquo;attend \u00e0 une d\u00e9gradation dimanche.<\/p>\n<p class=\"mb-4 text-lg md:leading-8 break-words\"><a href=\"https:\/\/www.20minutes.fr\/planete\/previsions-meteo\/4176562-20251002-meteo-nice-previsions-jeudi-2-octobre-2025?at_medium=RSS%20feed&amp;at_campaign=ynews&amp;utm_source=yahoo&amp;utm_medium=rss&amp;utm_campaign=news_feed&amp;utm_content=read_more_link&quot;\" rel=\"nofollow noopener\" target=\"_blank\" data-ylk=\"slk:Lire la suite sur 20minutes;elm:context_link;itc:0;sec:content-canvas\" class=\"link \">Lire la suite sur 20minutes<\/a><\/p>\n","protected":false},"excerpt":{"rendered":"M\u00e9t\u00e9o &#8211; Aujourd&rsquo;hui, encore des nuages dans le ciel qui emp\u00eachent le soleil de faire son apparition. Des&hellip;\n","protected":false},"author":2,"featured_media":432408,"comment_status":"","ping_status":"","sticky":false,"template":"","format":"standard","meta":{"footnotes":""},"categories":[2819],"tags":[1111,11,1777,674,1011,27,51394,2487,12,2401,882,25],"class_list":{"0":"post-432407","1":"post","2":"type-post","3":"status-publish","4":"format-standard","5":"has-post-thumbnail","7":"category-nice","8":"tag-actu","9":"tag-actualites","10":"tag-eu","11":"tag-europe","12":"tag-fr","13":"tag-france","14":"tag-la-matinee","15":"tag-meteo","16":"tag-news","17":"tag-nice","18":"tag-provence-alpes-cote-dazur","19":"tag-republique-francaise"},"share_on_mastodon":{"url":"https:\/\/pubeurope.com\/@fr\/115301796209136852","error":""},"_links":{"self":[{"href":"https:\/\/www.europesays.com\/fr\/wp-json\/wp\/v2\/posts\/432407","targetHints":{"allow":["GET"]}}],"collection":[{"href":"https:\/\/www.europesays.com\/fr\/wp-json\/wp\/v2\/posts"}],"about":[{"href":"https:\/\/www.europesays.com\/fr\/wp-json\/wp\/v2\/types\/post"}],"author":[{"embeddable":true,"href":"https:\/\/www.europesays.com\/fr\/wp-json\/wp\/v2\/users\/2"}],"replies":[{"embeddable":true,"href":"https:\/\/www.europesays.com\/fr\/wp-json\/wp\/v2\/comments?post=432407"}],"version-history":[{"count":0,"href":"https:\/\/www.europesays.com\/fr\/wp-json\/wp\/v2\/posts\/432407\/revisions"}],"wp:featuredmedia":[{"embeddable":true,"href":"https:\/\/www.europesays.com\/fr\/wp-json\/wp\/v2\/media\/432408"}],"wp:attachment":[{"href":"https:\/\/www.europesays.com\/fr\/wp-json\/wp\/v2\/media?parent=432407"}],"wp:term":[{"taxonomy":"category","embeddable":true,"href":"https:\/\/www.europesays.com\/fr\/wp-json\/wp\/v2\/categories?post=432407"},{"taxonomy":"post_tag","embeddable":true,"href":"https:\/\/www.europesays.com\/fr\/wp-json\/wp\/v2\/tags?post=432407"}],"curies":[{"name":"wp","href":"https:\/\/api.w.org\/{rel}","templated":true}]}}