{"id":432411,"date":"2025-10-02T00:43:35","date_gmt":"2025-10-02T00:43:35","guid":{"rendered":"https:\/\/www.europesays.com\/fr\/432411\/"},"modified":"2025-10-02T00:43:35","modified_gmt":"2025-10-02T00:43:35","slug":"quand-la-ville-de-nantes-se-transforme-en-galerie-dart-geante-big-city-nantes","status":"publish","type":"post","link":"https:\/\/www.europesays.com\/fr\/432411\/","title":{"rendered":"Quand la ville de Nantes se transforme en galerie d&rsquo;art g\u00e9ante ! \u2013 Big City Nantes"},"content":{"rendered":"<p><img fetchpriority=\"high\" width=\"527\" height=\"351\" src=\"https:\/\/www.europesays.com\/fr\/wp-content\/uploads\/2025\/10\/wave-biennale-nantes-527x351.jpeg\" class=\"attachment-csco-thumbnail-uncropped size-csco-thumbnail-uncropped wp-post-image\" alt=\"wave biennale nantes\" decoding=\"async\"   data-pagespeed-url-hash=\"661056058\" onload=\"pagespeed.CriticalImages.checkImageForCriticality(this);\"\/>\t<img loading=\"lazy\" width=\"1044\" height=\"696\" src=\"https:\/\/www.europesays.com\/fr\/wp-content\/uploads\/2025\/10\/wave-biennale-nantes-1044x696.jpeg\" class=\"attachment-csco-large-uncropped size-csco-large-uncropped wp-post-image\" alt=\"wave biennale nantes\" decoding=\"async\"   data-pagespeed-url-hash=\"214510755\" onload=\"pagespeed.CriticalImages.checkImageForCriticality(this);\"\/>\t<\/p>\n<p>\nCr\u00e9dit : wave biennale nantes\t<\/p>\n<p>Voici un \u00e9v\u00e8nement qui nous donne particuli\u00e8rement envie de nous balader <strong><a href=\"https:\/\/www.bigcitynantes.fr\/agenda\/\" target=\"_blank\" rel=\"noreferrer noopener\">dans les rues de Nantes en octobre !<\/a><\/strong> Des endroits bien cool, des superbes expos, des soir\u00e9es, des concerts et beaucoup d\u2019\u00e9v\u00e8nements tr\u00e8s chouettes sont au programme de la troisi\u00e8me \u00e9dition de <strong>Wave : La Biennale des Arts Visuels<\/strong> ! Pendant un mois, la ville de Nantes va litt\u00e9ralement se transformer <strong><a href=\"https:\/\/biennalewave.fr\/\" target=\"_blank\" rel=\"noreferrer noopener\">en galerie d\u2019art g\u00e9ante\u2026<\/a><\/strong><br \/>Les choses se passent <strong>du 1er au 31 octobre 2025 <\/strong>et on t\u2019en dit plus juste en dessous \ud83d\ude09<\/p>\n<p>Wave : La Biennale des Arts Visuels arrive sur Nantes du 1er au 31 octobre 2025 ! <\/p>\n<p>Apr\u00e8s une \u00e9dition de dingue en 2023, <strong>la Wave<\/strong> a d\u00e9cid\u00e9 de mettre les petits plats dans les grands en 2025 avec une troisi\u00e8me \u00e9dition sur tout le mois d\u2019octobre avec encore plus d\u2019\u00e9v\u00e8nements \u00e0 d\u00e9couvrir\u2026<\/p>\n<p>Au programme : 59 lieux et structures qui vont accueillir pr\u00e8s de 400 artistes\u2026 <strong>Avec des parcours g\u00e9ographiques, des balades comment\u00e9es ou encore des nocturnes anim\u00e9es l\u2019\u00e9v\u00e8nement s\u2019annonce vraiment bien cool.<\/strong> <\/p>\n<p><a href=\"https:\/\/www.bigcitynantes.fr\/contact\/\" title=\"Publicit\u00e9\" target=\"_blank\" rel=\"noopener\"><br \/>\n<img decoding=\"async\" alt=\"Publicit\u00e9\" src=\"https:\/\/www.europesays.com\/fr\/wp-content\/uploads\/2025\/09\/ADS.webp.webp\"  data-pagespeed-url-hash=\"551179541\" onload=\"pagespeed.CriticalImages.checkImageForCriticality(this);\"\/><br \/>\n<\/a><\/p>\n<p>\nPublicit\u00e9\n<\/p>\n<\/p>\n<p>Si en plus, on te pr\u00e9cise que tout est enti\u00e8rement gratuit, tu as compris qu\u2019il va falloir \u00e9plucher <strong><a href=\"https:\/\/biennalewave.fr\/\" target=\"_blank\" rel=\"noreferrer noopener\">le programme de la Wave<\/a> <\/strong>pour d\u00e9couvrir les perles artistiques de cette biennale des Arts Visuels !\u00a0<\/p>\n<p>Wave : La Biennale des Arts Visuels avec 59 lieux et 400 artistes \u00e0 d\u00e9couvrir sur les diff\u00e9rents parcours de la ville de Nantes\u2026<br \/>\n<img loading=\"lazy\" decoding=\"async\" width=\"1160\" height=\"474\" src=\"https:\/\/www.europesays.com\/fr\/wp-content\/uploads\/2025\/10\/wave-biennale-nantes-1160x474.jpg\" alt=\"wave biennale nantes\" class=\"wp-image-89731\"   data-pagespeed-url-hash=\"618151111\" onload=\"pagespeed.CriticalImages.checkImageForCriticality(this);\"\/>wave biennale nantes<\/p>\n<p>\u00c0 ne pas manquer \u00e9galement <strong>la soir\u00e9e d\u2019inauguration le mercredi 1er octobre 2025 \u00e0 la Galerie Dulcie<\/strong> avec notamment une performance de l\u2019artiste Charlotte Hubert et un concert de Love and the eight million dollars sans oublier la pr\u00e9sentation de l\u2019ensemble du programme de la biennale\u2026<\/p>\n<p>Tu l\u2019auras compris, mais en octobre, \u00e0 Big City Nantes, <strong>on passe en mode Wave\u2026 La Biennale des Arts Visuels \ud83d\ude42<\/strong><\/p>\n","protected":false},"excerpt":{"rendered":"Cr\u00e9dit : wave biennale nantes Voici un \u00e9v\u00e8nement qui nous donne particuli\u00e8rement envie de nous balader dans les&hellip;\n","protected":false},"author":2,"featured_media":432412,"comment_status":"","ping_status":"","sticky":false,"template":"","format":"standard","meta":{"footnotes":""},"categories":[2818],"tags":[1111,11,2502,48554,1777,674,1011,27,766,12,7518,2636,25,1669,42722,4064],"class_list":{"0":"post-432411","1":"post","2":"type-post","3":"status-publish","4":"format-standard","5":"has-post-thumbnail","7":"category-nantes","8":"tag-actu","9":"tag-actualites","10":"tag-arts-visuels","11":"tag-carrousel","12":"tag-eu","13":"tag-europe","14":"tag-fr","15":"tag-france","16":"tag-nantes","17":"tag-news","18":"tag-octobre","19":"tag-pays-de-la-loire","20":"tag-republique-francaise","21":"tag-sorties","22":"tag-wave","23":"tag-week-end"},"share_on_mastodon":{"url":"https:\/\/pubeurope.com\/@fr\/115301804634405003","error":""},"_links":{"self":[{"href":"https:\/\/www.europesays.com\/fr\/wp-json\/wp\/v2\/posts\/432411","targetHints":{"allow":["GET"]}}],"collection":[{"href":"https:\/\/www.europesays.com\/fr\/wp-json\/wp\/v2\/posts"}],"about":[{"href":"https:\/\/www.europesays.com\/fr\/wp-json\/wp\/v2\/types\/post"}],"author":[{"embeddable":true,"href":"https:\/\/www.europesays.com\/fr\/wp-json\/wp\/v2\/users\/2"}],"replies":[{"embeddable":true,"href":"https:\/\/www.europesays.com\/fr\/wp-json\/wp\/v2\/comments?post=432411"}],"version-history":[{"count":0,"href":"https:\/\/www.europesays.com\/fr\/wp-json\/wp\/v2\/posts\/432411\/revisions"}],"wp:featuredmedia":[{"embeddable":true,"href":"https:\/\/www.europesays.com\/fr\/wp-json\/wp\/v2\/media\/432412"}],"wp:attachment":[{"href":"https:\/\/www.europesays.com\/fr\/wp-json\/wp\/v2\/media?parent=432411"}],"wp:term":[{"taxonomy":"category","embeddable":true,"href":"https:\/\/www.europesays.com\/fr\/wp-json\/wp\/v2\/categories?post=432411"},{"taxonomy":"post_tag","embeddable":true,"href":"https:\/\/www.europesays.com\/fr\/wp-json\/wp\/v2\/tags?post=432411"}],"curies":[{"name":"wp","href":"https:\/\/api.w.org\/{rel}","templated":true}]}}