{"id":432413,"date":"2025-10-02T00:44:15","date_gmt":"2025-10-02T00:44:15","guid":{"rendered":"https:\/\/www.europesays.com\/fr\/432413\/"},"modified":"2025-10-02T00:44:15","modified_gmt":"2025-10-02T00:44:15","slug":"atteint-dun-trouble-du-comportement-il-detenait-des-animaux-dans-des-conditions-catastrophiques-a-arcachon","status":"publish","type":"post","link":"https:\/\/www.europesays.com\/fr\/432413\/","title":{"rendered":"Atteint d&rsquo;un trouble du comportement, il d\u00e9tenait des animaux dans \u00ab\u00a0des conditions catastrophiques\u00a0\u00bb \u00e0 Arcachon"},"content":{"rendered":"<p>            Par<br \/>\n        <strong><br \/>\n            <a href=\"https:\/\/actu.fr\/auteur\/redaction-bordeaux\" title=\"Consulter tous les articles de R\u00e9daction Bordeaux\" target=\"_blank\" rel=\"noopener\">R\u00e9daction Bordeaux<\/a><br \/>\n        <\/strong><\/p>\n<p>        Publi\u00e9 le<\/p>\n<p>            1 oct. 2025 \u00e0 16h49        <\/p>\n<p>Deux chiens et treize chats ont \u00e9t\u00e9 secourus <strong>des terribles conditions<\/strong> o\u00f9 ils vivaient dans une maison \u00e0 <a href=\"https:\/\/actu.fr\/nouvelle-aquitaine\/arcachon_33009\" target=\"_blank\" rel=\"noopener\">Arcachon (Gironde),<\/a> par l\u2019association V\u00e9nus ce mardi 30\u00a0septembre 2025. Atteint d\u2019un syndrome compulsif, le propri\u00e9taire avait \u00e9galement des tortues et un perroquet.<\/p>\n<p class=\" wall-content\">L\u2019association de protection et d\u00e9fense des animaux est intervenue avec la Direction D\u00e9partementale de la Protection des Populations (DDPP) et les forces de l\u2019ordre, sollicit\u00e9es par <strong>un voisin du propri\u00e9taire.<\/strong> \u00ab\u2009Ce dossier ne serait pas nouveau malheureusement\u2009\u00bb, indique\u00a0Laurent Blanchard-Talou vice-pr\u00e9sident de l\u2019association <a href=\"https:\/\/actu.fr\/bordeaux\/\" target=\"_blank\" rel=\"noopener\">\u00e0\u00a0actu Bordeaux.<\/a><\/p>\n<p>Des \u00ab\u2009conditions catastrophiques\u2009\u00bb<\/p>\n<p class=\" wall-content\">\u00ab\u2009Les animaux n\u2019\u00e9taient pas laiss\u00e9s \u00e0 l\u2019abandon mais vivaient dans des <strong>conditions catastrophiques\u2009\u00bb,<\/strong> d\u00e9taille Laurent Blanchard-Talou. Le propri\u00e9taire des animaux serait atteint d\u2019<a href=\"https:\/\/actu.fr\/nouvelle-aquitaine\/bordeaux_33063\/eau-croupie-dechets-megots-a-bordeaux-leur-voisin-est-atteint-du-syndrome-de-diogene-et-leur-gache-la-vie_61174696.html\" target=\"_blank\" rel=\"noopener\">un syndrome de Diog\u00e8ne,<\/a> un trouble du comportement qui se caract\u00e9rise notamment par <strong>des formes extr\u00eames d\u2019accumulation compulsive<\/strong> et de n\u00e9gligence du domicile.<\/p>\n<p class=\" wall-content\">Les tortues et le perroquet ont \u00e9t\u00e9 confi\u00e9s \u00e0 une association sp\u00e9cialis\u00e9e. L\u2019association V\u00e9nus accueille quant \u00e0 elle les deux chiens et treize chats. \u00ab\u2009Pour le moment, <strong>aucune adoption n\u2019est envisageable,<\/strong> car les animaux sont encore sous le coup de<strong> la proc\u00e9dure judiciaire\u2009\u00bb,<\/strong> pr\u00e9cise l\u2019association. Elle a <a href=\"https:\/\/www.helloasso.com\/associations\/association-venus\/collectes\/gros-sauvetage-en-gironde-33-13-chats-et-2-chiens\" target=\"_blank\" rel=\"noopener\">lanc\u00e9 une cagnotte<\/a> pour absorber les frais v\u00e9t\u00e9rinaires, de nourriture et de soins.<\/p>\n<p>    <a href=\"https:\/\/www.facebook.com\/plugins\/post.php?href=https%3A%2F%2Fwww.facebook.com%2Fassociation.Venus%2Fposts%2Fpfbid02sWKwRHdb2JMC93y3YYWFStmaTjmC1edFWdVqXAcXEfN1bhAr9FNDRBB3W4KBX66Fl&amp;show_text=true&amp;width=350\" title=\"Ouvrie le lien\" target=\"_blank\" rel=\"noopener\">Cliquez ici pour visualiser le contenu<\/a><\/p>\n<p class=\" wall-content\">\u00ab\u2009Les animaux sont dans des \u00e9tats acceptables mais nous en saurons plus une fois les contr\u00f4les v\u00e9t\u00e9rinaires effectu\u00e9s, le <strong>budget estim\u00e9 est de 5\u2009000\u00a0euros\u2009\u00bb,<\/strong> pr\u00e9cise Laurent Blanchard-Talou.<\/p>\n<p class=\" wall-content\">Personnalisez votre actualit\u00e9 en ajoutant vos villes et m\u00e9dias en favori avec <a href=\"https:\/\/moncompte.actu.fr\" title=\"D\u00e9couvez Mon Actu\" rel=\"nofollow noopener\" data-trk=\"{&quot;cta&quot;:{&quot;action&quot;:&quot;https:\\\/\\\/moncompte.actu.fr&quot;,&quot;category&quot;:&quot;mon compte&quot;,&quot;from&quot;:&quot;article footer&quot;,&quot;name&quot;:&quot;Mon actu&quot;,&quot;type&quot;:&quot;cta&quot;}}\" target=\"_blank\">Mon Actu<\/a>.<\/p>\n","protected":false},"excerpt":{"rendered":"Par R\u00e9daction Bordeaux Publi\u00e9 le 1 oct. 2025 \u00e0 16h49 Deux chiens et treize chats ont \u00e9t\u00e9 secourus&hellip;\n","protected":false},"author":2,"featured_media":432414,"comment_status":"","ping_status":"","sticky":false,"template":"","format":"standard","meta":{"footnotes":""},"categories":[2817],"tags":[1111,11,1867,33438,1997,1777,674,118,1011,27,12,2219,25,71],"class_list":{"0":"post-432413","1":"post","2":"type-post","3":"status-publish","4":"format-standard","5":"has-post-thumbnail","7":"category-bordeaux","8":"tag-actu","9":"tag-actualites","10":"tag-animaux","11":"tag-bassin-darcachon","12":"tag-bordeaux","13":"tag-eu","14":"tag-europe","15":"tag-faits-divers","16":"tag-fr","17":"tag-france","18":"tag-news","19":"tag-nouvelle-aquitaine","20":"tag-republique-francaise","21":"tag-sante"},"share_on_mastodon":{"url":"https:\/\/pubeurope.com\/@fr\/115301807872026018","error":""},"_links":{"self":[{"href":"https:\/\/www.europesays.com\/fr\/wp-json\/wp\/v2\/posts\/432413","targetHints":{"allow":["GET"]}}],"collection":[{"href":"https:\/\/www.europesays.com\/fr\/wp-json\/wp\/v2\/posts"}],"about":[{"href":"https:\/\/www.europesays.com\/fr\/wp-json\/wp\/v2\/types\/post"}],"author":[{"embeddable":true,"href":"https:\/\/www.europesays.com\/fr\/wp-json\/wp\/v2\/users\/2"}],"replies":[{"embeddable":true,"href":"https:\/\/www.europesays.com\/fr\/wp-json\/wp\/v2\/comments?post=432413"}],"version-history":[{"count":0,"href":"https:\/\/www.europesays.com\/fr\/wp-json\/wp\/v2\/posts\/432413\/revisions"}],"wp:featuredmedia":[{"embeddable":true,"href":"https:\/\/www.europesays.com\/fr\/wp-json\/wp\/v2\/media\/432414"}],"wp:attachment":[{"href":"https:\/\/www.europesays.com\/fr\/wp-json\/wp\/v2\/media?parent=432413"}],"wp:term":[{"taxonomy":"category","embeddable":true,"href":"https:\/\/www.europesays.com\/fr\/wp-json\/wp\/v2\/categories?post=432413"},{"taxonomy":"post_tag","embeddable":true,"href":"https:\/\/www.europesays.com\/fr\/wp-json\/wp\/v2\/tags?post=432413"}],"curies":[{"name":"wp","href":"https:\/\/api.w.org\/{rel}","templated":true}]}}