{"id":432415,"date":"2025-10-02T00:45:16","date_gmt":"2025-10-02T00:45:16","guid":{"rendered":"https:\/\/www.europesays.com\/fr\/432415\/"},"modified":"2025-10-02T00:45:16","modified_gmt":"2025-10-02T00:45:16","slug":"manifestation-du-2-octobre-a-quoi-sattendre-en-gironde","status":"publish","type":"post","link":"https:\/\/www.europesays.com\/fr\/432415\/","title":{"rendered":"Manifestation du 2 octobre\u00a0: \u00e0 quoi s&rsquo;attendre en Gironde\u00a0?"},"content":{"rendered":"<p>Ce jeudi 2 octobre, une nouvelle journ\u00e9e de mobilisation nationale est annonc\u00e9e pour maintenir la pression sur le gouvernement. Si elle se profile un peu moins suivie que celle du 18 septembre, des perturbations sont \u00e0 pr\u00e9voir. ICI Gironde fait le point.<\/p>\n<p>Ce jeudi 2 octobre, une\u00a0<strong>nouvelle journ\u00e9e d&rsquo;action<\/strong>\u00a0est pr\u00e9vue \u00e0 l&rsquo;appel de l&rsquo;intersyndicale, et 240 rassemblements sont annonc\u00e9s un peu partout en France. Les syndicats veut maintenir la pression sur le nouveau Premier ministre, S\u00e9bastien Lecornu, en\u00a0passe d&rsquo;annoncer la composition de son gouvernement et son plan de budget pour 2026.<\/p>\n<p>En Gironde, le mouvement s&rsquo;annonce suivi mais <strong>pas autant que la mobilisation du 18 septembre<\/strong>, avec moins de perturbations attendues.<\/p>\n<p>Mobilisations \u00e0 Bordeaux, Libourne et Langon<\/p>\n<p>Dans le d\u00e9partement,\u00a0<strong>trois manifestations sont pr\u00e9vues<\/strong>\u00a0et d\u00e9clar\u00e9es \u00e0 la pr\u00e9fecture. \u00c0\u00a0<strong>Bordeaux<\/strong>, le rendez-vous \u00e0 l\u2019appel de l\u2019intersyndicale UD CGT, CFDT\u00a0et\u00a0UNSA partira\u00a0<strong>place de la Bourse \u00e0 11 heures<\/strong>\u00a0pour un d\u00e9fil\u00e9 en direction du quai des douanes, du cours Alsace et Lorraine, de la rue des Fr\u00e8res Bonie, du cours d\u2019Albret, du cours Aristide Briand pour terminer place de la Victoire.<\/p>\n<p>Une seconde marche est pr\u00e9vue en parall\u00e8le\u00a0<strong>\u00e0 Libourne<\/strong>\u00a0<strong>de<\/strong>\u00a0<strong>11h30 \u00e0 14h30<\/strong>\u00a0\u00e0 l&rsquo;appel des organisations syndicales sur le libournais de l&rsquo;UL CGT Libourne et SGA CFDT, FSU, FO et SUD. <strong>D<\/strong>\u00e9part pr\u00e9vu devant l\u2019h\u00f4pital Robert Boulin**\u00a0puis rue de la Marne, pont Pline Parmentier, avenue Gallieni, place des Martyrs de la r\u00e9sistance, rue Chanzy, all\u00e9es Robert boulin, esplanade Fran\u00e7ois Mitterrand, rue Gambetta et dispersion place Abel Surchamps.<\/p>\n<p>Dans le sud de la Gironde, une troisi\u00e8me manifestation est pr\u00e9vue\u00a0en soir\u00e9e <strong>\u00e0<\/strong>\u00a0<strong>Langon \u00e0 18h00<\/strong>\u00a0\u00e0 l\u2019appel de l\u2019intersyndicale UD CGT,\u00a0FSU-SNU et FO\u00a0<strong>devant la sous-pr\u00e9fecture.<\/strong><\/p>\n<p>Transports et \u00e9coles l\u00e9g\u00e8rement perturb\u00e9s<\/p>\n<p>Du c\u00f4t\u00e9 de Bordeaux et sa m\u00e9tropole,\u00a0les transports ne devraient pas \u00eatre impact\u00e9s, confirme TBM, \u00ab\u00a0car le taux de gr\u00e9vistes est moins important\u00a0\u00bb.\u00a0Les tramways ou les bus ne seront donc interrompus ou d\u00e9vi\u00e9s que pendant le passage du cort\u00e8ge de manifestants.<\/p>\n<p>Sur les rails, quelques perturbations sont \u00e0 pr\u00e9voir dans les TER, confirme\u00a0<a target=\"_blank\" rel=\"nofollow noopener noreferrer\" class=\"IciLink ici-link IciArticleLink g-ici-body-regular-1 underline brand svelte-lu7k6w\" href=\"https:\/\/www.ter.sncf.com\/nouvelle-aquitaine\">la SNCF<\/a>, qui invite les voyageurs \u00ab\u00a0\u00e0 v\u00e9rifier la circulation de vos trains et correspondances sur vos canaux d&rsquo;information habituels\u00a0\u00bb. Du c\u00f4t\u00e9 des Intercit\u00e9s, le trafic sera perturb\u00e9\u00a0notamment les axes Bordeaux-Nantes et Marseille-Bordeaux.<\/p>\n<p>Enfin en ce qui concerne les \u00e9coles, entre 1 et 2 enseignants sur 10 devraient faire gr\u00e8ve en Gironde. C&rsquo;\u00e9tait 1 sur 3 le 18 novembre dernier. A Bordeaux,\u00a0<a target=\"_blank\" rel=\"nofollow noopener noreferrer\" class=\"IciLink ici-link IciArticleLink g-ici-body-regular-1 underline brand svelte-lu7k6w\" href=\"https:\/\/www.bordeaux.fr\/greve\">la liste des services impact\u00e9s<\/a>\u00a0est disponible sur le site de la Ville, pour chaque \u00e9cole.<\/p>\n","protected":false},"excerpt":{"rendered":"Ce jeudi 2 octobre, une nouvelle journ\u00e9e de mobilisation nationale est annonc\u00e9e pour maintenir la pression sur le&hellip;\n","protected":false},"author":2,"featured_media":432416,"comment_status":"","ping_status":"","sticky":false,"template":"","format":"standard","meta":{"footnotes":""},"categories":[2817],"tags":[1111,11,1997,1777,674,1011,27,12,2219,25],"class_list":{"0":"post-432415","1":"post","2":"type-post","3":"status-publish","4":"format-standard","5":"has-post-thumbnail","7":"category-bordeaux","8":"tag-actu","9":"tag-actualites","10":"tag-bordeaux","11":"tag-eu","12":"tag-europe","13":"tag-fr","14":"tag-france","15":"tag-news","16":"tag-nouvelle-aquitaine","17":"tag-republique-francaise"},"share_on_mastodon":{"url":"https:\/\/pubeurope.com\/@fr\/115301811755452829","error":""},"_links":{"self":[{"href":"https:\/\/www.europesays.com\/fr\/wp-json\/wp\/v2\/posts\/432415","targetHints":{"allow":["GET"]}}],"collection":[{"href":"https:\/\/www.europesays.com\/fr\/wp-json\/wp\/v2\/posts"}],"about":[{"href":"https:\/\/www.europesays.com\/fr\/wp-json\/wp\/v2\/types\/post"}],"author":[{"embeddable":true,"href":"https:\/\/www.europesays.com\/fr\/wp-json\/wp\/v2\/users\/2"}],"replies":[{"embeddable":true,"href":"https:\/\/www.europesays.com\/fr\/wp-json\/wp\/v2\/comments?post=432415"}],"version-history":[{"count":0,"href":"https:\/\/www.europesays.com\/fr\/wp-json\/wp\/v2\/posts\/432415\/revisions"}],"wp:featuredmedia":[{"embeddable":true,"href":"https:\/\/www.europesays.com\/fr\/wp-json\/wp\/v2\/media\/432416"}],"wp:attachment":[{"href":"https:\/\/www.europesays.com\/fr\/wp-json\/wp\/v2\/media?parent=432415"}],"wp:term":[{"taxonomy":"category","embeddable":true,"href":"https:\/\/www.europesays.com\/fr\/wp-json\/wp\/v2\/categories?post=432415"},{"taxonomy":"post_tag","embeddable":true,"href":"https:\/\/www.europesays.com\/fr\/wp-json\/wp\/v2\/tags?post=432415"}],"curies":[{"name":"wp","href":"https:\/\/api.w.org\/{rel}","templated":true}]}}