{"id":432419,"date":"2025-10-02T00:47:12","date_gmt":"2025-10-02T00:47:12","guid":{"rendered":"https:\/\/www.europesays.com\/fr\/432419\/"},"modified":"2025-10-02T00:47:12","modified_gmt":"2025-10-02T00:47:12","slug":"une-fillette-de-6-ans-retrouvee-seule-dans-un-immeuble-a-toulouse-le-corps-de-sa-mere-decouvert-dans-lappartement","status":"publish","type":"post","link":"https:\/\/www.europesays.com\/fr\/432419\/","title":{"rendered":"Une fillette de 6 ans retrouv\u00e9e seule dans un immeuble \u00e0 Toulouse, le corps de sa m\u00e8re d\u00e9couvert dans l&rsquo;appartement"},"content":{"rendered":"<p>Une macabre d\u00e9couverte. Les policiers sont intervenus ce mardi soir dans un immeuble HLM \u00e0 Toulouse. La raison ? Des riverains ont retrouv\u00e9 une petite fille \u00e2g\u00e9e de seulement 6 ans en train d&rsquo;errer dans les couloirs et les escaliers. L&rsquo;enfant \u00e9tait seule et semblait totalement perdue, rapporte le site de la <a href=\"https:\/\/www.ladepeche.fr\/2025\/10\/01\/info-la-depeche-seule-et-affamee-une-enfant-de-6-ans-vivait-avec-sa-mere-morte-dans-un-appartement-sans-electricite-12964595.php\" target=\"_blank\" rel=\"noopener\">D\u00e9p\u00eache du Midi<\/a> repris notamment par <a href=\"https:\/\/www.bfmtv.com\/police-justice\/une-petite-fille-de-6-ans-retrouvee-errant-dans-son-immeuble-sa-mere-decouverte-sans-vie-chez-elle-a-toulouse_AN-202510010904.html?at_brand=BFMTV&amp;at_compte=BFMTV&amp;at_plateforme=twitter&amp;at_campaign=Fan_pages&amp;at_medium=Community_Management\" target=\"_blank\" rel=\"noopener\">BFMTV<\/a>.<\/p>\n<p>C&rsquo;est \u00e0 ce moment-l\u00e0 que les forces de l&rsquo;ordre sont intervenues. Les policiers se sont alors rendus dans l&rsquo;appartement de la petite fille et ont d\u00e9couvert le corps inanim\u00e9 de sa m\u00e8re.\u00a0<\/p>\n<p>Une autopsie bient\u00f4t effectu\u00e9e<\/p>\n<p>La victime \u00e9tait \u00e2g\u00e9e de 42 ans. Selon nos confr\u00e8res, elle s&rsquo;\u00e9tait install\u00e9e dans cet immeuble il y a peu de temps et vivait avec sa fille uniquement. Une autopsie doit \u00eatre effectu\u00e9e pour d\u00e9terminer les causes du d\u00e9c\u00e8s de la m\u00e8re de famille.\u00a0<\/p>\n<p>La petite enfant a \u00e9t\u00e9 prise en charge par l&rsquo;Aide sociale \u00e0 l&rsquo;enfance. Elle serait rest\u00e9e plusieurs heures sans manger ni boire. La fillette a \u00e9t\u00e9 prise en charge au centre hospitalier de Toulouse.<\/p>\n","protected":false},"excerpt":{"rendered":"Une macabre d\u00e9couverte. Les policiers sont intervenus ce mardi soir dans un immeuble HLM \u00e0 Toulouse. La raison&hellip;\n","protected":false},"author":2,"featured_media":432420,"comment_status":"","ping_status":"","sticky":false,"template":"","format":"standard","meta":{"footnotes":""},"categories":[2816],"tags":[17,1111,11,1764,1446,1777,674,274,36271,1011,27,5480,12,2680,25,14835,17206,2312,96],"class_list":{"0":"post-432419","1":"post","2":"type-post","3":"status-publish","4":"format-standard","5":"has-post-thumbnail","7":"category-toulouse","8":"tag-17","9":"tag-actu","10":"tag-actualites","11":"tag-ans","12":"tag-dans","13":"tag-eu","14":"tag-europe","15":"tag-faits-divers-justice","16":"tag-fillette","17":"tag-fr","18":"tag-france","19":"tag-immeuble","20":"tag-news","21":"tag-occitanie","22":"tag-republique-francaise","23":"tag-retrouvee","24":"tag-seule","25":"tag-toulouse","26":"tag-une"},"share_on_mastodon":{"url":"https:\/\/pubeurope.com\/@fr\/115301819562139457","error":""},"_links":{"self":[{"href":"https:\/\/www.europesays.com\/fr\/wp-json\/wp\/v2\/posts\/432419","targetHints":{"allow":["GET"]}}],"collection":[{"href":"https:\/\/www.europesays.com\/fr\/wp-json\/wp\/v2\/posts"}],"about":[{"href":"https:\/\/www.europesays.com\/fr\/wp-json\/wp\/v2\/types\/post"}],"author":[{"embeddable":true,"href":"https:\/\/www.europesays.com\/fr\/wp-json\/wp\/v2\/users\/2"}],"replies":[{"embeddable":true,"href":"https:\/\/www.europesays.com\/fr\/wp-json\/wp\/v2\/comments?post=432419"}],"version-history":[{"count":0,"href":"https:\/\/www.europesays.com\/fr\/wp-json\/wp\/v2\/posts\/432419\/revisions"}],"wp:featuredmedia":[{"embeddable":true,"href":"https:\/\/www.europesays.com\/fr\/wp-json\/wp\/v2\/media\/432420"}],"wp:attachment":[{"href":"https:\/\/www.europesays.com\/fr\/wp-json\/wp\/v2\/media?parent=432419"}],"wp:term":[{"taxonomy":"category","embeddable":true,"href":"https:\/\/www.europesays.com\/fr\/wp-json\/wp\/v2\/categories?post=432419"},{"taxonomy":"post_tag","embeddable":true,"href":"https:\/\/www.europesays.com\/fr\/wp-json\/wp\/v2\/tags?post=432419"}],"curies":[{"name":"wp","href":"https:\/\/api.w.org\/{rel}","templated":true}]}}