{"id":432421,"date":"2025-10-02T00:49:12","date_gmt":"2025-10-02T00:49:12","guid":{"rendered":"https:\/\/www.europesays.com\/fr\/432421\/"},"modified":"2025-10-02T00:49:12","modified_gmt":"2025-10-02T00:49:12","slug":"previsions-du-jeudi-2-octobre-2025-11","status":"publish","type":"post","link":"https:\/\/www.europesays.com\/fr\/432421\/","title":{"rendered":"pr\u00e9visions du jeudi 2 octobre 2025"},"content":{"rendered":"<p class=\"mb-4 text-lg md:leading-8 break-words\"><strong>M\u00e9t\u00e9o &#8211; Le soleil appara\u00eet l\u00e9g\u00e8rement aujourd&rsquo;hui. Ces \u00e9claircies devraient faire plaisir aux habitants. Les temp\u00e9ratures seront de 15\u00b0C le matin et de 19\u00b0C l&rsquo;apr\u00e8s-midi&#8230;<\/strong><\/p>\n<p class=\"mb-4 text-lg md:leading-8 break-words\">Dans la journ\u00e9e, les temp\u00e9ratures seront de 16\u00b0C \u00e0 Lille. Un vent de sud soufflera l\u00e9g\u00e8rement. Le ciel va s&rsquo;\u00e9claircir au cours de la matin\u00e9e. Un superbe soleil va briller et ce, tout au long de l&rsquo;apr\u00e8s-midi. La m\u00e9t\u00e9o va se r\u00e9chauffer avec une augmentation de quelques degr\u00e9s. Les valeurs afficheront entre 17\u00b0C et 19\u00b0C. Le ciel va quelque peu se d\u00e9gager dans la soir\u00e9e avec des \u00e9claircies. Un ciel limpide est attendu dans la nuit entre jeudi et vendredi.<\/p>\n<p class=\"mb-4 text-lg md:leading-8 break-words\">Lille, o\u00f9 des nuages subsisteront demain, continuera d&rsquo;attendre le soleil. Le mercure va baisser de quelques degr\u00e9s. Le thermom\u00e8tre affichera 14\u00b0C en moyenne. Une modeste brise de sud sera ressentie par les habitants. Le matin, le soleil sera cach\u00e9 derri\u00e8re des nuages. Les nuages \u00e0 pr\u00e9voir demain apr\u00e8s-midi, et un ciel encore gris. Les temp\u00e9ratures s&rsquo;\u00e9chelonneront entre 14 et 15\u00b0C. Encore de la grisaille demain soir. De petits nuages vont stationner.<\/p>\n<p class=\"mb-4 text-lg md:leading-8 break-words\">Samedi, les conditions m\u00e9t\u00e9orologiques seront pluvieuses tandis qu&rsquo;une am\u00e9lioration est pr\u00e9vue dimanche.<\/p>\n<p class=\"mb-4 text-lg md:leading-8 break-words\"><a href=\"https:\/\/www.20minutes.fr\/planete\/previsions-meteo\/4176557-20251002-meteo-lille-previsions-jeudi-2-octobre-2025?at_medium=RSS%20feed&amp;at_campaign=ynews&amp;utm_source=yahoo&amp;utm_medium=rss&amp;utm_campaign=news_feed&amp;utm_content=read_more_link&quot;\" rel=\"nofollow noopener\" target=\"_blank\" data-ylk=\"slk:Lire la suite sur 20minutes;elm:context_link;itc:0;sec:content-canvas\" class=\"link \">Lire la suite sur 20minutes<\/a><\/p>\n","protected":false},"excerpt":{"rendered":"M\u00e9t\u00e9o &#8211; Le soleil appara\u00eet l\u00e9g\u00e8rement aujourd&rsquo;hui. Ces \u00e9claircies devraient faire plaisir aux habitants. Les temp\u00e9ratures seront de&hellip;\n","protected":false},"author":2,"featured_media":432422,"comment_status":"","ping_status":"","sticky":false,"template":"","format":"standard","meta":{"footnotes":""},"categories":[2815],"tags":[1111,11,1777,674,1011,27,811,29508,44166,6172,1307,12,25],"class_list":{"0":"post-432421","1":"post","2":"type-post","3":"status-publish","4":"format-standard","5":"has-post-thumbnail","7":"category-lille","8":"tag-actu","9":"tag-actualites","10":"tag-eu","11":"tag-europe","12":"tag-fr","13":"tag-france","14":"tag-hauts-de-france","15":"tag-le-ciel","16":"tag-le-matin","17":"tag-le-soleil","18":"tag-lille","19":"tag-news","20":"tag-republique-francaise"},"share_on_mastodon":{"url":"https:\/\/pubeurope.com\/@fr\/115301827478175011","error":""},"_links":{"self":[{"href":"https:\/\/www.europesays.com\/fr\/wp-json\/wp\/v2\/posts\/432421","targetHints":{"allow":["GET"]}}],"collection":[{"href":"https:\/\/www.europesays.com\/fr\/wp-json\/wp\/v2\/posts"}],"about":[{"href":"https:\/\/www.europesays.com\/fr\/wp-json\/wp\/v2\/types\/post"}],"author":[{"embeddable":true,"href":"https:\/\/www.europesays.com\/fr\/wp-json\/wp\/v2\/users\/2"}],"replies":[{"embeddable":true,"href":"https:\/\/www.europesays.com\/fr\/wp-json\/wp\/v2\/comments?post=432421"}],"version-history":[{"count":0,"href":"https:\/\/www.europesays.com\/fr\/wp-json\/wp\/v2\/posts\/432421\/revisions"}],"wp:featuredmedia":[{"embeddable":true,"href":"https:\/\/www.europesays.com\/fr\/wp-json\/wp\/v2\/media\/432422"}],"wp:attachment":[{"href":"https:\/\/www.europesays.com\/fr\/wp-json\/wp\/v2\/media?parent=432421"}],"wp:term":[{"taxonomy":"category","embeddable":true,"href":"https:\/\/www.europesays.com\/fr\/wp-json\/wp\/v2\/categories?post=432421"},{"taxonomy":"post_tag","embeddable":true,"href":"https:\/\/www.europesays.com\/fr\/wp-json\/wp\/v2\/tags?post=432421"}],"curies":[{"name":"wp","href":"https:\/\/api.w.org\/{rel}","templated":true}]}}