{"id":432423,"date":"2025-10-02T00:50:11","date_gmt":"2025-10-02T00:50:11","guid":{"rendered":"https:\/\/www.europesays.com\/fr\/432423\/"},"modified":"2025-10-02T00:50:11","modified_gmt":"2025-10-02T00:50:11","slug":"martine-vassal-passe-un-accord-avec-renaissance","status":"publish","type":"post","link":"https:\/\/www.europesays.com\/fr\/432423\/","title":{"rendered":"Martine Vassal passe un accord avec Renaissance"},"content":{"rendered":"<p>Martine Vassal le r\u00e9p\u00e8te \u00e0 l\u2019envi. \u00ab\u00a0L\u2019union en politique, \u00e7a se travaille comme dans un mariage. Ce n\u2019est pas parce qu\u2019on se passe la bague au doigt que tout est acquis.\u00a0\u00bb \u00c0 ce stade,<a href=\"https:\/\/www.laprovence.com\/article\/politique\/3096758331152114\/municipales-2026-a-marseille-martine-vassal-precipite-son-entree-en-campagne\" target=\"_blank\" rel=\"nofollow noopener\"> la candidate<\/a> d\u00e9clar\u00e9e pour conduire une liste d\u2019union de la droite et du centre en mars\u00a02026 \u00e0 <a href=\"https:\/\/www.laprovence.com\/bouches-du-rhone\/marseille-13055\" target=\"_blank\" rel=\"nofollow noopener\">Marseille<\/a> demeure sans \u00e9tiquette. Et court l\u2019investiture des partis. Les R\u00e9publicains, son ancienne famille politique, <a href=\"https:\/\/www.laprovence.com\/article\/politique\/7408176530221814\/municipales-2026-a-marseille-martine-vassal-investie-par-lr\" target=\"_blank\" rel=\"nofollow noopener\">l\u2019ont d\u00e9j\u00e0 adoub\u00e9e sans barguigner<\/a>. Du c\u00f4t\u00e9 de Renaissance, il flotte un air de fian\u00e7ailles avec Renaud Muselier, d\u00e9l\u00e9gu\u00e9 r\u00e9gional du parti pr\u00e9sidentiel, dans le r\u00f4le du chaperon.<\/p>\n<p>Membre du bureau ex\u00e9cutif et de la commission d\u2019investiture, le pr\u00e9sident de R\u00e9gion ne devrait avoir aucun mal \u00e0 lui faire obtenir le s\u00e9same. Mais l\u2019union \u00e9tant toujours chose fragile &#8211; et les marcheurs historiques marseillais ancr\u00e9s au centre voire au centre gauche &#8211; il est impossible de ficeler le contrat dans la confidentialit\u00e9 d\u2019un \u00e9tat-major en s\u2019exon\u00e9rant des militants. Et de leurs id\u00e9es.<\/p>\n<p>Martine Vassal d\u00e9jeunait donc mercredi 1er\u00a0octobre avec les repr\u00e9sentants des comit\u00e9s marseillais de Renaissance. Autour d\u2019un plat de poisson pr\u00e8s de la place Castellane (6e), il s\u2019agissait de lever les ar\u00eates &#8211; \u00ab\u00a0toute allianc&#8230;<\/p>\n","protected":false},"excerpt":{"rendered":"Martine Vassal le r\u00e9p\u00e8te \u00e0 l\u2019envi. \u00ab\u00a0L\u2019union en politique, \u00e7a se travaille comme dans un mariage. Ce n\u2019est&hellip;\n","protected":false},"author":2,"featured_media":432424,"comment_status":"","ping_status":"","sticky":false,"template":"","format":"standard","meta":{"footnotes":""},"categories":[2814],"tags":[17,5734,743,1111,11,5949,1777,674,1011,27,884,10203,3554,12,5242,882,25,14243],"class_list":{"0":"post-432423","1":"post","2":"type-post","3":"status-publish","4":"format-standard","5":"has-post-thumbnail","7":"category-marseille","8":"tag-17","9":"tag-5734","10":"tag-accord","11":"tag-actu","12":"tag-actualites","13":"tag-elections","14":"tag-eu","15":"tag-europe","16":"tag-fr","17":"tag-france","18":"tag-marseille","19":"tag-martine","20":"tag-municipales","21":"tag-news","22":"tag-passe","23":"tag-provence-alpes-cote-dazur","24":"tag-republique-francaise","25":"tag-vassal"},"share_on_mastodon":{"url":"https:\/\/pubeurope.com\/@fr\/115301831361058505","error":""},"_links":{"self":[{"href":"https:\/\/www.europesays.com\/fr\/wp-json\/wp\/v2\/posts\/432423","targetHints":{"allow":["GET"]}}],"collection":[{"href":"https:\/\/www.europesays.com\/fr\/wp-json\/wp\/v2\/posts"}],"about":[{"href":"https:\/\/www.europesays.com\/fr\/wp-json\/wp\/v2\/types\/post"}],"author":[{"embeddable":true,"href":"https:\/\/www.europesays.com\/fr\/wp-json\/wp\/v2\/users\/2"}],"replies":[{"embeddable":true,"href":"https:\/\/www.europesays.com\/fr\/wp-json\/wp\/v2\/comments?post=432423"}],"version-history":[{"count":0,"href":"https:\/\/www.europesays.com\/fr\/wp-json\/wp\/v2\/posts\/432423\/revisions"}],"wp:featuredmedia":[{"embeddable":true,"href":"https:\/\/www.europesays.com\/fr\/wp-json\/wp\/v2\/media\/432424"}],"wp:attachment":[{"href":"https:\/\/www.europesays.com\/fr\/wp-json\/wp\/v2\/media?parent=432423"}],"wp:term":[{"taxonomy":"category","embeddable":true,"href":"https:\/\/www.europesays.com\/fr\/wp-json\/wp\/v2\/categories?post=432423"},{"taxonomy":"post_tag","embeddable":true,"href":"https:\/\/www.europesays.com\/fr\/wp-json\/wp\/v2\/tags?post=432423"}],"curies":[{"name":"wp","href":"https:\/\/api.w.org\/{rel}","templated":true}]}}