{"id":432427,"date":"2025-10-02T00:52:15","date_gmt":"2025-10-02T00:52:15","guid":{"rendered":"https:\/\/www.europesays.com\/fr\/432427\/"},"modified":"2025-10-02T00:52:15","modified_gmt":"2025-10-02T00:52:15","slug":"lyon-le-cafe-203-remporte-une-nouvelle-bataille-face-aux-ecologistes","status":"publish","type":"post","link":"https:\/\/www.europesays.com\/fr\/432427\/","title":{"rendered":"Lyon. Le Caf\u00e9 203 remporte une nouvelle bataille face aux \u00e9cologistes &#8211;"},"content":{"rendered":"<p>\t\t\t\t<img loading=\"lazy\" decoding=\"async\" width=\"900\" height=\"608\" src=\"data:image\/svg+xml,%3Csvg%20xmlns=\" http:=\"\" alt=\"\" title=\"01 Cafe\u0301 203 rue du Garet-1\" class=\"wp-image-165163\" data-lazy- data-lazy- data-lazy-src=\"https:\/\/www.europesays.com\/fr\/wp-content\/uploads\/2025\/10\/01-Cafe\u0301-203-rue-du-Garet-1.jpg\"\/><\/p>\n<p>Doucet reproche au restaurateur de la rue du Garet une terrasse trop\u2026 v\u00e9g\u00e9talis\u00e9e &#8211; Photos \u00a9 Lyon People <\/p>\n<p><strong>Texte\u00a0: Morgan Couturier \u2013<\/strong> En r\u00e9sistance face \u00e0 la Ville de Lyon sur la conformit\u00e9 des terrasses de ses Caf\u00e9 203, Christophe C\u00e9dat n\u2019a pas flanch\u00e9 mais r\u00e9sist\u00e9. Le commer\u00e7ant accuse les \u00e9cologistes de s\u2019attaquer \u00e0 son activit\u00e9 pour atteindre l\u2019homme.<\/p>\n<p>L\u2019Histoire ne lui est pas \u00e9trang\u00e8re, elle le passionne, au point que <strong>Christophe C\u00e9dat<\/strong> aime \u00e0 comparer sa bataille contre la politique \u00e9cologiste, \u00e0 de tristes temps anciens. Alors lorsque la Ville de Lyon l\u2019a une nouvelle fois inform\u00e9 de la fermeture de la terrasse de son Caf\u00e9 203 de la rue du Garet, le restaurateur n\u2019h\u00e9site pas \u00e0 parler de \u00ab\u00a0n\u00e9ocommunisme\u00a0\u00bb.<\/p>\n<p><strong>Une doctrine destin\u00e9e \u00ab \u00e0 te priver de l\u2019\u00e9conomie de ton activit\u00e9 et de son lien social\u00a0\u00bb<\/strong><\/p>\n<p>\u00ab\u00a0On tape sur quelque chose qui est du bien commun pour atteindre une personne. On prend en otage l\u2019\u00e9conomie. Mais moi, je n\u2019attends qu\u2019une chose avec lui, c\u2019est un d\u00e9bat humain\u00a0\u00bb, glisse le restaurateur.<\/p>\n<p>Lui, c\u2019est <strong>Valentin Lungenstrass<\/strong>, commissaire-adjoint z\u00e9l\u00e9 de <strong>Gr\u00e9gory Doucet<\/strong> \u00e0 la Logistique Urbaine, auteur d\u2019un courrier annon\u00e7ant la suspension de l\u2019autorisation de terrasse \u00ab\u00a0pour une dur\u00e9e de deux semaines\u00a0\u00bb, du 11 au 30 septembre. En cause toujours, une terrasse trop\u2026 v\u00e9g\u00e9talis\u00e9e.<\/p>\n<p><strong>\u00ab\u00a0On prend en otage l\u2019\u00e9conomie pour atteindre quelqu\u2019un\u00a0\u00bb<\/strong><\/p>\n<p>Fid\u00e8le \u00e0 sa r\u00e9silience, Christophe C\u00e9dat a tenu son lopin de terre et maintenu son activit\u00e9. \u00ab\u00a0J\u2019ai \u00e9chapp\u00e9 \u00e0 cette salve, mais on sait qu\u2019il va tirer \u00e0 nouveau\u00a0\u00bb, glisse le mari de <strong>Laure C\u00e9dat<\/strong>, dont la prestation au premier meeting politique de <strong>Jean-Michel Aulas<\/strong> a \u00e9t\u00e9 tr\u00e8s salu\u00e9e.<\/p>\n<p><img loading=\"lazy\" decoding=\"async\" class=\"alignnone size-full wp-image-165164\" src=\"data:image\/svg+xml,%3Csvg%20xmlns=\" http:=\"\" alt=\"\" width=\"900\" height=\"643\" data-lazy- data-lazy- data-lazy-src=\"https:\/\/www.europesays.com\/fr\/wp-content\/uploads\/2025\/10\/Christophe-Cedat-cafe-2023.jpg\"\/><\/p>\n<p>\u00ab\u00a0Je ne suis pas plus fort que lui, mais lui n\u2019est pas plus fort que moi\u00a0\u00bb, poursuit le commer\u00e7ant lyonnais, membre actif du Collectif des D\u00e9fenseurs de Lyon. R\u00e9cemment, un \u00e9missaire de la Ville de Lyon est venu rencontrer ses confr\u00e8res restaurateurs. \u00ab\u00a0Bizarrement, il n\u2019est pas venu\u00a0\u00bb, s\u2019amuse Christophe C\u00e9dat.<\/p>\n<p>\u00c0 six mois des \u00e9lections municipales, le restaurateur qui g\u00e8re deux \u00e9tablissements souhaite pouvoir se concentrer sur son activit\u00e9, au lieu de faire face continuellement au matraquage administratif des \u00e9cologistes.<\/p>\n<p>Il esp\u00e8re d\u00e9sormais que ces derniers concentreront leur attention ailleurs. Et sur un autre front\u00a0: faire face \u00e0 la popularit\u00e9 croissante de leur opposant num\u00e9ro un\u00a0: Jean-Michel Aulas, champion de la libert\u00e9 d\u2019entreprendre.<\/p>\n","protected":false},"excerpt":{"rendered":"Doucet reproche au restaurateur de la rue du Garet une terrasse trop\u2026 v\u00e9g\u00e9talis\u00e9e &#8211; Photos \u00a9 Lyon People&hellip;\n","protected":false},"author":2,"featured_media":432428,"comment_status":"","ping_status":"","sticky":false,"template":"","format":"standard","meta":{"footnotes":""},"categories":[1889],"tags":[4257,1111,11,2430,19601,1777,674,1011,27,2428,12,25],"class_list":{"0":"post-432427","1":"post","2":"type-post","3":"status-publish","4":"format-standard","5":"has-post-thumbnail","7":"category-lyon","8":"tag-0top","9":"tag-actu","10":"tag-actualites","11":"tag-auvergne-rhone-alpes","12":"tag-cafe-203-lyon","13":"tag-eu","14":"tag-europe","15":"tag-fr","16":"tag-france","17":"tag-lyon","18":"tag-news","19":"tag-republique-francaise"},"share_on_mastodon":{"url":"https:\/\/pubeurope.com\/@fr\/115301839396707460","error":""},"_links":{"self":[{"href":"https:\/\/www.europesays.com\/fr\/wp-json\/wp\/v2\/posts\/432427","targetHints":{"allow":["GET"]}}],"collection":[{"href":"https:\/\/www.europesays.com\/fr\/wp-json\/wp\/v2\/posts"}],"about":[{"href":"https:\/\/www.europesays.com\/fr\/wp-json\/wp\/v2\/types\/post"}],"author":[{"embeddable":true,"href":"https:\/\/www.europesays.com\/fr\/wp-json\/wp\/v2\/users\/2"}],"replies":[{"embeddable":true,"href":"https:\/\/www.europesays.com\/fr\/wp-json\/wp\/v2\/comments?post=432427"}],"version-history":[{"count":0,"href":"https:\/\/www.europesays.com\/fr\/wp-json\/wp\/v2\/posts\/432427\/revisions"}],"wp:featuredmedia":[{"embeddable":true,"href":"https:\/\/www.europesays.com\/fr\/wp-json\/wp\/v2\/media\/432428"}],"wp:attachment":[{"href":"https:\/\/www.europesays.com\/fr\/wp-json\/wp\/v2\/media?parent=432427"}],"wp:term":[{"taxonomy":"category","embeddable":true,"href":"https:\/\/www.europesays.com\/fr\/wp-json\/wp\/v2\/categories?post=432427"},{"taxonomy":"post_tag","embeddable":true,"href":"https:\/\/www.europesays.com\/fr\/wp-json\/wp\/v2\/tags?post=432427"}],"curies":[{"name":"wp","href":"https:\/\/api.w.org\/{rel}","templated":true}]}}