{"id":432429,"date":"2025-10-02T00:53:29","date_gmt":"2025-10-02T00:53:29","guid":{"rendered":"https:\/\/www.europesays.com\/fr\/432429\/"},"modified":"2025-10-02T00:53:29","modified_gmt":"2025-10-02T00:53:29","slug":"greve-du-2-octobre-a-lyon-dou-partira-la-manifestation-ce-jeudi","status":"publish","type":"post","link":"https:\/\/www.europesays.com\/fr\/432429\/","title":{"rendered":"Gr\u00e8ve du 2 octobre \u00e0 Lyon : d&rsquo;o\u00f9 partira la manifestation ce jeudi"},"content":{"rendered":"<p><img loading=\"lazy\" decoding=\"async\" alt=\"\u00a9 Lucien Labreuil - Le 18 septembre dernier, entre 14 000 et 25 000 personnes ont manifest\u00e9 \u00e0 Lyon.\" data-zoom-src=\"https:\/\/www.europesays.com\/fr\/wp-content\/uploads\/2025\/10\/initial-greve-jeudi-2-octobre-2025-lyon-credit-lucien-labreuil.jpg\" data-zoomable=\"\" height=\"702\" src=\"https:\/\/www.europesays.com\/fr\/wp-content\/uploads\/2025\/10\/initial-greve-jeudi-2-octobre-2025-lyon-credit-lucien-labreuil.jpg\" width=\"1248\"\/>  <\/p>\n<p class=\"article-desc\">\u00a9 Lucien Labreuil &#8211; Le 18 septembre dernier, entre 14 000 et 25 000 personnes ont manifest\u00e9 \u00e0 Lyon. <\/p>\n<p>\u00ab\u00a0Abandon du budget d&rsquo;aust\u00e9rit\u00e9, abrogation de la retraite \u00e0 64 ans, augmentation des salaires et des pensions&#8230;\u00a0\u00bb \u00a0La rencontre provoqu\u00e9e <a href=\"https:\/\/mesinfos.fr\/nouvelle-journee-de-greve-annoncee-le-2-octobre-230555.html\" rel=\"noopener nofollow\" target=\"_blank\">mercredi 24 septembre<\/a> entre le nouveau premier ministre<strong> S\u00e9bastien Lecornu <\/strong>et les syndicats, n&rsquo;a pas convaincu. <\/p>\n<p>En France comme \u00e0 Lyon, une <strong>nouvelle gr\u00e8ve<\/strong> est pr\u00e9vue<strong> jeudi 2 octobre<\/strong>, appuy\u00e9e par tous les syndicats dont la CGT, la CFDT, FO, l&rsquo;UNSA mais encore la CFE-CGC. <\/p>\n<p>Quel parcours pour la manifestation \u00e0 Lyon jeudi 2 octobre ?\u00a0 <\/p>\n<blockquote class=\"instagram-media\" data-instgrm-captioned=\"\" data-instgrm-permalink=\"https:\/\/www.instagram.com\/p\/DPOPJ32CJJa\/?utm_source=ig_embed&amp;utm_campaign=loading\" data-instgrm-version=\"14\" data-uniformized=\"true\" style=\"background:#fff;border:0;border-radius:3px;box-shadow:0 0 1px 0 rgba(0,0,0,.5),0 1px 10px 0 rgba(0,0,0,.15);margin:1px;max-width:540px;min-width:326px;padding:0;width:calc(100% - 2px)\"><\/blockquote>\n<p>A Lyon, les citoyens sont appel\u00e9s \u00e0 battre le pav\u00e9 d\u00e8s 13h au <strong>d\u00e9part de la place Jean-Mac\u00e9<\/strong> \u00e0 c\u00f4t\u00e9 de la station du m\u00eame nom dans le 7e arrondissement. Le cort\u00e8ge, d\u00e9clar\u00e9 en pr\u00e9fecture, prendra la direction de l&rsquo;avenue du Mar\u00e9chal-de-Saxe et traversera le\u00a0cours Lafayette pour rejoindre le quai Victor-Augagneur, en rive-gauche du Rh\u00f4ne. <\/p>\n<p> TCL : pas de gr\u00e8ve annonc\u00e9e sur le r\u00e9seau lyonnais de transports en commun <\/p>\n<blockquote class=\"twitter-tweet\" data-uniformized=\"true\">\n<p dir=\"ltr\" lang=\"fr\">[Info voyageurs] Mouvement social national du 2 octobre<br \/>\ud83d\udc49Les \u00e9quipes TCL ne sont pas concern\u00e9es par ce mouvement mais les conditions de circulation peuvent \u00eatre perturb\u00e9es par les manifestations. <br \/>\ud83d\udc49Suivez l\u2019info trafic en temps r\u00e9el : <a href=\"https:\/\/t.co\/MFq96rsoL7\" rel=\"nofollow\">https:\/\/t.co\/MFq96rsoL7<\/a><\/p>\n<p> \u2014 TCL (@TCL_SYTRAL) <a href=\"https:\/\/twitter.com\/TCL_SYTRAL\/status\/1973387742152126727?ref_src=twsrc%5Etfw\" rel=\"nofollow noopener\" target=\"_blank\">October 1, 2025<\/a><\/p><\/blockquote>\n<p>Cette nouvelle gr\u00e8ve qui concerne tous les secteurs d&rsquo;activit\u00e9, publics comme priv\u00e9s, sera aussi suivie dans le secteur des<strong> transports<\/strong>. Mais dans la m\u00e9tropole lyonnaise, TCL annonce sur <a href=\"https:\/\/tcl.fr\/se-deplacer\/info-trafic\" rel=\"noopener nofollow\" target=\"_blank\">son site<\/a> \u00ab\u00a0que les \u00e9quipes TCL ne sont pas concern\u00e9es par ce mouvement\u00a0\u00bb. Toutefois, \u00ab\u00a0les conditions de circulation peuvent \u00eatre perturb\u00e9es par les manifestations\u00a0\u00bb. <\/p>\n<p>Le trafic des trains perturb\u00e9 dans la r\u00e9gion lyonnaise et en Auvergne-Rh\u00f4ne-Alpes <\/p>\n<blockquote class=\"twitter-tweet\" data-uniformized=\"true\">\n<p dir=\"ltr\" lang=\"fr\">\u26a0\ufe0fUn mouvement social national interprofessionnel a lieu le 2\/10.<br \/>\ud83d\udc49Les programmes de circulation <a href=\"https:\/\/twitter.com\/hashtag\/TERAURA?src=hash&amp;ref_src=twsrc%5Etfw\" rel=\"nofollow noopener\" target=\"_blank\">#TERAURA<\/a> sont adapt\u00e9s du mercredi 1 (soir\u00e9e) au vendredi 3 (d\u00e9but matin\u00e9e)<br \/>\ud83d\udcf1Nous vous invitons \u00e0 v\u00e9rifier la circulation de vos TER la veille \u00e0 partir de 17h <a href=\"https:\/\/t.co\/2qwxXSx96l\" rel=\"nofollow\">https:\/\/t.co\/2qwxXSx96l<\/a><\/p>\n<p> \u2014 SNCF TER AURA (@SNCFTERAURA) <a href=\"https:\/\/twitter.com\/SNCFTERAURA\/status\/1973035643099038177?ref_src=twsrc%5Etfw\" rel=\"nofollow noopener\" target=\"_blank\">September 30, 2025<\/a><\/p><\/blockquote>\n<p>\u00a0 <\/p>\n<p>D\u00e8s le 30 septembre, <strong>SNCF TER Auvergne-Rh\u00f4ne-Alpes<\/strong> a indiqu\u00e9 adapter ses programmes de circulation. Les usagers sont invit\u00e9s \u00e0 <a href=\"https:\/\/www.ter.sncf.com\/auvergne-rhone-alpes\" rel=\"noopener nofollow\" target=\"_blank\">se connecter en ligne<\/a> \u00e0 partir de ce mercredi 1er octobre d\u00e8s 17h pour<strong> v\u00e9rifier l&rsquo;horaire de passage des trains<\/strong>.<\/p>\n<p><script async src=\"https:\/\/platform.twitter.com\/widgets.js\" charset=\"utf-8\"><\/script><script async src=\"\/\/www.instagram.com\/embed.js\"><\/script><\/p>\n","protected":false},"excerpt":{"rendered":"\u00a9 Lucien Labreuil &#8211; Le 18 septembre dernier, entre 14 000 et 25 000 personnes ont manifest\u00e9 \u00e0&hellip;\n","protected":false},"author":2,"featured_media":432430,"comment_status":"","ping_status":"","sticky":false,"template":"","format":"standard","meta":{"footnotes":""},"categories":[1889],"tags":[1111,11,2430,1777,674,1011,27,11611,2428,12,25,3427],"class_list":{"0":"post-432429","1":"post","2":"type-post","3":"status-publish","4":"format-standard","5":"has-post-thumbnail","7":"category-lyon","8":"tag-actu","9":"tag-actualites","10":"tag-auvergne-rhone-alpes","11":"tag-eu","12":"tag-europe","13":"tag-fr","14":"tag-france","15":"tag-gru00e8ves","16":"tag-lyon","17":"tag-news","18":"tag-republique-francaise","19":"tag-syndicats"},"share_on_mastodon":{"url":"https:\/\/pubeurope.com\/@fr\/115301843562845862","error":""},"_links":{"self":[{"href":"https:\/\/www.europesays.com\/fr\/wp-json\/wp\/v2\/posts\/432429","targetHints":{"allow":["GET"]}}],"collection":[{"href":"https:\/\/www.europesays.com\/fr\/wp-json\/wp\/v2\/posts"}],"about":[{"href":"https:\/\/www.europesays.com\/fr\/wp-json\/wp\/v2\/types\/post"}],"author":[{"embeddable":true,"href":"https:\/\/www.europesays.com\/fr\/wp-json\/wp\/v2\/users\/2"}],"replies":[{"embeddable":true,"href":"https:\/\/www.europesays.com\/fr\/wp-json\/wp\/v2\/comments?post=432429"}],"version-history":[{"count":0,"href":"https:\/\/www.europesays.com\/fr\/wp-json\/wp\/v2\/posts\/432429\/revisions"}],"wp:featuredmedia":[{"embeddable":true,"href":"https:\/\/www.europesays.com\/fr\/wp-json\/wp\/v2\/media\/432430"}],"wp:attachment":[{"href":"https:\/\/www.europesays.com\/fr\/wp-json\/wp\/v2\/media?parent=432429"}],"wp:term":[{"taxonomy":"category","embeddable":true,"href":"https:\/\/www.europesays.com\/fr\/wp-json\/wp\/v2\/categories?post=432429"},{"taxonomy":"post_tag","embeddable":true,"href":"https:\/\/www.europesays.com\/fr\/wp-json\/wp\/v2\/tags?post=432429"}],"curies":[{"name":"wp","href":"https:\/\/api.w.org\/{rel}","templated":true}]}}