{"id":432431,"date":"2025-10-02T00:55:27","date_gmt":"2025-10-02T00:55:27","guid":{"rendered":"https:\/\/www.europesays.com\/fr\/432431\/"},"modified":"2025-10-02T00:55:27","modified_gmt":"2025-10-02T00:55:27","slug":"ratp-et-sncf-perturbent-le-trafic-des-metros-rer-et-transilien-a-paris-et-en-ile-de-france","status":"publish","type":"post","link":"https:\/\/www.europesays.com\/fr\/432431\/","title":{"rendered":"RATP et SNCF perturbent le trafic des m\u00e9tros, RER et Transilien \u00e0 Paris et en \u00cele-de-France"},"content":{"rendered":"<p>Gr\u00e8ve du 2 octobre 2025 : RATP et SNCF perturbent le trafic des m\u00e9tros, RER et Transilien \u00e0 Paris et en \u00cele-de-France<\/p>\n<p>\u00c0 Paris, une nouvelle journ\u00e9e sociale s\u2019annonce. La <strong>Gr\u00e8ve du 2 octobre<\/strong> pourrait perturber fortement les trajets en <strong>\u00cele-de-France<\/strong>. Pour pr\u00e9parer vos <a href=\"https:\/\/www.parisselectbook.com\/2025\/09\/30\/paris-fashion-week-5-octobre-2025-journee-cle-revelee\/\" target=\"_blank\" rel=\"noopener\">d\u00e9placements<\/a>, voici des rep\u00e8res utiles et v\u00e9rifiables.<\/p>\n<p>Gr\u00e8ve du 2 octobre : ce que l\u2019on sait \u00e0 J-1<\/p>\n<p>Les syndicats de la <a href=\"https:\/\/www.parisselectbook.com\/2024\/05\/20\/tootbus-paris-celebre-les-jeux-avec-des-experiences-immersives-pour-tous\/\" target=\"_blank\" rel=\"noopener\"><strong>RATP<\/strong><\/a> et de la <strong>SNCF<\/strong> ont d\u00e9clar\u00e9 un pr\u00e9avis couvrant le <strong>2 octobre 2025<\/strong>. D\u2019abord, les plans de transport adapt\u00e9s sont publi\u00e9s la veille en fin de journ\u00e9e. Ensuite, des fr\u00e9quences r\u00e9duites sont probables sur plusieurs lignes, surtout en <strong>heures de pointe<\/strong>. Par prudence, anticipez un afflux de voyageurs sur les axes structurants.<\/p>\n<p>Sur le m\u00e9tro parisien, des fermetures partielles peuvent survenir selon les d\u00e9p\u00f4ts mobilis\u00e9s. La <strong>Gr\u00e8ve du 2 octobre<\/strong> pourrait aussi impacter le <a href=\"https:\/\/www.parisselectbook.com\/2025\/09\/22\/the-smilist-x-copains-une-patisserie-ephemere-pour-celebrer-le-sourire-a-paris\/\" target=\"_blank\" rel=\"noopener\">RER<\/a> et les trains de banlieue. Par ailleurs, certaines interconnexions peuvent \u00eatre suspendues pour fluidifier l\u2019exploitation. Ainsi, pr\u00e9voyez des temps de correspondance plus larges.<\/p>\n<p>RATP et r\u00e9seau ferr\u00e9 francilien pendant la Gr\u00e8ve du 2 octobre<\/p>\n<p>C\u00f4t\u00e9 RER et Transilien, les plans de transport seront ajust\u00e9s ligne par ligne. En cons\u00e9quence, attendez-vous \u00e0 des espacements plus longs et \u00e0 des trains plus charg\u00e9s. Durant la <strong>Gr\u00e8ve du 2 octobre<\/strong>, l\u2019offre pourra varier selon les plages horaires. De plus, les derniers <a href=\"https:\/\/www.parisselectbook.com\/2025\/06\/17\/beyonce-a-paris-ce-que-revele-la-ruee-vers-les-trains-depuis-leurope\/\" target=\"_blank\" rel=\"noopener\">trains<\/a> du soir peuvent partir plus t\u00f4t que d\u2019habitude.<\/p>\n<blockquote>\n<p>\u00ab Anticipez vos trajets et v\u00e9rifiez les pr\u00e9visions la veille. \u00bb<\/p>\n<\/blockquote>\n<p>Pour les bus et les tramways, des d\u00e9viations locales sont possibles. En revanche, certaines lignes de bus pourraient mieux absorber la demande, selon les d\u00e9p\u00f4ts. Aussi, pr\u00e9voyez un plan B \u00e0 pied ou \u00e0 v\u00e9lo pour les courtes distances. Ainsi, \u00e9vitez les n\u0153uds habituels de saturation.<\/p>\n<p>Gr\u00e8ve du 2 octobre : comment s\u2019organiser concr\u00e8tement<\/p>\n<p>Commencez par v\u00e9rifier votre itin\u00e9raire \u00e0 <strong>J-1<\/strong>, puis le matin m\u00eame. La <strong>Gr\u00e8ve du 2 octobre<\/strong> n\u00e9cessite d\u2019adapter vos horaires, si possible. Ensuite, partez plus t\u00f4t pour lisser les heures d\u2019affluence. Par cons\u00e9quent, vous limitez le risque de rater un rendez-vous cl\u00e9.<\/p>\n<ul>\n<li>Consultez les pr\u00e9visions officielles \u00e0 J-1, puis avant de partir.<\/li>\n<li>D\u00e9calez vos horaires, ou partez plus t\u00f4t que d\u2019habitude.<\/li>\n<li>Activez le t\u00e9l\u00e9travail si votre m\u00e9tier le permet.<\/li>\n<li>Combinez marche, v\u00e9lo, covoiturage local sur les derniers kilom\u00e8tres.<\/li>\n<li>Reportez les rendez-vous non urgents ou non imp\u00e9ratifs.<\/li>\n<\/ul>\n<p>V\u00e9rifiez les conditions li\u00e9es \u00e0 votre titre de transport. Ensuite, conservez vos justificatifs en cas de rendez-vous manqu\u00e9. Par ailleurs, certaines entreprises mettent en place des solutions souples le jour J. Ainsi, informez votre employeur de vos contraintes pr\u00e9visibles.<\/p>\n<p>Pensez aux besoins des personnes fragiles et des familles. De plus, organisez les trajets scolaires en bin\u00f4me ou en relais. En bref, coordonnez-vous avec voisins et coll\u00e8gues pour s\u00e9curiser les timings.<\/p>\n<p>Trajets professionnels et scolaires le jour J<\/p>\n<p>Le jour J, partez avec une marge de s\u00e9curit\u00e9 renforc\u00e9e. La <strong>Gr\u00e8ve du 2 octobre<\/strong> peut allonger sensiblement les temps d\u2019attente. Ensuite, privil\u00e9giez les itin\u00e9raires simples, m\u00eame s\u2019ils sont plus longs. Ainsi, r\u00e9duisez les correspondances \u00e0 risque.<\/p>\n<p>Gr\u00e8ve du 2 octobre : points de vigilance et derni\u00e8res mises \u00e0 jour<\/p>\n<p>Les derni\u00e8res informations tombent souvent tard la veille, voire t\u00f4t le matin. D\u00e9sormais, de nombreux canaux donnent des alertes en temps r\u00e9el. Par ailleurs, gardez un \u0153il sur les annonces concernant la <strong>Gr\u00e8ve du 2 octobre<\/strong>. En bref, restez joignable et ajustez votre plan si besoin.<\/p>\n<p>Rep\u00e9rez les gares moins congestionn\u00e9es autour de votre trajet. Ensuite, pr\u00e9parez un itin\u00e9raire alternatif \u00e0 faible contrainte. Enfin, partagez vos horaires avec vos proches pour \u00e9viter les inqui\u00e9tudes.<\/p>\n","protected":false},"excerpt":{"rendered":"Gr\u00e8ve du 2 octobre 2025 : RATP et SNCF perturbent le trafic des m\u00e9tros, RER et Transilien \u00e0&hellip;\n","protected":false},"author":2,"featured_media":432432,"comment_status":"","ping_status":"","sticky":false,"template":"","format":"standard","meta":{"footnotes":""},"categories":[1592],"tags":[1111,11,1777,674,1011,27,6151,662,12,626,25],"class_list":{"0":"post-432431","1":"post","2":"type-post","3":"status-publish","4":"format-standard","5":"has-post-thumbnail","7":"category-ile-de-france","8":"tag-actu","9":"tag-actualites","10":"tag-eu","11":"tag-europe","12":"tag-fr","13":"tag-france","14":"tag-greve","15":"tag-ile-de-france","16":"tag-news","17":"tag-paris","18":"tag-republique-francaise"},"share_on_mastodon":{"url":"https:\/\/pubeurope.com\/@fr\/115301851064179096","error":""},"_links":{"self":[{"href":"https:\/\/www.europesays.com\/fr\/wp-json\/wp\/v2\/posts\/432431","targetHints":{"allow":["GET"]}}],"collection":[{"href":"https:\/\/www.europesays.com\/fr\/wp-json\/wp\/v2\/posts"}],"about":[{"href":"https:\/\/www.europesays.com\/fr\/wp-json\/wp\/v2\/types\/post"}],"author":[{"embeddable":true,"href":"https:\/\/www.europesays.com\/fr\/wp-json\/wp\/v2\/users\/2"}],"replies":[{"embeddable":true,"href":"https:\/\/www.europesays.com\/fr\/wp-json\/wp\/v2\/comments?post=432431"}],"version-history":[{"count":0,"href":"https:\/\/www.europesays.com\/fr\/wp-json\/wp\/v2\/posts\/432431\/revisions"}],"wp:featuredmedia":[{"embeddable":true,"href":"https:\/\/www.europesays.com\/fr\/wp-json\/wp\/v2\/media\/432432"}],"wp:attachment":[{"href":"https:\/\/www.europesays.com\/fr\/wp-json\/wp\/v2\/media?parent=432431"}],"wp:term":[{"taxonomy":"category","embeddable":true,"href":"https:\/\/www.europesays.com\/fr\/wp-json\/wp\/v2\/categories?post=432431"},{"taxonomy":"post_tag","embeddable":true,"href":"https:\/\/www.europesays.com\/fr\/wp-json\/wp\/v2\/tags?post=432431"}],"curies":[{"name":"wp","href":"https:\/\/api.w.org\/{rel}","templated":true}]}}