{"id":432435,"date":"2025-10-02T00:57:23","date_gmt":"2025-10-02T00:57:23","guid":{"rendered":"https:\/\/www.europesays.com\/fr\/432435\/"},"modified":"2025-10-02T00:57:23","modified_gmt":"2025-10-02T00:57:23","slug":"les-notes-catalanes-apres-la-desillusion-face-au-psg","status":"publish","type":"post","link":"https:\/\/www.europesays.com\/fr\/432435\/","title":{"rendered":"les notes catalanes apr\u00e8s la d\u00e9sillusion face au PSG"},"content":{"rendered":"<p class=\"mb-4 text-lg md:leading-8 break-words\">Ce devait \u00eatre une d\u00e9monstration de force. Ce fut une le\u00e7on d\u2019humilit\u00e9. \u00c0 Montju\u00efc, le FC Barcelone esp\u00e9rait s\u2019offrir une victoire r\u00e9f\u00e9rence face au champion d\u2019Europe en titre. Malgr\u00e9 l\u2019ouverture du score rapide de Ferran Torres, les hommes de Hansi Flick ont progressivement \u00e9t\u00e9 submerg\u00e9s par un Paris Saint-Germain pourtant priv\u00e9 de ses titulaires offensifs. La r\u00e9volte barcelonaise n\u2019a jamais eu lieu.<\/p>\n<p class=\"mb-4 text-lg md:leading-8 break-words\">Le premier quart d\u2019heure, marqu\u00e9 par les fulgurances de Lamine Yamal et la passe d\u00e9cisive de Rashford, a vite laiss\u00e9 place \u00e0 une domination parisienne. Mayulu a \u00e9galis\u00e9 juste avant la pause, profitant d\u2019une merveille d\u2019action sign\u00e9e Nuno Mendes. Et dans les derni\u00e8res secondes, Gon\u00e7alo Ramos a fait basculer le match sur un centre d\u2019Hakimi. Trop statiques, trop friables, <a href=\"https:\/\/fr.news.yahoo.com\/sport\/caract%C3%A8re-dun-champion-psg-renverse-191040880.html\" data-ylk=\"slk:les Catalans ont pli\u00e9 sans vraiment combattre.;elm:context_link;itc:0;sec:content-canvas;outcm:mb_qualified_link;_E:mb_qualified_link;ct:story;\" class=\"link  yahoo-link\" target=\"_blank\" rel=\"noopener\">les Catalans ont pli\u00e9 sans vraiment combattre.<\/a><\/p>\n<p class=\"mb-4 text-lg md:leading-8 break-words\">Face \u00e0 un PSG disciplin\u00e9, l\u2019organisation du Bar\u00e7a s\u2019est effrit\u00e9e. Certains ont tent\u00e9 d\u2019exister, d\u2019autres ont d\u00e9\u00e7u. Voici les notes des joueurs blaugranas apr\u00e8s cette d\u00e9sillusion.<\/p>\n<p>Gardien de but et d\u00e9fense<img alt=\"Gardien de but et d\u00e9fense\" loading=\"lazy\" width=\"960\" height=\"540\" decoding=\"async\" data-nimg=\"1\" class=\"rounded-lg\" style=\"color:transparent\" src=\"https:\/\/www.europesays.com\/fr\/wp-content\/uploads\/2025\/10\/8a624656cb263eb4652f27595a317e26.jpeg\"\/><\/p>\n<p>Gardien de but et d\u00e9fense<\/p>\n<p class=\"mb-4 text-lg md:leading-8 break-words\"><strong>Wojciech Szczesny (6)<\/strong> :<br \/>Solide rempla\u00e7ant de Joan Garcia, il a r\u00e9alis\u00e9 deux arr\u00eats importants et n\u2019a rien pu faire sur les deux buts encaiss\u00e9s. N\u2019a pas sombr\u00e9 avec les siens.<\/p>\n<p class=\"mb-4 text-lg md:leading-8 break-words\"><strong>Jules Kound\u00e9 (5)<\/strong> :<br \/>A souffert face \u00e0 Barcola, souvent pris de vitesse. Peu d\u2019initiatives offensives, et totalement d\u00e9pass\u00e9 quand Nuno Mendes a apport\u00e9 le surnombre sur le c\u00f4t\u00e9 du premier but parisien.<\/p>\n<p class=\"mb-4 text-lg md:leading-8 break-words\"><strong>Eric Garcia (5)<\/strong> :<br \/>Align\u00e9 \u00e0 la surprise g\u00e9n\u00e9rale, il n\u2019a pas d\u00e9m\u00e9rit\u00e9 mais n\u2019a pas non plus rassur\u00e9. En retard dans les duels, rarement tranchant dans ses interventions.<\/p>\n<p class=\"mb-4 text-lg md:leading-8 break-words\"><strong>Pau Cubars\u00ed (5)<\/strong> :<br \/>La pr\u00e9cocit\u00e9 ne pardonne pas face \u00e0 des adversaires aussi malins. Pris par la feinte de Mendes sur le but de Mayulu. Sa relance reste propre, mais il a pay\u00e9 son manque d\u2019exp\u00e9rience.<\/p>\n<p class=\"mb-4 text-lg md:leading-8 break-words\"><strong>Gerard Martin (6)<\/strong> :<br \/>Le plus solide de la ligne d\u00e9fensive. Pas irr\u00e9prochable, mais pr\u00e9sent dans les duels et appliqu\u00e9 dans ses transmissions. Une prestation correcte malgr\u00e9 quelques alertes.<\/p>\n<p>Milieu de terrain<img alt=\"Milieu de terrain\" loading=\"lazy\" width=\"960\" height=\"540\" decoding=\"async\" data-nimg=\"1\" class=\"rounded-lg\" style=\"color:transparent\" src=\"https:\/\/www.europesays.com\/fr\/wp-content\/uploads\/2025\/10\/d9767c8894a0e1a34dc093802303379d.jpeg\"\/><\/p>\n<p>Milieu de terrain<\/p>\n<p class=\"mb-4 text-lg md:leading-8 break-words\"><strong>Frenkie de Jong (6) :<\/strong><\/p>\n<p class=\"mb-4 text-lg md:leading-8 break-words\">Toujours aussi propre, toujours aussi discret. A tent\u00e9 de r\u00e9guler le jeu, mais a \u00e9t\u00e9 submerg\u00e9 dans le deuxi\u00e8me acte, \u00e0 l\u2019image de tout le milieu catalan.<\/p>\n<p class=\"mb-4 text-lg md:leading-8 break-words\"><strong>Pedri (7) :<\/strong><\/p>\n<p class=\"mb-4 text-lg md:leading-8 break-words\">Le meilleur joueur du Bar\u00e7a. Pr\u00e9cis, intelligent, combattif. Il a gratt\u00e9 de nombreux ballons et orient\u00e9 le jeu avec justesse. Mais a fini \u00e9mouss\u00e9 et remplac\u00e9.<\/p>\n<p class=\"mb-4 text-lg md:leading-8 break-words\"><strong>Dani Olmo (4) :<\/strong><\/p>\n<p class=\"mb-4 text-lg md:leading-8 break-words\">Encore une prestation frustrante. Aucune influence dans les 30 derniers m\u00e8tres, un tir cadr\u00e9, z\u00e9ro occasion cr\u00e9\u00e9e. Fantomatique. Logiquement remplac\u00e9.<\/p>\n<p class=\"mb-4 text-lg md:leading-8 break-words\">\u00a0<\/p>\n<p>Attaque<img alt=\"Attaque\" loading=\"lazy\" width=\"960\" height=\"540\" decoding=\"async\" data-nimg=\"1\" class=\"rounded-lg\" style=\"color:transparent\" src=\"https:\/\/www.europesays.com\/fr\/wp-content\/uploads\/2025\/10\/554ed853bf0fc557da12639921652372.jpeg\"\/><\/p>\n<p>Attaque<\/p>\n<p class=\"mb-4 text-lg md:leading-8 break-words\"><strong>Lamine Yamal (5)<\/strong> :<br \/>Un d\u00e9marrage \u00e9tincelant avec un slalom fou en d\u00e9but de match, mais ensuite contenu par un Nuno Mendes autoritaire. S\u2019est \u00e9nerv\u00e9, a r\u00e9clam\u00e9 l\u2019expulsion&#8230; sans r\u00e9sultat.<\/p>\n<p class=\"mb-4 text-lg md:leading-8 break-words\"><strong>Ferran Torres (6)<\/strong> :<br \/>Buteur sur son unique vraie occasion. Son pressing a \u00e9t\u00e9 utile en premi\u00e8re p\u00e9riode, mais il a disparu apr\u00e8s la pause. N\u2019a jamais pes\u00e9 sur la d\u00e9fense parisienne ensuite.<\/p>\n<p class=\"mb-4 text-lg md:leading-8 break-words\"><strong>Marcus Rashford (7)<\/strong> :<br \/>Encore une passe d\u00e9cisive, encore une impression de mont\u00e9e en puissance. Percutant, \u00e0 l\u2019aise techniquement. On peine \u00e0 comprendre son remplacement pr\u00e9matur\u00e9.<\/p>\n<p>Rempla\u00e7ants &amp; Entra\u00eeneur<img alt=\"Rempla\u00e7ants &amp; Entra\u00eeneur\" loading=\"lazy\" width=\"960\" height=\"540\" decoding=\"async\" data-nimg=\"1\" class=\"rounded-lg\" style=\"color:transparent\" src=\"https:\/\/www.europesays.com\/fr\/wp-content\/uploads\/2025\/10\/a0ffa4ec45118bfd836047d24423e398.jpeg\"\/><\/p>\n<p>Rempla\u00e7ants &amp; Entra\u00eeneur<\/p>\n<p class=\"mb-4 text-lg md:leading-8 break-words\"><strong>Alejandro Balde (5)<\/strong> :<br \/>N\u2019a pas chang\u00e9 le rapport de force. A tent\u00e9 de contenir Hakimi, sans grand succ\u00e8s.<\/p>\n<p class=\"mb-4 text-lg md:leading-8 break-words\"><strong>Marc Casado (5)<\/strong> :<br \/>Entr\u00e9 pour densifier le milieu. N\u2019a pas invers\u00e9 la dynamique. Transparent.<\/p>\n<p class=\"mb-4 text-lg md:leading-8 break-words\"><strong>Robert Lewandowski (5)<\/strong> :<br \/>Aucune frappe, aucune occasion. Ne p\u00e8se plus. Son entr\u00e9e n\u2019a rien apport\u00e9.<\/p>\n<p class=\"mb-4 text-lg md:leading-8 break-words\"><strong>Marc Bernal (non not\u00e9)<\/strong> :<br \/>A jou\u00e9 un peu plus de 10 minutes sans influence.<\/p>\n<p class=\"mb-4 text-lg md:leading-8 break-words\"><strong>Hansi Flick (5)<\/strong> :<br \/>Son choix de titulariser Ferran a \u00e9t\u00e9 valid\u00e9 par le but, mais son \u00e9quipe a sombr\u00e9 collectivement apr\u00e8s 20 minutes. A \u00e9t\u00e9 incapable de contrer l\u2019impact parisien.<\/p>\n","protected":false},"excerpt":{"rendered":"Ce devait \u00eatre une d\u00e9monstration de force. Ce fut une le\u00e7on d\u2019humilit\u00e9. \u00c0 Montju\u00efc, le FC Barcelone esp\u00e9rait&hellip;\n","protected":false},"author":2,"featured_media":432436,"comment_status":"","ping_status":"","sticky":false,"template":"","format":"standard","meta":{"footnotes":""},"categories":[1888],"tags":[1111,1928,11,1927,56034,12460,28070,1777,674,56031,1011,27,56032,17476,19996,42893,16748,45082,55485,56033,44722,12,1926,5210,626,1925,56035,56036,93,6565,25,18014],"class_list":{"0":"post-432435","1":"post","2":"type-post","3":"status-publish","4":"format-standard","5":"has-post-thumbnail","7":"category-paris","8":"tag-actu","9":"tag-actu-paris","10":"tag-actualites","11":"tag-actualites-paris","12":"tag-alejandro-balde","13":"tag-barcola","14":"tag-dani-olmo","15":"tag-eu","16":"tag-europe","17":"tag-ferran-torres","18":"tag-fr","19":"tag-france","20":"tag-frenkie-de-jong","21":"tag-hakimi","22":"tag-hansi-flick","23":"tag-kounde","24":"tag-lamine-yamal","25":"tag-les-hommes","26":"tag-les-notes","27":"tag-marc-bernal","28":"tag-milieu-de-terrain","29":"tag-news","30":"tag-news-paris","31":"tag-nuno-mendes","32":"tag-paris","33":"tag-paris-news","34":"tag-pau-cubarsi","35":"tag-pedri","36":"tag-psg","37":"tag-rashford","38":"tag-republique-francaise","39":"tag-robert-lewandowski"},"share_on_mastodon":{"url":"https:\/\/pubeurope.com\/@fr\/115301859340819373","error":""},"_links":{"self":[{"href":"https:\/\/www.europesays.com\/fr\/wp-json\/wp\/v2\/posts\/432435","targetHints":{"allow":["GET"]}}],"collection":[{"href":"https:\/\/www.europesays.com\/fr\/wp-json\/wp\/v2\/posts"}],"about":[{"href":"https:\/\/www.europesays.com\/fr\/wp-json\/wp\/v2\/types\/post"}],"author":[{"embeddable":true,"href":"https:\/\/www.europesays.com\/fr\/wp-json\/wp\/v2\/users\/2"}],"replies":[{"embeddable":true,"href":"https:\/\/www.europesays.com\/fr\/wp-json\/wp\/v2\/comments?post=432435"}],"version-history":[{"count":0,"href":"https:\/\/www.europesays.com\/fr\/wp-json\/wp\/v2\/posts\/432435\/revisions"}],"wp:featuredmedia":[{"embeddable":true,"href":"https:\/\/www.europesays.com\/fr\/wp-json\/wp\/v2\/media\/432436"}],"wp:attachment":[{"href":"https:\/\/www.europesays.com\/fr\/wp-json\/wp\/v2\/media?parent=432435"}],"wp:term":[{"taxonomy":"category","embeddable":true,"href":"https:\/\/www.europesays.com\/fr\/wp-json\/wp\/v2\/categories?post=432435"},{"taxonomy":"post_tag","embeddable":true,"href":"https:\/\/www.europesays.com\/fr\/wp-json\/wp\/v2\/tags?post=432435"}],"curies":[{"name":"wp","href":"https:\/\/api.w.org\/{rel}","templated":true}]}}