{"id":432443,"date":"2025-10-02T01:01:13","date_gmt":"2025-10-02T01:01:13","guid":{"rendered":"https:\/\/www.europesays.com\/fr\/432443\/"},"modified":"2025-10-02T01:01:13","modified_gmt":"2025-10-02T01:01:13","slug":"au-moins-neuf-morts-a-la-suite-de-pluies-torrentielles-dans-le-sud","status":"publish","type":"post","link":"https:\/\/www.europesays.com\/fr\/432443\/","title":{"rendered":"au moins neuf morts \u00e0 la suite de pluies torrentielles dans le sud"},"content":{"rendered":"<p>\u00ab\u00a0Toute la nuit, les sauveteurs ont aid\u00e9 \u00e0 \u00e9vacuer des personnes prises au pi\u00e8ge par des inondations, \u00e0 d\u00e9gager des voitures, \u00e0 pomper de l&rsquo;eau des b\u00e2timents\u00a0\u00bb, ont soulign\u00e9 les services d&rsquo;urgence ukrainiens sur Telegram.<\/p>\n<p>Des images de leurs interventions montrent des v\u00e9hicules bloqu\u00e9s en pleine rue, en grande partie immerg\u00e9s, ainsi qu&rsquo;une op\u00e9ration de secours \u00e0 bord d&rsquo;un bus, dont les passagers sont extraits un \u00e0 un sur les \u00e9paules de sauveteurs ayant de l&rsquo;eau jusqu&rsquo;\u00e0 la taille.<\/p>\n<p>Le pr\u00e9sident Volodymyr Zelensky a d\u00e9plor\u00e9 une \u00ab\u00a0situation horrible\u00a0\u00bb.<\/p>\n<p>\u00ab\u00a0Neuf personnes ont p\u00e9ri \u00e0 la suite de cette catastrophe naturelle, dont un enfant. Mes condol\u00e9ances \u00e0 leurs familles et \u00e0 leurs proches\u00a0\u00bb, a \u00e9crit le pr\u00e9sident sur les r\u00e9seaux sociaux, faisant aussi \u00e9tat d&rsquo;une personne disparue.<\/p>\n<p>\u00ab\u00a0C&rsquo;\u00e9tait le chaos complet, un cauchemar, la pluie ne cessait pas\u00a0\u00bb, a t\u00e9moign\u00e9 aupr\u00e8s de l&rsquo;AFP une habitante d&rsquo;Odessa, Nadia Zakhartchenko.<\/p>\n<p>Elle a racont\u00e9 avoir \u00e9t\u00e9 comme prise au pi\u00e8ge lors d&rsquo;une sortie en ville avec sa fille. Faute de pouvoir circuler, elles se sont r\u00e9fugi\u00e9es, \u00ab\u00a0gel\u00e9es\u00a0\u00bb, dans un caf\u00e9, o\u00f9 elles ont d\u00fb attendre plusieurs heures une prise en charge en voiture. \u00ab\u00a0Honn\u00eatement, nous avons eu du mal \u00e0 rentrer\u00a0\u00bb, dit-elle.<\/p>\n<p>Les intemp\u00e9ries ont commenc\u00e9 mardi en d\u00e9but d&rsquo;apr\u00e8s-midi et selon le maire d&rsquo;Odessa, Guennadi\u00ef Troukhanov, il est tomb\u00e9 sur la ville, en l&rsquo;espace de sept heures, l&rsquo;\u00e9quivalent de deux mois de pr\u00e9cipitations en moyenne.<\/p>\n<p>\u00ab\u00a0Aucun r\u00e9seau d&rsquo;\u00e9gouts ne peut supporter une telle charge\u00a0\u00bb, a ajout\u00e9 l&rsquo;\u00e9lu.<\/p>\n<p>Ces intemp\u00e9ries meurtri\u00e8res interviennent alors que l&rsquo;Ukraine continue de subir des bombardements quotidiens de l&rsquo;arm\u00e9e russe, qui contr\u00f4le environ 20% de son territoire, trois ans et demi apr\u00e8s le lancement de son invasion \u00e0 grande \u00e9chelle.<\/p>\n<p>La Russie a intensifi\u00e9 ses frappes en septembre. Selon une analyse de l&rsquo;AFP des rapports quotidiens de l&rsquo;arm\u00e9e de l&rsquo;air ukrainienne, les forces russes ont lanc\u00e9 5.638 drones de longue port\u00e9e et 185 missiles contre l&rsquo;Ukraine lors d&rsquo;attaques nocturnes le mois dernier, soit une hausse de 36% par rapport \u00e0 ao\u00fbt.<\/p>\n<p>A Kharkiv (nord-est), les autorit\u00e9s ont fait \u00e9tat d&rsquo;importantes frappes pendant la nuit de mardi \u00e0 mercredi, qui ont fait huit bless\u00e9s, selon le maire Igor Terekhov.<\/p>\n<p>A Kherson (sud), un homme a \u00e9t\u00e9 tu\u00e9 mercredi matin par un tir d&rsquo;artillerie russe, a annonc\u00e9 le chef de l&rsquo;administration militaire r\u00e9gionale, Oleksandr Prokoudine.<\/p>\n","protected":false},"excerpt":{"rendered":"\u00ab\u00a0Toute la nuit, les sauveteurs ont aid\u00e9 \u00e0 \u00e9vacuer des personnes prises au pi\u00e8ge par des inondations, \u00e0&hellip;\n","protected":false},"author":2,"featured_media":432444,"comment_status":"","ping_status":"","sticky":false,"template":"","format":"standard","meta":{"footnotes":""},"categories":[1590],"tags":[17,11,1777,674,329,379,5184,16027,12,19340,5104,43667,220],"class_list":{"0":"post-432443","1":"post","2":"type-post","3":"status-publish","4":"format-standard","5":"has-post-thumbnail","7":"category-ukraine","8":"tag-17","9":"tag-actualites","10":"tag-eu","11":"tag-europe","12":"tag-france-monde","13":"tag-moins","14":"tag-morts","15":"tag-neuf","16":"tag-news","17":"tag-pluies","18":"tag-suite","19":"tag-torrentielles","20":"tag-ukraine"},"share_on_mastodon":{"url":"https:\/\/pubeurope.com\/@fr\/115301874908818058","error":""},"_links":{"self":[{"href":"https:\/\/www.europesays.com\/fr\/wp-json\/wp\/v2\/posts\/432443","targetHints":{"allow":["GET"]}}],"collection":[{"href":"https:\/\/www.europesays.com\/fr\/wp-json\/wp\/v2\/posts"}],"about":[{"href":"https:\/\/www.europesays.com\/fr\/wp-json\/wp\/v2\/types\/post"}],"author":[{"embeddable":true,"href":"https:\/\/www.europesays.com\/fr\/wp-json\/wp\/v2\/users\/2"}],"replies":[{"embeddable":true,"href":"https:\/\/www.europesays.com\/fr\/wp-json\/wp\/v2\/comments?post=432443"}],"version-history":[{"count":0,"href":"https:\/\/www.europesays.com\/fr\/wp-json\/wp\/v2\/posts\/432443\/revisions"}],"wp:featuredmedia":[{"embeddable":true,"href":"https:\/\/www.europesays.com\/fr\/wp-json\/wp\/v2\/media\/432444"}],"wp:attachment":[{"href":"https:\/\/www.europesays.com\/fr\/wp-json\/wp\/v2\/media?parent=432443"}],"wp:term":[{"taxonomy":"category","embeddable":true,"href":"https:\/\/www.europesays.com\/fr\/wp-json\/wp\/v2\/categories?post=432443"},{"taxonomy":"post_tag","embeddable":true,"href":"https:\/\/www.europesays.com\/fr\/wp-json\/wp\/v2\/tags?post=432443"}],"curies":[{"name":"wp","href":"https:\/\/api.w.org\/{rel}","templated":true}]}}