{"id":432449,"date":"2025-10-02T01:04:13","date_gmt":"2025-10-02T01:04:13","guid":{"rendered":"https:\/\/www.europesays.com\/fr\/432449\/"},"modified":"2025-10-02T01:04:13","modified_gmt":"2025-10-02T01:04:13","slug":"trois-membres-presumes-du-hamas-preparant-des-attentats-arretes-lorganisation-palestinienne-dement","status":"publish","type":"post","link":"https:\/\/www.europesays.com\/fr\/432449\/","title":{"rendered":"Trois membres pr\u00e9sum\u00e9s du Hamas pr\u00e9parant des attentats arr\u00eat\u00e9s, l\u2019organisation palestinienne d\u00e9ment"},"content":{"rendered":"<p>Une op\u00e9ration terroriste d\u00e9jou\u00e9e. Trois membres pr\u00e9sum\u00e9s du Hamas, suspect\u00e9s d\u2019avoir acquis des armes destin\u00e9es \u00e0 des \u00ab\u00a0attentats meurtriers visant des \u00e9tablissements isra\u00e9liens ou juifs en Allemagne\u00a0\u00bb, ont \u00e9t\u00e9 arr\u00eat\u00e9s mercredi \u00e0 Berlin, a annonc\u00e9 le parquet f\u00e9d\u00e9ral allemand. Lors des arrestations de ceux que le parquet consid\u00e8re comme \u00ab\u00a0des op\u00e9rateurs \u00e9trangers\u00a0\u00bb du Hamas, \u00ab\u00a0un fusil d\u2019assaut AK-47, plusieurs pistolets et une grande quantit\u00e9 de munitions ont \u00e9t\u00e9 d\u00e9couverts\u00a0\u00bb, a pr\u00e9cis\u00e9 le parquet. L\u2019organisation islamiste palestinienne a de son c\u00f4t\u00e9 d\u00e9menti avoir le moindre lien avec les trois hommes.<\/p>\n<\/p>\n<p>\u00ab\u00a0Des terroristes affili\u00e9s au Hamas\u00a0\u00bb<\/p>\n<p>Le ministre de l\u2019Int\u00e9rieur Alexander Dobrindt a r\u00e9agi \u00e0 cette arrestation devant la presse, se f\u00e9licitant de l\u2019arrestation \u00ab\u00a0de terroristes affili\u00e9s au Hamas qui avaient pr\u00e9par\u00e9 des projets d\u2019attentats concentr\u00e9s sur Allemagne\u00a0\u00bb. Le minist\u00e8re public identifie les trois hommes comme Abed Al G. et Ahmad I., deux \u00ab\u00a0citoyens allemands\u00a0\u00bb, ainsi que Wael F.\u00a0M., \u00ab\u00a0n\u00e9 au <a href=\"https:\/\/www.20minutes.fr\/monde\/liban\/\" class=\"c-link c-link--is-underlined\" target=\"_blank\" rel=\"noopener\">Liban<\/a>\u00a0\u00bb. Contact\u00e9 par l\u2019<a href=\"https:\/\/www.20minutes.fr\/dossier\/afp\" class=\"c-link c-link--is-underlined\" target=\"_blank\" rel=\"noopener\">AFP<\/a>, le parquet a indiqu\u00e9 qu\u2019il n\u2019avait pas encore pu \u00e9tablir avec certitude la nationalit\u00e9 de ce dernier. Les trois suspects seront pr\u00e9sent\u00e9s jeudi \u00e0 un juge qui statuera sur les demandes de d\u00e9tention provisoire \u00e9mises par le parquet.<\/p>\n<p>Selon le parquet, ils se consacraient \u00ab\u00a0depuis au moins l\u2019\u00e9t\u00e9\u00a02025\u00a0\u00bb \u00e0 l\u2019acquisition \u00ab\u00a0d\u2019armes \u00e0 feu et de munitions\u00a0\u00bb en Allemagne pour le compte du mouvement <a href=\"https:\/\/www.20minutes.fr\/monde\/islamiste\/\" class=\"c-link c-link--is-underlined\" target=\"_blank\" rel=\"noopener\">islamiste<\/a> palestinien. Selon le ministre Dobrindt, les suspects \u00e9taient \u00ab\u00a0dans le viseur des autorit\u00e9s et sous surveillance depuis plusieurs mois\u00a0\u00bb et l\u2019arriv\u00e9e en Allemagne d\u2019un \u00ab\u00a0suspect de terrorisme connu de nos services et ayant des contacts avec le <a href=\"https:\/\/www.20minutes.fr\/monde\/hamas\/\" class=\"c-link c-link--is-underlined\" target=\"_blank\" rel=\"noopener\">Hamas<\/a>\u00a0\u00bb. Ce dernier a depuis \u00ab\u00a0tent\u00e9 par des prises de contact d\u2019obtenir des armes et des munitions n\u00e9cessaires pour commettre un attentat\u00a0\u00bb, ce qui a conduit au coup de filet de mercredi, a pr\u00e9cis\u00e9 M. Dobrindt.<\/p>\n<p>Le Hamas d\u00e9ment<\/p>\n<p>Le Hamas \u00ab\u00a0n\u2019a aucun lien avec les personnes arr\u00eat\u00e9es aujourd\u2019hui en Allemagne\u00a0\u00bb, indique un communiqu\u00e9 du mouvement pour qui \u00ab\u00a0les all\u00e9gations selon lesquelles les d\u00e9tenus auraient des liens avec le Hamas sont d\u00e9nu\u00e9es de tout fondement\u00a0\u00bb et \u00ab\u00a0visent \u00e0 nuire \u00e0 l\u2019image du mouvement\u00a0\u00bb en Allemagne. La politique du Hamas \u00ab\u00a0a toujours consist\u00e9 \u00e0 limiter sa lutte contre l\u2019occupation [isra\u00e9lienne] \u00e0 la Palestine (Isra\u00ebl et les Territoires palestiniens, NDLR) seulement\u00a0\u00bb, ajoute le texte.<\/p>\n<p>Pour le <a href=\"https:\/\/www.20minutes.fr\/dossier\/ministre\" class=\"c-link c-link--is-underlined\" target=\"_blank\" rel=\"noopener\">ministre<\/a>, la menace d\u2019attentat \u00ab\u00a0\u00e9tait concr\u00e8te\u00a0\u00bb et les autorit\u00e9s ont agi \u00ab\u00a0\u00e0 temps\u00a0\u00bb pour emp\u00eacher qu\u2019elle ne se r\u00e9alise. \u00ab\u00a0Cela montre que la th\u00e9orie parfois r\u00e9pandue selon laquelle l\u2019Allemagne serait une zone de repli pour le terrorisme est fausse\u00a0\u00bb, a-t-il encore dit.<\/p>\n<p>L\u2019Allemagne a connu ces derniers mois plusieurs attaques meurtri\u00e8res \u00e0 l\u2019arme blanche, ainsi que des attentats \u00e0 motif jihadiste et des violences d\u2019extr\u00eame droite qui ont mis au premier plan les questions de s\u00e9curit\u00e9. <a href=\"https:\/\/www.20minutes.fr\/dossier\/berlin\" class=\"c-link c-link--is-underlined\" target=\"_blank\" rel=\"noopener\">Berlin<\/a> est jusqu\u2019ici l\u2019un des plus grands soutiens d\u2019<a href=\"https:\/\/www.20minutes.fr\/monde\/israel\/\" class=\"c-link c-link--is-underlined\" target=\"_blank\" rel=\"noopener\">Isra\u00ebl<\/a>, et le chancelier <a href=\"https:\/\/www.20minutes.fr\/politique\/friedrich-merz\/\" class=\"c-link c-link--is-underlined\" target=\"_blank\" rel=\"noopener\">Friedrich Merz<\/a> a r\u00e9cemment affirm\u00e9, tr\u00e8s \u00e9mu, vouloir faire \u00ab\u00a0tout ce qui est en (son) pouvoir pour permettre aux Juives et aux Juifs de vivre, c\u00e9l\u00e9brer et \u00e9tudier sans crainte dans toute l\u2019<a href=\"https:\/\/www.20minutes.fr\/dossier\/allemagne\" class=\"c-link c-link--is-underlined\" target=\"_blank\" rel=\"noopener\">Allemagne<\/a>\u00a0\u00bb.<\/p>\n","protected":false},"excerpt":{"rendered":"Une op\u00e9ration terroriste d\u00e9jou\u00e9e. Trois membres pr\u00e9sum\u00e9s du Hamas, suspect\u00e9s d\u2019avoir acquis des armes destin\u00e9es \u00e0 des \u00ab\u00a0attentats&hellip;\n","protected":false},"author":2,"featured_media":432450,"comment_status":"","ping_status":"","sticky":false,"template":"","format":"standard","meta":{"footnotes":""},"categories":[1587],"tags":[47,11,672,8438,1898,1804,1805,1803,1777,674,4710,1801,3519,36462,74,12,3518,1802],"class_list":{"0":"post-432449","1":"post","2":"type-post","3":"status-publish","4":"format-standard","5":"has-post-thumbnail","7":"category-allemagne","8":"tag-actualite","9":"tag-actualites","10":"tag-allemagne","11":"tag-allemand","12":"tag-berlin","13":"tag-bundesrepublik-deutschland","14":"tag-de","15":"tag-deutschland","16":"tag-eu","17":"tag-europe","18":"tag-friedrich-merz","19":"tag-germany","20":"tag-hamas","21":"tag-islamiste","22":"tag-monde","23":"tag-news","24":"tag-palestine","25":"tag-republique-federale-dallemagne"},"share_on_mastodon":{"url":"https:\/\/pubeurope.com\/@fr\/115301886490667971","error":""},"_links":{"self":[{"href":"https:\/\/www.europesays.com\/fr\/wp-json\/wp\/v2\/posts\/432449","targetHints":{"allow":["GET"]}}],"collection":[{"href":"https:\/\/www.europesays.com\/fr\/wp-json\/wp\/v2\/posts"}],"about":[{"href":"https:\/\/www.europesays.com\/fr\/wp-json\/wp\/v2\/types\/post"}],"author":[{"embeddable":true,"href":"https:\/\/www.europesays.com\/fr\/wp-json\/wp\/v2\/users\/2"}],"replies":[{"embeddable":true,"href":"https:\/\/www.europesays.com\/fr\/wp-json\/wp\/v2\/comments?post=432449"}],"version-history":[{"count":0,"href":"https:\/\/www.europesays.com\/fr\/wp-json\/wp\/v2\/posts\/432449\/revisions"}],"wp:featuredmedia":[{"embeddable":true,"href":"https:\/\/www.europesays.com\/fr\/wp-json\/wp\/v2\/media\/432450"}],"wp:attachment":[{"href":"https:\/\/www.europesays.com\/fr\/wp-json\/wp\/v2\/media?parent=432449"}],"wp:term":[{"taxonomy":"category","embeddable":true,"href":"https:\/\/www.europesays.com\/fr\/wp-json\/wp\/v2\/categories?post=432449"},{"taxonomy":"post_tag","embeddable":true,"href":"https:\/\/www.europesays.com\/fr\/wp-json\/wp\/v2\/tags?post=432449"}],"curies":[{"name":"wp","href":"https:\/\/api.w.org\/{rel}","templated":true}]}}