{"id":432456,"date":"2025-10-02T01:08:20","date_gmt":"2025-10-02T01:08:20","guid":{"rendered":"https:\/\/www.europesays.com\/fr\/432456\/"},"modified":"2025-10-02T01:08:20","modified_gmt":"2025-10-02T01:08:20","slug":"les-mysteres-du-boracay-ce-vaisseau-fantome-russe-qui-naviguait-au-large-de-copenhague-lors-du-survol-de-drones","status":"publish","type":"post","link":"https:\/\/www.europesays.com\/fr\/432456\/","title":{"rendered":"Les myst\u00e8res du Boracay, ce vaisseau fant\u00f4me russe qui naviguait au large de Copenhague lors du survol de drones"},"content":{"rendered":"<p><strong>R\u00c9CIT <\/strong>&#8211; Le navire est immobilis\u00e9 au large de Saint-Nazaire depuis le 28 septembre. Une enqu\u00eate a \u00e9t\u00e9 ouverte par les autorit\u00e9s fran\u00e7aises et deux membres d\u2019\u00e9quipage ont \u00e9t\u00e9 plac\u00e9s en garde \u00e0 vue lundi.<\/p>\n<p class=\"fig-paragraph\">Le 22 septembre 2025, \u00e0 une cinquantaine de milles nautiques (environ 90 kilom\u00e8tres) de\u00a0<a href=\"https:\/\/video.lefigaro.fr\/figaro\/international\/pour-la-premiere-ministre-danoise-le-survol-de-laeroport-de-copenhague-par-des-drones-inconnus-est-la-plus-grave-attaque-contre-une-infrastructure-critique-au-dannemark-20250923\" data-fig-type=\"Video\" data-gtm-custom-categorie=\"navigation\" data-gtm-custom-action=\"crossclick\" data-gtm-custom-label=\"Contextuel\" data-gtm-event=\"customEventSPE\" data-fig-domain=\"LEFIGARO\" target=\"_blank\" rel=\"noopener\">Copenhague<\/a>, navigue un vieux p\u00e9trolier \u00e0 coque orange et noire.\u00a0<a href=\"http:\/\/www.lefigaro.fr\/international\/un-petrolier-de-la-flotte-fantome-russe-repere-au-large-de-saint-nazaire-sur-fond-d-enquete-au-danemark-20251001\" data-fig-type=\"NewsFlash\" data-gtm-custom-categorie=\"navigation\" data-gtm-custom-action=\"crossclick\" data-gtm-custom-label=\"Contextuel\" data-gtm-event=\"customEventSPE\" data-fig-domain=\"LEFIGARO\" target=\"_blank\" rel=\"noopener\">Le Boracay<\/a>\u00a0bat pavillon b\u00e9ninois. Il a quitt\u00e9 le port russe de Primorsk, \u00e9galement en mer Baltique, le 20 septembre, avec pour destination officielle Vadinar, en Inde. L\u00e0 se situe l\u2019une des plus grandes raffineries du pays, d\u00e9tenue \u00e0 49% par le g\u00e9ant russe de l\u2019\u00e9nergie Rosneft.<\/p>\n<p class=\"fig-paragraph\">\u00c0 quelques kilom\u00e8tres de l\u00e0, dans la soir\u00e9e, des\u00a0<a href=\"http:\/\/www.lefigaro.fr\/international\/danemark-la-russie-est-probablement-a-l-origine-des-survols-de-drones-selon-le-premier-ministre-suedois-20250929\" data-fig-type=\"NewsFlash\" data-gtm-custom-categorie=\"navigation\" data-gtm-custom-action=\"crossclick\" data-gtm-custom-label=\"Contextuel\" data-gtm-event=\"customEventSPE\" data-fig-domain=\"LEFIGARO\" target=\"_blank\" rel=\"noopener\">drones sont rep\u00e9r\u00e9s<\/a>\u00a0dans l\u2019espace a\u00e9rien de l\u2019a\u00e9roport de Copenhague, le plus grand d\u2019Europe du Nord. Pour \u00e9viter tout accident, le trafic a\u00e9rien est paralys\u00e9 pendant plus de quatre heures. Apr\u00e8s avoir survol\u00e9 pistes et b\u00e2timents, les drones finissent par quitter l\u2019a\u00e9roport et disparaissent dans le ciel de la Baltique. Les autorit\u00e9s danoises soup\u00e7onnent rapidement Moscou.<\/p>\n<p class=\"fig-paragraph\">Le Kremlin, bien entendu, nie toute implication. Mais le pouvoir russe a d\u00e9j\u00e0 \u00e9t\u00e9 mis en cause \u00e0 plusieurs reprises ces derni\u00e8res semaines, notamment\u2026<\/p>\n<p class=\"fig-premium-paywall__infos\">\n        Cet article est r\u00e9serv\u00e9 aux abonn\u00e9s.        Il vous reste 87% \u00e0 d\u00e9couvrir.\n    <\/p>\n<p>                <img  data- alt=\"Le Figaro\" class=\"fig-img--complete fig-img\"\/><\/p>\n<p class=\"fig-premium-paywall__title\">Vous avez envie de lire la suite ?<\/p>\n<p class=\"fig-premium-paywall__subtitle\">D\u00e9bloquez tous les articles imm\u00e9diatement.<\/p>\n<p class=\"fig-premium-paywall__connect\">\n                D\u00e9j\u00e0 abonn\u00e9\u00a0?                <a class=\"fig-premium-paywall__connect-link\" href=\"https:\/\/connect.lefigaro.fr\/login?client=horizon_web&amp;type=main&amp;redirect_uri=https%3A%2F%2Fwww.lefigaro.fr%2Finternational%2Fles-mysteres-du-boracay-ce-vaisseau-fantome-russe-qui-naviguait-au-large-de-copenhague-lors-du-survol-de-drones-20251001\" data-js-gtm=\"{&quot;customCategorie&quot;: &quot;conversion&quot;, &quot;customAction&quot;: &quot;before_Landing_Connexion_paywall_auto&quot;, &quot;customLabel&quot;: &quot;bGVmaWdhcm8uZnJfXzFmMDllOWE2LWUxNDQtNjRlMC05MjY1LTM3MjEyNTZjOTA0OV9fQXJ0aWNsZQ==_Les myst\u00e8res du &lt;i&gt;Boracay&lt;\/i&gt;, ce vaisseau fant\u00f4me russe qui naviguait au large de Copenhague lors du survol de drones_147&quot;, &quot;customIDSPE&quot;: &quot;bGVmaWdhcm8uZnJfXzFmMDllOWE2LWUxNDQtNjRlMC05MjY1LTM3MjEyNTZjOTA0OV9fQXJ0aWNsZQ==&quot;, &quot;event&quot;: &quot;customEventSPE&quot;}\" target=\"_blank\" rel=\"noopener\"><br \/>\n                    Connectez-vous<br \/>\n                <\/a>\n            <\/p>\n","protected":false},"excerpt":{"rendered":"R\u00c9CIT &#8211; Le navire est immobilis\u00e9 au large de Saint-Nazaire depuis le 28 septembre. Une enqu\u00eate a \u00e9t\u00e9&hellip;\n","protected":false},"author":2,"featured_media":432457,"comment_status":"","ping_status":"","sticky":false,"template":"","format":"standard","meta":{"footnotes":""},"categories":[2],"tags":[11,145,2024,1011,27,12,36215,25,132,364],"class_list":{"0":"post-432456","1":"post","2":"type-post","3":"status-publish","4":"format-standard","5":"has-post-thumbnail","7":"category-actualites","8":"tag-actualites","9":"tag-danemark","10":"tag-drones","11":"tag-fr","12":"tag-france","13":"tag-news","14":"tag-petrolier","15":"tag-republique-francaise","16":"tag-russie","17":"tag-union-europeenne"},"share_on_mastodon":{"url":"https:\/\/pubeurope.com\/@fr\/115301902165017947","error":""},"_links":{"self":[{"href":"https:\/\/www.europesays.com\/fr\/wp-json\/wp\/v2\/posts\/432456","targetHints":{"allow":["GET"]}}],"collection":[{"href":"https:\/\/www.europesays.com\/fr\/wp-json\/wp\/v2\/posts"}],"about":[{"href":"https:\/\/www.europesays.com\/fr\/wp-json\/wp\/v2\/types\/post"}],"author":[{"embeddable":true,"href":"https:\/\/www.europesays.com\/fr\/wp-json\/wp\/v2\/users\/2"}],"replies":[{"embeddable":true,"href":"https:\/\/www.europesays.com\/fr\/wp-json\/wp\/v2\/comments?post=432456"}],"version-history":[{"count":0,"href":"https:\/\/www.europesays.com\/fr\/wp-json\/wp\/v2\/posts\/432456\/revisions"}],"wp:featuredmedia":[{"embeddable":true,"href":"https:\/\/www.europesays.com\/fr\/wp-json\/wp\/v2\/media\/432457"}],"wp:attachment":[{"href":"https:\/\/www.europesays.com\/fr\/wp-json\/wp\/v2\/media?parent=432456"}],"wp:term":[{"taxonomy":"category","embeddable":true,"href":"https:\/\/www.europesays.com\/fr\/wp-json\/wp\/v2\/categories?post=432456"},{"taxonomy":"post_tag","embeddable":true,"href":"https:\/\/www.europesays.com\/fr\/wp-json\/wp\/v2\/tags?post=432456"}],"curies":[{"name":"wp","href":"https:\/\/api.w.org\/{rel}","templated":true}]}}