{"id":432462,"date":"2025-10-02T01:13:14","date_gmt":"2025-10-02T01:13:14","guid":{"rendered":"https:\/\/www.europesays.com\/fr\/432462\/"},"modified":"2025-10-02T01:13:14","modified_gmt":"2025-10-02T01:13:14","slug":"wawrinka-sincline-contre-marozsan-des-son-entree-en-lice-a-shanghai","status":"publish","type":"post","link":"https:\/\/www.europesays.com\/fr\/432462\/","title":{"rendered":"Wawrinka s\u2019incline contre Marozsan d\u00e8s son entr\u00e9e en lice \u00e0 Shanghai"},"content":{"rendered":"<p>                <img decoding=\"async\" src=\"https:\/\/www.europesays.com\/fr\/wp-content\/uploads\/2025\/10\/jsZg.jpg\" fetchpriority=\"high\" alt=\"L\u2019\u00e2ge n\u2019a pas pardonn\u00e9\u202f: Wawrinka s\u2019incline contre Marozsan d\u00e8s son entr\u00e9e en lice \u00e0 Shanghai\"\/><\/p>\n<p>Pour son retour en Masters 1000, le premier depuis Monte\u2011Carlo cette ann\u00e9e, Stan Wawrinka (n\u00b0\u202f129) avait \u00e0 c\u0153ur de bien faire. \u00c0 40 ans et six mois pass\u00e9s, il est devenu le joueur le plus \u00e2g\u00e9 \u00e0 disputer un Masters 1000 depuis Jimmy Connors en 1993.<\/p>\n<p>Cependant, sa l\u00e9gende n\u2019a pas suffi : le Suisse s\u2019est inclin\u00e9 face \u00e0 Fabian Marozsan (n\u00b0\u202f57), en trois sets (6\u20111, 4\u20116, 6\u20114), au premier tour de Shanghai.<\/p>\n<p>L\u2019organisation de Shanghai avait offert une wild\u2011card \u00e0 Wawrinka, conscient du poids symbolique de sa pr\u00e9sence dans le tableau. Ce choix n\u2019\u00e9tait pas innocent : d\u00e9j\u00e0 invit\u00e9 en 2024, le Suisse avait \u00e9t\u00e9 capable de faire vibrer le public, notamment en remportant un match au premier tour malgr\u00e9 sa condition physique, avant d\u2019\u00eatre \u00e9limin\u00e9 par Cobolli.<\/p>\n<p>De son c\u00f4t\u00e9, le Hongrois, r\u00e9cent quart de finaliste \u00e0 P\u00e9kin, encha\u00eenera au deuxi\u00e8me tour contre l\u2019Am\u00e9ricain Taylor Fritz.<\/p>\n","protected":false},"excerpt":{"rendered":"Pour son retour en Masters 1000, le premier depuis Monte\u2011Carlo cette ann\u00e9e, Stan Wawrinka (n\u00b0\u202f129) avait \u00e0 c\u0153ur&hellip;\n","protected":false},"author":2,"featured_media":432463,"comment_status":"","ping_status":"","sticky":false,"template":"","format":"standard","meta":{"footnotes":""},"categories":[1415],"tags":[1011,27,60,1467],"class_list":{"0":"post-432462","1":"post","2":"type-post","3":"status-publish","4":"format-standard","5":"has-post-thumbnail","7":"category-tennis","8":"tag-fr","9":"tag-france","10":"tag-sports","11":"tag-tennis"},"share_on_mastodon":{"url":"https:\/\/pubeurope.com\/@fr\/115301921786532043","error":""},"_links":{"self":[{"href":"https:\/\/www.europesays.com\/fr\/wp-json\/wp\/v2\/posts\/432462","targetHints":{"allow":["GET"]}}],"collection":[{"href":"https:\/\/www.europesays.com\/fr\/wp-json\/wp\/v2\/posts"}],"about":[{"href":"https:\/\/www.europesays.com\/fr\/wp-json\/wp\/v2\/types\/post"}],"author":[{"embeddable":true,"href":"https:\/\/www.europesays.com\/fr\/wp-json\/wp\/v2\/users\/2"}],"replies":[{"embeddable":true,"href":"https:\/\/www.europesays.com\/fr\/wp-json\/wp\/v2\/comments?post=432462"}],"version-history":[{"count":0,"href":"https:\/\/www.europesays.com\/fr\/wp-json\/wp\/v2\/posts\/432462\/revisions"}],"wp:featuredmedia":[{"embeddable":true,"href":"https:\/\/www.europesays.com\/fr\/wp-json\/wp\/v2\/media\/432463"}],"wp:attachment":[{"href":"https:\/\/www.europesays.com\/fr\/wp-json\/wp\/v2\/media?parent=432462"}],"wp:term":[{"taxonomy":"category","embeddable":true,"href":"https:\/\/www.europesays.com\/fr\/wp-json\/wp\/v2\/categories?post=432462"},{"taxonomy":"post_tag","embeddable":true,"href":"https:\/\/www.europesays.com\/fr\/wp-json\/wp\/v2\/tags?post=432462"}],"curies":[{"name":"wp","href":"https:\/\/api.w.org\/{rel}","templated":true}]}}