{"id":432468,"date":"2025-10-02T01:18:10","date_gmt":"2025-10-02T01:18:10","guid":{"rendered":"https:\/\/www.europesays.com\/fr\/432468\/"},"modified":"2025-10-02T01:18:10","modified_gmt":"2025-10-02T01:18:10","slug":"psg-ramos-dans-lhistoire-maxifoot","status":"publish","type":"post","link":"https:\/\/www.europesays.com\/fr\/432468\/","title":{"rendered":"PSG : Ramos dans l&#039;histoire ! &#8211; Maxifoot"},"content":{"rendered":"<ol>\n<li><a href=\"https:\/\/news.google.com\/rss\/articles\/CBMic0FVX3lxTE9LZjVQQ1N5TjZFY0x2WlZtc3o4bS1CQ0I1Qmpaai04NkhzZUI3VkZHM2F0SVFMbUZJYWtDQXYwd1p6OTZMWE1JcGxFNTEwTEtpeHljU09PR29HYmlIdDJNdjIzeTdOeGhJRl9fbG5FVUVKUzjSAXNBVV95cUxQYmpxOG1vSXN1VjFna2Vfb1FIOGVYVVlVVDE5c0x3b2RqcF92REhXSnVPREhFZjMyLWdYVjhMOG5iVnZ0OWZOWmpQbnJoN3RPVHBTcnFab2UwRGhoLWJXU2c5LW5zM3FEWENnMU1wOEo0dk53?oc=5\" target=\"_blank\" rel=\"noopener\">PSG : Ramos dans l&rsquo;histoire !<\/a>&nbsp;&nbsp;Maxifoot<\/li>\n<li><a href=\"https:\/\/news.google.com\/rss\/articles\/CBMitwFBVV95cUxNUEt6ZWxSMm9mTkFudVZ0UFAtcmNLd0NBYVBJZTY5SUFtS0FwWG9VbXJiX2VEemZxMllNVjZYUVBqR0xwZ252N1QxVlR2UVRZNVExN2JvNFRLSnJXc1NtdWh6NHUyRVEwUTZ3cHJ2LXN4bmJ3dTZZQ0Y4ZDBZSThxMTNqQlZFZHNjV0ZfT0lyUzdja2xreTI5Mzc5TnpKNlhoMGhhWk9CRlNBeFlUWnczRVB2ZnVHOW8?oc=5\" target=\"_blank\" rel=\"noopener\">PSG : la r\u00e9ponse acide de Vitinha \u00e0 la story supprim\u00e9e de Lamine Yamal<\/a>&nbsp;&nbsp;Foot Mercato<\/li>\n<li><a href=\"https:\/\/news.google.com\/rss\/articles\/CBMingFBVV95cUxQWWRJYW02SWthdUJqSWRzV2JvN1p6WjFJWk1jWV9UTGxlbDEwT1R5VkdveklTdFNjVTRxQzl1QmFWNnY4YVVSTTROeE42bV81SHczMTR1a0dqWDVVWkEwd1YtcklGLWx4NnViU1kyN21GSVpkZjBFN3RTb0p2WVZoUkVBMVBKcHg0ZzlTRVN0T0ExZjlHNzU2TnZuR3dXQdIBowFBVV95cUxOMFRDRFBBQzZsOFRubnY5VVRJQlRfbnJWQjRhZzJBNmlveHRqamRMRUpJNEZ3UVhPeUJvZjNxZHFtY1NiQzhreUd6cGktMUtXUDFocE5iYnhTWjc1M0F2bHhsR3FDSDNTM2c1ckZ2U0hFRXNkQ0d0cmZPbklTWXJlZV9CQjRQckJaNFZQbUs3RzVPazBxcFhhMGJ5NXdjdGpQQklj?oc=5\" target=\"_blank\" rel=\"noopener\">PSG : Ramos joue gros face au Bar\u00e7a, l\u2019ultimatum est lanc\u00e9 !<\/a>&nbsp;&nbsp;Sport.fr<\/li>\n<li><a href=\"https:\/\/news.google.com\/rss\/articles\/CBMilAFBVV95cUxNbWxuVVdnWGp0UlhMbDRxYVFrSUdJOF9GYnQ1NUdxcG9mNG8tQllYVWVzLTZQWmxSTlRfZklLckMzb3dFMHhDWVYyMTNPX0lQdVZTV3I3U2poSEVycXg2SUZ5YlI2bVUzdTZwUnBTOV9rMllJb0VlMjYteUhZMUk2MnBaVVo2R1lWcTh2LU5XbmdGcU5i0gGaAUFVX3lxTE9WVlViNzU1dGJibHNyZF95NDlmMEhBeEo3WUljY05ybTFmWDlXUHJOeTBZR2hHcEUxMUk3TmExLVJGcGYxQklXS0J0Q1lBLU9vVEZzMkc0TWl0ODJydWRKU29DblZRRXMxY3V6ZXhWQWpaR2RsenFDQjFsaHlURGFUSlBxeXRyVzJ6RHdNRG1IVWpmbGZfS2cyM2c?oc=5\" target=\"_blank\" rel=\"noopener\">Bourde de la VAR ? Pourquoi le but de derni\u00e8re minute de Gon\u00e7alo Ramos contre Barcelone NE DEVRAIT PAS \u00eatre valid\u00e9<\/a>&nbsp;&nbsp;Tribuna.com<\/li>\n<li><a href=\"https:\/\/news.google.com\/rss\/articles\/CBMivwFBVV95cUxNb2VVa2Z0cFlIczVESTV3bzM0THpvT0RibWpQcEVyT3hxS0oyaWs2NVI3N1RtQW50NU1DWlVQVnI2NUVCR0p1LVVZLXZZOWhGR0M3TzR3ZWx3ODJ4NG9jc1FySTAtakhBSHRGUG1aOVZPQktmR2N3TUlReFFwUFpZaVBJckpJazJVeHBwanJGSHF4Vkh2WlpjcXYxOUVkR0QtcWFnWVNmRUlaUEdwem93UlVFOXVtNFozb0c4Qjgxdw?oc=5\" target=\"_blank\" rel=\"noopener\">PSG : la r\u00e9plique ac\u00e9r\u00e9e de Gon\u00e7alo Ramos \u00e0 Yamal<\/a>&nbsp;&nbsp;MSN<\/li>\n<\/ol>\n","protected":false},"excerpt":{"rendered":"PSG : Ramos dans l&rsquo;histoire !&nbsp;&nbsp;Maxifoot PSG : la r\u00e9ponse acide de Vitinha \u00e0 la story supprim\u00e9e de&hellip;\n","protected":false},"author":2,"featured_media":432469,"comment_status":"","ping_status":"","sticky":false,"template":"","format":"standard","meta":{"footnotes":""},"categories":[1410],"tags":[2266,2262,2261,1981,83,2260,451,2263,462,2269,2257,63,1011,27,2265,1441,453,66,447,2267,955,2268,241,149,70,1817,93,2264,2258,2259,60,969,455],"class_list":{"0":"post-432468","1":"post","2":"type-post","3":"status-publish","4":"format-standard","5":"has-post-thumbnail","7":"category-football","8":"tag-as-monaco","9":"tag-bundesligua","10":"tag-calcio","11":"tag-classement","12":"tag-coupe-de-france","13":"tag-coupe-de-la-ligue","14":"tag-coupe-du-monde","15":"tag-equipe","16":"tag-fc-nantes","17":"tag-fifa","18":"tag-foot","19":"tag-football","20":"tag-fr","21":"tag-france","22":"tag-girondins-bordeaux","23":"tag-joueur","24":"tag-liga","25":"tag-ligue-1","26":"tag-ligue-des-champions","27":"tag-losc","28":"tag-match","29":"tag-ogc-nice","30":"tag-ol","31":"tag-om","32":"tag-premier-league","33":"tag-pronostic","34":"tag-psg","35":"tag-rc-lens","36":"tag-resultat","37":"tag-score","38":"tag-sports","39":"tag-transfert","40":"tag-uefa"},"share_on_mastodon":{"url":"https:\/\/pubeurope.com\/@fr\/115301941578505692","error":""},"_links":{"self":[{"href":"https:\/\/www.europesays.com\/fr\/wp-json\/wp\/v2\/posts\/432468","targetHints":{"allow":["GET"]}}],"collection":[{"href":"https:\/\/www.europesays.com\/fr\/wp-json\/wp\/v2\/posts"}],"about":[{"href":"https:\/\/www.europesays.com\/fr\/wp-json\/wp\/v2\/types\/post"}],"author":[{"embeddable":true,"href":"https:\/\/www.europesays.com\/fr\/wp-json\/wp\/v2\/users\/2"}],"replies":[{"embeddable":true,"href":"https:\/\/www.europesays.com\/fr\/wp-json\/wp\/v2\/comments?post=432468"}],"version-history":[{"count":0,"href":"https:\/\/www.europesays.com\/fr\/wp-json\/wp\/v2\/posts\/432468\/revisions"}],"wp:featuredmedia":[{"embeddable":true,"href":"https:\/\/www.europesays.com\/fr\/wp-json\/wp\/v2\/media\/432469"}],"wp:attachment":[{"href":"https:\/\/www.europesays.com\/fr\/wp-json\/wp\/v2\/media?parent=432468"}],"wp:term":[{"taxonomy":"category","embeddable":true,"href":"https:\/\/www.europesays.com\/fr\/wp-json\/wp\/v2\/categories?post=432468"},{"taxonomy":"post_tag","embeddable":true,"href":"https:\/\/www.europesays.com\/fr\/wp-json\/wp\/v2\/tags?post=432468"}],"curies":[{"name":"wp","href":"https:\/\/api.w.org\/{rel}","templated":true}]}}