{"id":432470,"date":"2025-10-02T01:19:10","date_gmt":"2025-10-02T01:19:10","guid":{"rendered":"https:\/\/www.europesays.com\/fr\/432470\/"},"modified":"2025-10-02T01:19:10","modified_gmt":"2025-10-02T01:19:10","slug":"madonna-livre-un-rare-temoignage-sur-une-periode-noire-de-sa-vie-jai-envisage-le-suicide","status":"publish","type":"post","link":"https:\/\/www.europesays.com\/fr\/432470\/","title":{"rendered":"Madonna livre un rare t\u00e9moignage sur une p\u00e9riode noire de sa vie, \u00ab\u00a0J&rsquo;ai envisag\u00e9 le suicide\u00a0\u00bb"},"content":{"rendered":"<p>Les <strong>ic\u00f4nes de la musique<\/strong> traversent \u00e9galement<br \/>\ndes \u00e9preuves qui \u00e9branlent leurs certitudes les plus profondes.<br \/>\nDerri\u00e8re les paillettes et les succ\u00e8s plan\u00e9taires se cachent<br \/>\nparfois des blessures intimes d\u00e9vastatrices.<br \/>\n<strong>Madonna<\/strong> incarne cette dualit\u00e9 entre la star<br \/>\nin\u00e9branlable et la femme vuln\u00e9rable face aux tourments<br \/>\nfamiliaux.<\/p>\n<p>Dans un t\u00e9moignage bouleversant diffus\u00e9 r\u00e9cemment,<br \/>\n<strong>Madonna<\/strong> a lev\u00e9 le voile sur une p\u00e9riode<br \/>\nparticuli\u00e8rement sombre. Par cons\u00e9quent, l\u00a0\u00bbartiste r\u00e9v\u00e8le avoir<br \/>\nenvisag\u00e9 le <strong>suicide<\/strong> durant son <strong>divorce<br \/>\navec Guy Ritchie<\/strong>. L&rsquo;article explore ces confidences rares<br \/>\nainsi que les moments cl\u00e9s de sa vie publique et priv\u00e9e.<\/p>\n<p>Quand Madonna choquait d\u00e9j\u00e0 son public lors d&rsquo;un concert<br \/>\nlondonien<\/p>\n<p>Il y a pas mal de temps, pr\u00e9cis\u00e9ment en janvier 2020,<br \/>\n<strong>Madonna<\/strong> <a href=\"https:\/\/www.melty.fr\/people\/a-66-ans-madonna-deballe-sa-vie-intime-en-plein-concert-je-me-mets-a-genoux-2181997.html\" target=\"_blank\" rel=\"noopener\"><br \/>\na offert un spectacle m\u00e9morable au London Palladium<\/a>.<br \/>\nEffectivement, l&rsquo;interpr\u00e8te de Like a Virgin s&rsquo;est l\u00e2ch\u00e9e sans<br \/>\nfiltre devant son public anglais conquis. Comment est-ce qu&rsquo;on<br \/>\nappelle un homme avec un petit p\u00e9nis ? La r\u00e9ponse, c&rsquo;est que je<br \/>\nn&rsquo;en sais foutrement rien, a-t-elle cri\u00e9 dans son micro selon<br \/>\nles t\u00e9moins pr\u00e9sents. D&rsquo;ailleurs, elle a poursuivi en scandant que<br \/>\nla taille comptait r\u00e9ellement dans l&rsquo;intimit\u00e9 masculine. Cette<br \/>\n<strong>libert\u00e9 de parole<\/strong> refl\u00e8te parfaitement le<br \/>\npersonnage bordeline que <strong>Madonna<\/strong> a toujours<br \/>\ncultiv\u00e9 au fil des d\u00e9cennies.<\/p>\n<p>De surcro\u00eet, la chanteuse a encha\u00een\u00e9 avec des confidences encore<br \/>\nplus os\u00e9es sur ses exp\u00e9riences personnelles intimes.<br \/>\n<strong>Madonna<\/strong> n&rsquo;a jamais h\u00e9sit\u00e9 \u00e0 choquer son auditoire<br \/>\npar des propos crus qui divisent invariablement son public.<br \/>\nN\u00e9anmoins, cette attitude transgressive fait partie int\u00e9grante de<br \/>\nson identit\u00e9 artistique depuis quarante ann\u00e9es maintenant.<br \/>\nToutefois, ces moments de libert\u00e9 totale contrastent \u00e9trangement<br \/>\navec les p\u00e9riodes sombres qu&rsquo;elle a travers\u00e9es. Ainsi, derri\u00e8re<br \/>\ncette fa\u00e7ade provocatrice se dissimule une femme ayant connu des<br \/>\n\u00e9preuves beaucoup plus graves.<\/p>\n<p>Madonna officialisait sa relation avec un footballeur de trente<br \/>\nans son cadet<\/p>\n<p>Il y a de nombreux mois, <strong>Madonna<\/strong> <a href=\"https:\/\/www.melty.fr\/people\/madonna-en-couple-avec-un-footballeur-de-28-ans-ils-saffichent-officiellement-ensemble-2186310.html\" target=\"_blank\" rel=\"noopener\"><br \/>\na retrouv\u00e9 l&rsquo;amour dans les bras d&rsquo;Akeem Morris<\/a>. En effet, le<br \/>\nfootballeur de vingt-huit ans a accompagn\u00e9 la chanteuse lors de ses<br \/>\nd\u00e9placements europ\u00e9ens l&rsquo;\u00e9t\u00e9 dernier. Par ailleurs, les deux stars<br \/>\nse connaissaient d\u00e9j\u00e0 depuis plusieurs ann\u00e9es avant d&rsquo;officialiser<br \/>\nleur relation sur les r\u00e9seaux. <strong>Madonna<\/strong> a c\u00e9l\u00e9br\u00e9<br \/>\nson anniversaire entour\u00e9e de ses enfants, de ses amis proches et du<br \/>\njeune sportif.<\/p>\n<p>Cependant, c&rsquo;est v\u00e9ritablement sur Instagram que<br \/>\n<strong>Madonna<\/strong> a confirm\u00e9 publiquement leur histoire<br \/>\nd&rsquo;amour naissante en ligne. Effectivement, lors d&rsquo;un match de<br \/>\nl&rsquo;\u00e9quipe de Chelsea \u00e0 Londres, la diva a pris la pose avec Morris.<br \/>\nDe fait, les clich\u00e9s montraient une complicit\u00e9 \u00e9vidente entre la<br \/>\nstar et l&rsquo;ancien joueur d&rsquo;Oyster Bay United. Derni\u00e8rement,<br \/>\n<strong>Madonna<\/strong> a \u00e9galement travers\u00e9 le deuil douloureux<br \/>\nde sa belle-m\u00e8re durant cette m\u00eame p\u00e9riode troubl\u00e9e. N\u00e9anmoins,<br \/>\nAkeem Morris semble lui apporter le soutien \u00e9motionnel n\u00e9cessaire<br \/>\npour affronter ces moments difficiles. Toutefois, ces romances<br \/>\nm\u00e9diatis\u00e9es cachent des blessures bien plus profondes remontant \u00e0<br \/>\nquelques ann\u00e9es auparavant.<\/p>\n<p>Madonna confie avoir envisag\u00e9 le<br \/>\nsuicide durant son divorce avec Guy Ritchie<\/p>\n<p>Le 28 septembre dernier, <strong>Madonna<\/strong> s&rsquo;est confi\u00e9e<br \/>\ndans le podcast On Purpose with Jay Shetty. Effectivement, la reine<br \/>\nde la pop a \u00e9voqu\u00e9 la p\u00e9riode la plus sombre de son existence. Par<br \/>\ncons\u00e9quent, elle a r\u00e9v\u00e9l\u00e9 que son <strong>divorce avec Guy<br \/>\nRitchie<\/strong> l&rsquo;a men\u00e9e au bord du gouffre. Il y a eu des<br \/>\nmoments dans ma vie o\u00f9 j&rsquo;ai eu envie de me tailler les veines,<br \/>\nconfie <strong>Madonna<\/strong> avec une franchise d\u00e9chirante.<br \/>\nD&rsquo;ailleurs, elle pr\u00e9cise que ces pens\u00e9es suicidaires lui semblaient<br \/>\nalors la seule \u00e9chappatoire possible \u00e0 cette souffrance. De plus,<br \/>\nla bataille judiciaire pour la garde de son fils<br \/>\n<strong>Rocco<\/strong> a amplifi\u00e9 ce d\u00e9sespoir profond.<\/p>\n<p>En 2016, le tribunal a accord\u00e9 la garde de<br \/>\n<strong>Rocco<\/strong> \u00e0 son p\u00e8re <strong>Guy Ritchie<\/strong><br \/>\nmalgr\u00e9 l&rsquo;opposition acharn\u00e9e. <strong>Madonna<\/strong> raconte<br \/>\nqu&rsquo;elle restait allong\u00e9e sur le sol de sa loge en sanglots apr\u00e8s<br \/>\ncette d\u00e9cision d\u00e9vastatrice. Je pensais vraiment que c&rsquo;\u00e9tait la<br \/>\nfin du monde. Je n&rsquo;en pouvais plus, affirme-t-elle dans cet<br \/>\nentretien. Toutefois, le temps a permis de panser ces blessures<br \/>\nfamiliales qui semblaient alors insurmontables pour l&rsquo;artiste.<br \/>\nAujourd&rsquo;hui, <strong>Rocco<\/strong> entretient des relations<br \/>\napais\u00e9es avec <strong>Madonna<\/strong> apr\u00e8s des ann\u00e9es de tensions<br \/>\ndouloureuses entre eux. Finalement, ce t\u00e9moignage r\u00e9v\u00e8le la<br \/>\nvuln\u00e9rabilit\u00e9 d&rsquo;une ic\u00f4ne derri\u00e8re son image de femme<br \/>\nindestructible et provocatrice.<\/p>\n","protected":false},"excerpt":{"rendered":"Les ic\u00f4nes de la musique traversent \u00e9galement des \u00e9preuves qui \u00e9branlent leurs certitudes les plus profondes. Derri\u00e8re les&hellip;\n","protected":false},"author":2,"featured_media":432471,"comment_status":"","ping_status":"","sticky":false,"template":"","format":"standard","meta":{"footnotes":""},"categories":[1359],"tags":[58,59,1011,27,6239,973],"class_list":{"0":"post-432470","1":"post","2":"type-post","3":"status-publish","4":"format-standard","5":"has-post-thumbnail","7":"category-people","8":"tag-divertissement","9":"tag-entertainment","10":"tag-fr","11":"tag-france","12":"tag-madonna","13":"tag-people"},"share_on_mastodon":{"url":"https:\/\/pubeurope.com\/@fr\/115301945403166441","error":""},"_links":{"self":[{"href":"https:\/\/www.europesays.com\/fr\/wp-json\/wp\/v2\/posts\/432470","targetHints":{"allow":["GET"]}}],"collection":[{"href":"https:\/\/www.europesays.com\/fr\/wp-json\/wp\/v2\/posts"}],"about":[{"href":"https:\/\/www.europesays.com\/fr\/wp-json\/wp\/v2\/types\/post"}],"author":[{"embeddable":true,"href":"https:\/\/www.europesays.com\/fr\/wp-json\/wp\/v2\/users\/2"}],"replies":[{"embeddable":true,"href":"https:\/\/www.europesays.com\/fr\/wp-json\/wp\/v2\/comments?post=432470"}],"version-history":[{"count":0,"href":"https:\/\/www.europesays.com\/fr\/wp-json\/wp\/v2\/posts\/432470\/revisions"}],"wp:featuredmedia":[{"embeddable":true,"href":"https:\/\/www.europesays.com\/fr\/wp-json\/wp\/v2\/media\/432471"}],"wp:attachment":[{"href":"https:\/\/www.europesays.com\/fr\/wp-json\/wp\/v2\/media?parent=432470"}],"wp:term":[{"taxonomy":"category","embeddable":true,"href":"https:\/\/www.europesays.com\/fr\/wp-json\/wp\/v2\/categories?post=432470"},{"taxonomy":"post_tag","embeddable":true,"href":"https:\/\/www.europesays.com\/fr\/wp-json\/wp\/v2\/tags?post=432470"}],"curies":[{"name":"wp","href":"https:\/\/api.w.org\/{rel}","templated":true}]}}