{"id":432472,"date":"2025-10-02T01:20:19","date_gmt":"2025-10-02T01:20:19","guid":{"rendered":"https:\/\/www.europesays.com\/fr\/432472\/"},"modified":"2025-10-02T01:20:19","modified_gmt":"2025-10-02T01:20:19","slug":"don-surprise-dun-chef-doeuvre-caravagesque-a-la-ville-de-marseille","status":"publish","type":"post","link":"https:\/\/www.europesays.com\/fr\/432472\/","title":{"rendered":"Don surprise d\u2019un chef d\u2019\u0153uvre caravagesque \u00e0 la Ville de Marseille"},"content":{"rendered":"\n<p>Un gentleman offre \u00e0 Marseille un chef d\u2019\u0153uvre caravagesque. Une g\u00e9n\u00e9rosit\u00e9 qu\u2019on croyait ne pas pouvoir c\u00f4toyer, une histoire qu\u2019il fallait v\u00e9rifier \u00e9tape par \u00e9tape. Un personnage qui pr\u00e9f\u00e8re conserver l\u2019anonymat vient de faire donation d\u2019une toile d\u2019un artiste proche du Caravage, Louis Finson. Co\u00fbt de l\u2019op\u00e9ration, plus de 500 000 euros !<\/p>\n<p>Lumi\u00e8res et cruaut\u00e9s, corps en souffrance, reflets de bronze sur la peau, silence et d\u00e9but d\u2019extase. Perc\u00e9 par treize fl\u00e8ches, Saint- S\u00e9bastien entamera une nouvelle vie vendredi 3 octobre, dans une salle du rez-de-chauss\u00e9e du Palais Longchamp. On se h\u00e2tera de venir l\u2019admirer. Apr\u00e8s une br\u00e8ve pr\u00e9sentation au public qui s\u2019ach\u00e8vera dimanche 5 octobre en soir\u00e9e, ce martyr rejoindra pour quelques mois le CICRP, le Centre de Restauration du Patrimoine bas\u00e9 \u00e0 la Belle de Mai. Plusieurs d\u00e9fauts de ce clair-obscur de beau format \u2013 147 x 116 centim\u00e8tres \u2013 impliquent des r\u00e9parations.<\/p>\n<p>Un indice fiable aura confirm\u00e9 les expertises du Cabinet parisien Eric Turquin. En bas \u00e0 gauche, sa signature mentionne en majuscules son auteur \u00abAloisus Finsonius fecit\u00bb et sa date, 1612. Ce tableau qui appartenait \u00e0 une famille aixoise fut propos\u00e9 aux ench\u00e8res chez Drouot le 18 juin, par la maison de Ventes Ader. Son estimation \u00e9tait raisonnable, 40 \u00e0 60 000 euros. Alert\u00e9 et tr\u00e8s motiv\u00e9, le conservateur du mus\u00e9e Longchamp Luc Georget avait obtenu de la Ville de Marseille des cr\u00e9dits cons\u00e9quents : 300 000 euros avaient \u00e9t\u00e9 provisionn\u00e9s, la possibilit\u00e9 d\u2019une pr\u00e9emption semblait envisageable.<\/p>\n<p>La d\u00e9ception de Luc Georget fut immense. Au t\u00e9l\u00e9phone et dans la salle d\u2019autres concurrents du secteur priv\u00e9 surench\u00e9rissaient, le marteau final enregistra un implacable d\u00e9passement de pr\u00e9vision : 416.000 euros ! Frais compris, l\u2019acquisition de Saint S\u00e9bastien par une galerie italienne voisina 500 000 euros. Quand il reprit son train pour Marseille, le conservateur de Longchamp ne pouvait pas anticiper le miracle qui survint une vingtaine de jours plus tard&#8230;<\/p>\n<p><b>V\u0153u de silence <\/b><\/p>\n<p>Surprises et joies, la Ville et les mus\u00e9es furent inform\u00e9s de la volont\u00e9 d\u2019un ultime acqu\u00e9reur de la toile : il l\u2019avait rachet\u00e9e et avait r\u00e9solu d\u2019en faire donation \u00e0 Marseille ! Au milieu de cette soudaine clart\u00e9, un tr\u00e8s respectable point d\u2019obscurit\u00e9 : ce myst\u00e9rieux donateur exigeait de garder l\u2019anonymat. Mis \u00e0 part Beno\u00eet Payan, Jean-Marc Coppola et les directeurs des mus\u00e9es qui gardent tr\u00e8s l\u00e9gitimement pour eux ce secret, personne ne peut r\u00e9v\u00e9ler l\u2019identit\u00e9 de ce donateur : notre gratitude ne s\u2019exprimera pas directement.<\/p>\n<p>Ce taiseux n\u2019est pas uniquement un riche bienfaiteur, ce m\u00e9c\u00e8ne admire des expositions et des tableaux li\u00e9s au destin de Marseille. On imaginera qu\u2019il a souvent consult\u00e9 le catalogue de l\u2019exposition de la Peinture en Provence au XVII\u00b0 si\u00e8cle, programm\u00e9e en 1978 au Palais Longchamp. Dans ce catalogue Jacques Thuillier raconte que Louis Finsonius (1578-1617) fut proche du Caravage qu\u2019il h\u00e9bergea dans son atelier de Naples. Auteur de tableaux qu\u2019on aime dans les cath\u00e9drales d\u2019Aix et d\u2019Arles, Finson fut invit\u00e9 en Provence par l\u2019\u00e9rudit et collectionneur aixois Nicolas Peiresc. D\u2019ordinaire visible \u00e0 Longchamp, son chef d\u2019\u0153uvre, une copie de La Madeleine en extase du Caravage, est actuellement pr\u00e9sent\u00e9 dans l\u2019exposition Georges de La Tour du mus\u00e9e Jacquemart-Andr\u00e9.<\/p>\n<p>Le tableau, apr\u00e8s avoir b\u00e9n\u00e9fici\u00e9 d\u2019une restauration compl\u00e8te pendant plusieurs mois rejoindra ensuite les collections permanentes du mus\u00e9e en 2026, dans un accrochage valorisant les \u00e9coles italienne et proven\u00e7ale du XVIIe si\u00e8cle.<\/p>\n<p><b>Alain Paire<\/b><\/p>\n","protected":false},"excerpt":{"rendered":"Un gentleman offre \u00e0 Marseille un chef d\u2019\u0153uvre caravagesque. Une g\u00e9n\u00e9rosit\u00e9 qu\u2019on croyait ne pas pouvoir c\u00f4toyer, une&hellip;\n","protected":false},"author":2,"featured_media":432473,"comment_status":"","ping_status":"","sticky":false,"template":"","format":"standard","meta":{"footnotes":""},"categories":[1358],"tags":[1348,1384,1385,10448,1386,58,59,1011,27],"class_list":{"0":"post-432472","1":"post","2":"type-post","3":"status-publish","4":"format-standard","5":"has-post-thumbnail","7":"category-arts-et-design","8":"tag-arts","9":"tag-arts-and-design","10":"tag-arts-et-design","11":"tag-caravage","12":"tag-design","13":"tag-divertissement","14":"tag-entertainment","15":"tag-fr","16":"tag-france"},"share_on_mastodon":{"url":"https:\/\/pubeurope.com\/@fr\/115301949525505249","error":""},"_links":{"self":[{"href":"https:\/\/www.europesays.com\/fr\/wp-json\/wp\/v2\/posts\/432472","targetHints":{"allow":["GET"]}}],"collection":[{"href":"https:\/\/www.europesays.com\/fr\/wp-json\/wp\/v2\/posts"}],"about":[{"href":"https:\/\/www.europesays.com\/fr\/wp-json\/wp\/v2\/types\/post"}],"author":[{"embeddable":true,"href":"https:\/\/www.europesays.com\/fr\/wp-json\/wp\/v2\/users\/2"}],"replies":[{"embeddable":true,"href":"https:\/\/www.europesays.com\/fr\/wp-json\/wp\/v2\/comments?post=432472"}],"version-history":[{"count":0,"href":"https:\/\/www.europesays.com\/fr\/wp-json\/wp\/v2\/posts\/432472\/revisions"}],"wp:featuredmedia":[{"embeddable":true,"href":"https:\/\/www.europesays.com\/fr\/wp-json\/wp\/v2\/media\/432473"}],"wp:attachment":[{"href":"https:\/\/www.europesays.com\/fr\/wp-json\/wp\/v2\/media?parent=432472"}],"wp:term":[{"taxonomy":"category","embeddable":true,"href":"https:\/\/www.europesays.com\/fr\/wp-json\/wp\/v2\/categories?post=432472"},{"taxonomy":"post_tag","embeddable":true,"href":"https:\/\/www.europesays.com\/fr\/wp-json\/wp\/v2\/tags?post=432472"}],"curies":[{"name":"wp","href":"https:\/\/api.w.org\/{rel}","templated":true}]}}