{"id":432474,"date":"2025-10-02T01:21:15","date_gmt":"2025-10-02T01:21:15","guid":{"rendered":"https:\/\/www.europesays.com\/fr\/432474\/"},"modified":"2025-10-02T01:21:15","modified_gmt":"2025-10-02T01:21:15","slug":"carta-cultura-la-prime-au-livre-de-100-euros-est-lancee-aujourdhui-voici-comment-la-demander","status":"publish","type":"post","link":"https:\/\/www.europesays.com\/fr\/432474\/","title":{"rendered":"Carta Cultura, la prime au livre de 100 euros, est lanc\u00e9e aujourd&rsquo;hui : voici comment la demander"},"content":{"rendered":"<p>                            by <a href=\"https:\/\/www.finestresullarte.info\/fr\/1846p_redazione-finestre-sull-arte.php\" target=\"_blank\" rel=\"noopener\">\t            Redazione <\/a>\t            , published on 01\/10\/2025\t\t<br \/>Categories:  <a href=\"https:\/\/www.finestresullarte.info\/fr\/flash-news\/18c-edition.php\" target=\"_blank\" rel=\"noopener\">\u00c9dition<\/a><br \/>\n\t        \t        \t\t\t\/ <a href=\"#disclaimer\">Disclaimer<\/a><\/p>\n<p>\n\t\t\t\t\tDu 1er au 31 octobre, les familles dont l&rsquo;ISEE ne d\u00e9passe pas 15 000 euros peuvent demander la Carta della Cultura, une contribution num\u00e9rique de 100 euros pour l&rsquo;achat de livres papier ou num\u00e9riques. La demande est introduite par l&rsquo;interm\u00e9diaire de l&rsquo;App IO et le classement est effectu\u00e9 jusqu&rsquo;\u00e0 \u00e9puisement des fonds. Voici comment proc\u00e9der.                <\/p>\n<p>\u00c0 partir d\u2019aujourd\u2019hui, 1er octobre, et jusqu\u2019au 31 octobre \u00e0 midi, il est possible de <strong>pr\u00e9senter une demande d\u2019<\/strong> acc\u00e8s \u00e0 la <strong>\u201cCarte Culture\u201d, la<\/strong> contribution num\u00e9rique mise \u00e0 disposition par le <strong>minist\u00e8re de la Culture<\/strong> pour l\u2019<strong> achat de livres<\/strong>. L\u2019initiative, g\u00e9r\u00e9e par le Centre du livre et de la lecture avec le soutien technique de PagoPA, CONSAP et SOGEI, vise \u00e0 lutter contre la pauvret\u00e9 \u00e9ducative et culturelle en offrant un soutien concret aux familles \u00e0 faibles revenus.<\/p>\n<p>La mesure, <a href=\"https:\/\/www.finestresullarte.info\/fr\/edition\/le-mic-lance-la-carte-culture-100-euros-pour-l-achat-de-livres-par-les-familles-fragiles\" target=\"_blank\" rel=\"noopener\">lanc\u00e9e il y a quelques jours<\/a>, pr\u00e9voit l\u2019attribution d\u2019une<strong> carte num\u00e9rique<\/strong>, d\u2019une valeur de 100 euros, pour chaque ann\u00e9e entre 2020 et 2024. Elle sera accessible aux m\u00e9nages italiens ou \u00e9trangers r\u00e9sidant en Italie, dont l\u2019<strong>ISEE ne d\u00e9passe pas 15 000 euros.<\/strong> L\u2019acc\u00e8s \u00e0 la contribution n\u2019est donc pas li\u00e9 \u00e0 la citoyennet\u00e9, mais seulement \u00e0 la r\u00e9sidence et au respect du seuil \u00e9conomique \u00e9tabli.<\/p>\n<p>La proc\u00e9dure d\u2019obtention de la carte culture se d\u00e9roule <strong>enti\u00e8rement en ligne<\/strong> et en <strong>mode simplifi\u00e9<\/strong>. En effet, les familles int\u00e9ress\u00e9es devront pr\u00e9senter la demande \u00e0 travers l\u2019<strong>App IO<\/strong>, l\u2019application de services publics g\u00e9r\u00e9e par PagoPA. Pour y acc\u00e9der, il faudra s\u2019authentifier \u00e0 l\u2019aide de l\u2019identit\u00e9 num\u00e9rique SPID ou de la carte d\u2019identit\u00e9 \u00e9lectronique (CIE). Aucune autre modalit\u00e9 de candidature n\u2019est pr\u00e9vue : la proc\u00e9dure via l\u2019application est le seul canal autoris\u00e9.<\/p>\n<p><img loading=\"lazy\" decoding=\"async\" alt=\"Librairie. Photo : Eliabe Costa\" title=\"Librairie. Photo : Eliabe Costa\" src=\"https:\/\/www.europesays.com\/fr\/wp-content\/uploads\/2025\/10\/libreria-1-ph-eliabe-costa.jpg\" width=\"750\" height=\"500\" class=\"lazy\"\/>&#13;<br \/>\nLibrairie. Photo : Eliabe Costa&#13;<\/p>\n<p>Une fois la demande soumise, le syst\u00e8me traitera les classements, un pour chaque ann\u00e9e de r\u00e9f\u00e9rence. L\u2019attribution de la carte se fera en fonction de deux crit\u00e8res principaux : l\u2019ISEE d\u00e9clar\u00e9, par ordre croissant, et la chronologie de l\u2019introduction de la demande. En d\u2019autres termes, la priorit\u00e9 sera donn\u00e9e aux m\u00e9nages dont l\u2019indicateur \u00e9conomique est inf\u00e9rieur et, \u00e0 conditions \u00e9gales, \u00e0 ceux qui ont introduit la demande avant les autres. La mesure reste toutefois soumise \u00e0 la disponibilit\u00e9 des ressources : les contributions seront accord\u00e9es jusqu\u2019\u00e0 \u00e9puisement des fonds.<\/p>\n<p>Le r\u00e9sultat de la demande sera notifi\u00e9 directement sur l\u2019application IO. Les b\u00e9n\u00e9ficiaires seront cr\u00e9dit\u00e9s de la carte dans la section \u201cPortefeuille\u201d de l\u2019application et pourront l\u2019utiliser \u00e0 partir de ce moment. La p\u00e9riode de validit\u00e9 est fix\u00e9e \u00e0 12 mois apr\u00e8s l\u2019\u00e9mission, au cours desquels le montant doit \u00eatre d\u00e9pens\u00e9.<\/p>\n<p>La prime ne peut \u00eatre utilis\u00e9e que pour l\u2019achat de livres, tant en format papier que num\u00e9rique, \u00e0 condition qu\u2019ils poss\u00e8dent un code ISBN, le num\u00e9ro d\u2019identification qui garantit leur tra\u00e7abilit\u00e9 et leur reconnaissance sur le march\u00e9 de l\u2019\u00e9dition. Les livres peuvent \u00eatre achet\u00e9s dans les librairies et les points de vente affili\u00e9s, dont les listes seront disponibles et mises \u00e0 jour en permanence sur une plateforme d\u00e9di\u00e9e. L\u2019objectif d\u00e9clar\u00e9 est d\u2019encourager la diffusion de la lecture comme outil de d\u00e9veloppement personnel et culturel, tout en soutenant le secteur de l\u2019\u00e9dition et les librairies participantes.<\/p>\n<p>La carte culture s\u2019inscrit dans le cadre des initiatives de soutien aux familles les moins ais\u00e9es et vise \u00e0 offrir la possibilit\u00e9 d\u2019acc\u00e9der au livre en tant que bien fondamental pour l\u2019\u00e9ducation et la croissance sociale. La mesure a \u00e9galement une valeur symbolique, car elle reconna\u00eet la lecture comme un outil d\u2019\u00e9mancipation et d\u2019inclusion. C\u2019est pourquoi les promoteurs ont soulign\u00e9 que l\u2019objectif n\u2019est pas seulement d\u2019apporter un soutien \u00e9conomique imm\u00e9diat, mais aussi de contribuer \u00e0 r\u00e9duire la fracture culturelle qui marque encore de nombreuses r\u00e9gions du pays.<\/p>\n<p>L\u2019initiative, n\u00e9e dans le cadre des interventions du minist\u00e8re de la Culture, s\u2019ajoute \u00e0 d\u2019autres formes de soutien \u00e0 la lecture, telles que la carte d\u2019enseignant ou le bonus culturel pour les jeunes de 18 ans, mais se distingue par le fait qu\u2019elle s\u2019adresse \u00e0 des m\u00e9nages entiers et non \u00e0 des individus. En outre, la d\u00e9cision de fixer la limite de l\u2019ISEE \u00e0 15 000 euros vise \u00e0 intercepter les familles qui, bien qu\u2019entrant dans les param\u00e8tres de la difficult\u00e9 \u00e9conomique, n\u2019ont souvent pas la possibilit\u00e9 d\u2019allouer des ressources \u00e0 l\u2019achat de livres.<\/p>\n<p>Toutes les informations sur la Carte Culture, y compris les conditions de participation et les d\u00e9tails techniques, sont disponibles sur le site officiel d\u2019App IO \u00e0 l\u2019adresse <a href=\"https:\/\/ioapp.it\/carta-della-cultura\" target=\"_new\" rel=\"noopener\">ioapp.it\/carta-della-cultura<\/a>. D\u2019autres informations sont \u00e9galement disponibles sur le portail du Centre du livre et de la lecture, <a href=\"https:\/\/cepell.it\/carta-della-cultura\" target=\"_new\" rel=\"noopener\">cepell.it\/carta-della-cultura<\/a>.<\/p>\n<tr>\n<td>\n<img decoding=\"async\" src=\"https:\/\/www.europesays.com\/fr\/wp-content\/uploads\/2025\/10\/libreria-1-ph-eliabe-costa.jpg\" alt=\"Carta Cultura, la prime au livre de 100 euros, est lanc\u00e9e aujourd'hui : voici comment la demander\" title=\"Carta Cultura, la prime au livre de 100 euros, est lanc\u00e9e aujourd'hui : voici comment la demander\"\/><\/td>\n<\/tr>\n<tr>\n<td>Carta Cultura, la prime au livre de 100 euros, est lanc\u00e9e aujourd&rsquo;hui : voici comment la demander<\/td>\n<\/tr>\n<p><\/p>\n<p style=\"font-size:14px\" id=\"disclaimer\">Avertissement : la traduction en fran\u00e7ais de l&rsquo;article original italien a \u00e9t\u00e9 r\u00e9alis\u00e9e \u00e0 l&rsquo;aide d&rsquo;outils<br \/>\n                automatiques.<br \/>\n                Nous nous engageons \u00e0 r\u00e9viser tous les articles, mais nous ne garantissons pas l&rsquo;absence totale d&rsquo;inexactitudes dans la traduction dues au<br \/>\n                programme. Vous pouvez trouver l&rsquo;original en cliquant sur le bouton ITA. Si vous trouvez une erreur,<a href=\"https:\/\/www.finestresullarte.info\/fr\/info.php\" target=\"_blank\" rel=\"noopener\">veuillez nous contacter<\/a>.<\/p>\n","protected":false},"excerpt":{"rendered":"by Redazione , published on 01\/10\/2025 Categories: \u00c9dition \/ Disclaimer Du 1er au 31 octobre, les familles dont&hellip;\n","protected":false},"author":2,"featured_media":432475,"comment_status":"","ping_status":"","sticky":false,"template":"","format":"standard","meta":{"footnotes":""},"categories":[1357],"tags":[1379,58,59,1011,27,1380,55225],"class_list":{"0":"post-432474","1":"post","2":"type-post","3":"status-publish","4":"format-standard","5":"has-post-thumbnail","7":"category-livres","8":"tag-books","9":"tag-divertissement","10":"tag-entertainment","11":"tag-fr","12":"tag-france","13":"tag-livres","14":"tag-ministero-della-cultura"},"share_on_mastodon":{"url":"https:\/\/pubeurope.com\/@fr\/115301953889333354","error":""},"_links":{"self":[{"href":"https:\/\/www.europesays.com\/fr\/wp-json\/wp\/v2\/posts\/432474","targetHints":{"allow":["GET"]}}],"collection":[{"href":"https:\/\/www.europesays.com\/fr\/wp-json\/wp\/v2\/posts"}],"about":[{"href":"https:\/\/www.europesays.com\/fr\/wp-json\/wp\/v2\/types\/post"}],"author":[{"embeddable":true,"href":"https:\/\/www.europesays.com\/fr\/wp-json\/wp\/v2\/users\/2"}],"replies":[{"embeddable":true,"href":"https:\/\/www.europesays.com\/fr\/wp-json\/wp\/v2\/comments?post=432474"}],"version-history":[{"count":0,"href":"https:\/\/www.europesays.com\/fr\/wp-json\/wp\/v2\/posts\/432474\/revisions"}],"wp:featuredmedia":[{"embeddable":true,"href":"https:\/\/www.europesays.com\/fr\/wp-json\/wp\/v2\/media\/432475"}],"wp:attachment":[{"href":"https:\/\/www.europesays.com\/fr\/wp-json\/wp\/v2\/media?parent=432474"}],"wp:term":[{"taxonomy":"category","embeddable":true,"href":"https:\/\/www.europesays.com\/fr\/wp-json\/wp\/v2\/categories?post=432474"},{"taxonomy":"post_tag","embeddable":true,"href":"https:\/\/www.europesays.com\/fr\/wp-json\/wp\/v2\/tags?post=432474"}],"curies":[{"name":"wp","href":"https:\/\/api.w.org\/{rel}","templated":true}]}}