{"id":432490,"date":"2025-10-02T01:29:17","date_gmt":"2025-10-02T01:29:17","guid":{"rendered":"https:\/\/www.europesays.com\/fr\/432490\/"},"modified":"2025-10-02T01:29:17","modified_gmt":"2025-10-02T01:29:17","slug":"la-poste-et-amazon-dans-les-starting-blocks-11-000-saisonniers-recherches-pour-livrer-les-colis","status":"publish","type":"post","link":"https:\/\/www.europesays.com\/fr\/432490\/","title":{"rendered":"La Poste et Amazon dans les starting-blocks, 11.000 saisonniers recherch\u00e9s pour livrer les colis"},"content":{"rendered":"<p>Les deux g\u00e9ants de la <a href=\"https:\/\/www.20minutes.fr\/dossier\/livraison\" class=\"c-link c-link--is-underlined\" target=\"_blank\" rel=\"noopener\">livraison<\/a> de colis en France, <a href=\"https:\/\/www.20minutes.fr\/dossier\/la_poste\" class=\"c-link c-link--is-underlined\" target=\"_blank\" rel=\"noopener\">La Poste<\/a> et <a href=\"https:\/\/www.20minutes.fr\/high-tech\/amazon\/\" class=\"c-link c-link--is-underlined\" target=\"_blank\" rel=\"noopener\">Amazon<\/a>, ont annonc\u00e9 plusieurs milliers de recrutements en renfort \u00e0 l\u2019approche des f\u00eates de fin d\u2019ann\u00e9e. Une n\u00e9cessit\u00e9 pour r\u00e9pondre \u00e0 l\u2019augmentation des flux de colis.<\/p>\n<p>Entre les prix cass\u00e9s du <a href=\"https:\/\/www.20minutes.fr\/guide-achat\/black-friday-guide-achat\/\" class=\"c-link c-link--is-underlined\" target=\"_blank\" rel=\"noopener\">Black Friday<\/a> et les <a href=\"https:\/\/www.20minutes.fr\/dossier\/cadeaux_de_noel\" class=\"c-link c-link--is-underlined\" target=\"_blank\" rel=\"noopener\">cadeaux de No\u00ebl<\/a>, la p\u00e9riode de novembre-d\u00e9cembre conna\u00eet syst\u00e9matiquement depuis plusieurs ann\u00e9es un pic de colis. La Poste entend recruter 3.000 saisonniers pour y faire face, tout en s\u2019appuyant sur ses 100.000 facteurs, agents de tri et guichetiers pour relever ce \u00ab\u00a0v\u00e9ritable d\u00e9fi logistique\u00a0\u00bb, explique dans un communiqu\u00e9 le groupe public qui emploie 230.000 personnes.<\/p>\n<\/p>\n<p>Trois millions de colis au quotidien pour La Poste<\/p>\n<p>Durant cette p\u00e9riode, La Poste peut \u00eatre amen\u00e9e \u00e0 livrer \u00ab\u00a0jusqu\u2019\u00e0 3\u00a0millions\u00a0\u00bb de colis chaque jour, \u00ab\u00a0contre 1,5\u00a0million en temps normal\u00a0\u00bb. En novembre et d\u00e9cembre\u00a02024, ce sont 100\u00a0millions de Colissimo qui ont \u00e9t\u00e9 tri\u00e9s et livr\u00e9s.<\/p>\n<p>L\u2019autre g\u00e9ant de la logistique en France, Amazon, a r\u00e9v\u00e9l\u00e9 mercredi dans un communiqu\u00e9 pr\u00e9voir le <a href=\"https:\/\/www.20minutes.fr\/dossier\/recrutement\" class=\"c-link c-link--is-underlined\" target=\"_blank\" rel=\"noopener\">recrutement<\/a> de 8.500 saisonniers pour les f\u00eates de fin d\u2019ann\u00e9e, dans ses centres de distribution, centres de tri et agences de livraison. Ces opportunit\u00e9s professionnelles \u00ab\u00a0peuvent d\u00e9boucher sur des emplois durables puisque chaque ann\u00e9e, de nombreux saisonniers poursuivent l\u2019aventure en CDI\u00a0\u00bb, \u00e9voque Patrick Labarre, pr\u00e9sident d\u2019Amazon France Logistique.<\/p>\n<p><a href=\"https:\/\/www.20minutes.fr\/high-tech\/amazon\/\" class=\"c-link c-btn c-btn--primary\" target=\"_blank\" rel=\"noopener\">Notre dossier sur Amazon<\/a><\/p>\n<p>Le mastodonte am\u00e9ricain emploie sur le territoire national plus de 25.000 personnes en CDI sur plus de 35 sites logistiques et bureaux.<\/p>\n","protected":false},"excerpt":{"rendered":"Les deux g\u00e9ants de la livraison de colis en France, La Poste et Amazon, ont annonc\u00e9 plusieurs milliers&hellip;\n","protected":false},"author":2,"featured_media":432491,"comment_status":"","ping_status":"","sticky":false,"template":"","format":"standard","meta":{"footnotes":""},"categories":[6],"tags":[47,4239,56038,35,33,34,1011,27,3316,7032,15830,7099,5761],"class_list":{"0":"post-432490","1":"post","2":"type-post","3":"status-publish","4":"format-standard","5":"has-post-thumbnail","7":"category-economie","8":"tag-actualite","9":"tag-amazon","10":"tag-black-friday","11":"tag-business","12":"tag-economie","13":"tag-economy","14":"tag-fr","15":"tag-france","16":"tag-la-poste","17":"tag-livraison","18":"tag-noel","19":"tag-recrutement","20":"tag-vie-pro"},"share_on_mastodon":{"url":"https:\/\/pubeurope.com\/@fr\/115301984734255544","error":""},"_links":{"self":[{"href":"https:\/\/www.europesays.com\/fr\/wp-json\/wp\/v2\/posts\/432490","targetHints":{"allow":["GET"]}}],"collection":[{"href":"https:\/\/www.europesays.com\/fr\/wp-json\/wp\/v2\/posts"}],"about":[{"href":"https:\/\/www.europesays.com\/fr\/wp-json\/wp\/v2\/types\/post"}],"author":[{"embeddable":true,"href":"https:\/\/www.europesays.com\/fr\/wp-json\/wp\/v2\/users\/2"}],"replies":[{"embeddable":true,"href":"https:\/\/www.europesays.com\/fr\/wp-json\/wp\/v2\/comments?post=432490"}],"version-history":[{"count":0,"href":"https:\/\/www.europesays.com\/fr\/wp-json\/wp\/v2\/posts\/432490\/revisions"}],"wp:featuredmedia":[{"embeddable":true,"href":"https:\/\/www.europesays.com\/fr\/wp-json\/wp\/v2\/media\/432491"}],"wp:attachment":[{"href":"https:\/\/www.europesays.com\/fr\/wp-json\/wp\/v2\/media?parent=432490"}],"wp:term":[{"taxonomy":"category","embeddable":true,"href":"https:\/\/www.europesays.com\/fr\/wp-json\/wp\/v2\/categories?post=432490"},{"taxonomy":"post_tag","embeddable":true,"href":"https:\/\/www.europesays.com\/fr\/wp-json\/wp\/v2\/tags?post=432490"}],"curies":[{"name":"wp","href":"https:\/\/api.w.org\/{rel}","templated":true}]}}