{"id":432492,"date":"2025-10-02T01:30:17","date_gmt":"2025-10-02T01:30:17","guid":{"rendered":"https:\/\/www.europesays.com\/fr\/432492\/"},"modified":"2025-10-02T01:30:17","modified_gmt":"2025-10-02T01:30:17","slug":"benyamin-netanyahou-se-retrouve-desormais-face-a-une-coalition-au-bord-de-limplosion","status":"publish","type":"post","link":"https:\/\/www.europesays.com\/fr\/432492\/","title":{"rendered":"\u00abBenyamin Netanyahou se retrouve d\u00e9sormais face \u00e0 une coalition au bord de l\u2019implosion\u00bb"},"content":{"rendered":"<p><strong>ENTRETIEN &#8211;\u00a0<\/strong>Apr\u00e8s le plan de paix am\u00e9ricain pour Gaza et le Proche-Orient, accept\u00e9 par Isra\u00ebl, Netanyahou est, pour la premi\u00e8re fois ouvertement contest\u00e9e par son arm\u00e9e, explique le pr\u00e9sident du Forum international pour la paix, Ofer Bronchtein.<\/p>\n<p class=\"fig-paragraph\">Ofer Bronchtein est pr\u00e9sident du Forum international pour la paix et la r\u00e9conciliation au Moyen-Orient, ONG qui promeut le dialogue entre Palestiniens et Isra\u00e9liens. Il est un ancien collaborateur d\u2019Yitzhak Rabin, premier ministre travailliste de l\u2019\u00c9tat d\u2019Isra\u00ebl, cosignataire des accords d\u2019Oslo avec Yasser Arafat en 1993 et assassin\u00e9 en 1995.<\/p>\n<p class=\"fig-paragraph\"><strong>LE FIGARO. &#8211; Quel regard portez-vous sur le plan de paix propos\u00e9 par Trump\u00a0?<\/strong><\/p>\n<p class=\"fig-paragraph\"><strong>Ofer BRONCHTEIN. &#8211;<\/strong> Le \u00ab plan Trump\u00a0\u00bb, pr\u00e9sent\u00e9 r\u00e9cemment comme \u00ab le plus ambitieux depuis la pr\u00e9histoire\u00a0\u00bb selon Joe Biden, n\u2019est pas une initiative improvis\u00e9e. Il est l\u2019aboutissement d\u2019un travail diplomatique men\u00e9 de longue date par la France et l\u2019Arabie saoudite, dans un contexte o\u00f9\u00a0<a href=\"http:\/\/www.lefigaro.fr\/international\/l-armee-israelienne-annonce-la-fermeture-du-dernier-point-d-acces-reliant-le-sud-au-nord-de-la-bande-de-gaza-20251001\" data-fig-type=\"NewsFlash\" data-gtm-custom-categorie=\"navigation\" data-gtm-custom-action=\"crossclick\" data-gtm-custom-label=\"Contextuel\" data-gtm-event=\"customEventSPE\" data-fig-domain=\"LEFIGARO\" target=\"_blank\" rel=\"noopener\">Isra\u00ebl<\/a>\u00a0est pass\u00e9 en quelques mois du statut de pays soutenu apr\u00e8s les massacres du 7 octobre \u00e0 celui d\u2019\u00c9tat isol\u00e9 comme jamais auparavant.<\/p>\n<p class=\"fig-paragraph\">Contrairement \u00e0 l\u2019image souvent v\u00e9hicul\u00e9e, Donald Trump a cette fois su \u00e9couter ses interlocuteurs, notamment Emmanuel Macron et Mohammed ben\u2026<\/p>\n<p class=\"fig-premium-paywall__infos\">\n        Cet article est r\u00e9serv\u00e9 aux abonn\u00e9s.        Il vous reste 85% \u00e0 d\u00e9couvrir.\n    <\/p>\n<p>                <img  data- alt=\"Le Figaro\" class=\"fig-img--complete fig-img\"\/><\/p>\n<p class=\"fig-premium-paywall__title\">Vous avez envie de lire la suite ?<\/p>\n<p class=\"fig-premium-paywall__subtitle\">D\u00e9bloquez tous les articles imm\u00e9diatement.<\/p>\n<p class=\"fig-premium-paywall__connect\">\n                D\u00e9j\u00e0 abonn\u00e9\u00a0?                <a class=\"fig-premium-paywall__connect-link\" href=\"https:\/\/connect.lefigaro.fr\/login?client=horizon_web&amp;type=main&amp;redirect_uri=https%3A%2F%2Fwww.lefigaro.fr%2Fvox%2Fmonde%2Fplan-trump-pour-gaza-benyamin-netanyahou-se-retrouve-desormais-face-a-une-coalition-au-bord-de-l-implosion-20251001\" data-js-gtm=\"{&quot;customCategorie&quot;: &quot;conversion&quot;, &quot;customAction&quot;: &quot;before_Landing_Connexion_paywall_auto&quot;, &quot;customLabel&quot;: &quot;bGVmaWdhcm8uZnJfXzFmMDllZDVkLTg0OGUtNmI4Yy1hMDY0LWRkNDBjMDZjNDA4ZV9fQXJ0aWNsZQ==_Plan Trump pour Gaza\u00a0: \u00abBenyamin Netanyahou se retrouve d\u00e9sormais face \u00e0 une coalition au bord de l\u2019implosion\u00bb_141&quot;, &quot;customIDSPE&quot;: &quot;bGVmaWdhcm8uZnJfXzFmMDllZDVkLTg0OGUtNmI4Yy1hMDY0LWRkNDBjMDZjNDA4ZV9fQXJ0aWNsZQ==&quot;, &quot;event&quot;: &quot;customEventSPE&quot;}\" target=\"_blank\" rel=\"noopener\"><br \/>\n                    Connectez-vous<br \/>\n                <\/a>\n            <\/p>\n","protected":false},"excerpt":{"rendered":"ENTRETIEN &#8211;\u00a0Apr\u00e8s le plan de paix am\u00e9ricain pour Gaza et le Proche-Orient, accept\u00e9 par Isra\u00ebl, Netanyahou est, pour&hellip;\n","protected":false},"author":2,"featured_media":432493,"comment_status":"","ping_status":"","sticky":false,"template":"","format":"standard","meta":{"footnotes":""},"categories":[5],"tags":[11,3259,75,1011,27,665,14,12,28],"class_list":{"0":"post-432492","1":"post","2":"type-post","3":"status-publish","4":"format-standard","5":"has-post-thumbnail","7":"category-international","8":"tag-actualites","9":"tag-conflit-israelo-palestinien","10":"tag-donald-trump","11":"tag-fr","12":"tag-france","13":"tag-gaza","14":"tag-international","15":"tag-news","16":"tag-world"},"share_on_mastodon":{"url":"https:\/\/pubeurope.com\/@fr\/115301988717129469","error":""},"_links":{"self":[{"href":"https:\/\/www.europesays.com\/fr\/wp-json\/wp\/v2\/posts\/432492","targetHints":{"allow":["GET"]}}],"collection":[{"href":"https:\/\/www.europesays.com\/fr\/wp-json\/wp\/v2\/posts"}],"about":[{"href":"https:\/\/www.europesays.com\/fr\/wp-json\/wp\/v2\/types\/post"}],"author":[{"embeddable":true,"href":"https:\/\/www.europesays.com\/fr\/wp-json\/wp\/v2\/users\/2"}],"replies":[{"embeddable":true,"href":"https:\/\/www.europesays.com\/fr\/wp-json\/wp\/v2\/comments?post=432492"}],"version-history":[{"count":0,"href":"https:\/\/www.europesays.com\/fr\/wp-json\/wp\/v2\/posts\/432492\/revisions"}],"wp:featuredmedia":[{"embeddable":true,"href":"https:\/\/www.europesays.com\/fr\/wp-json\/wp\/v2\/media\/432493"}],"wp:attachment":[{"href":"https:\/\/www.europesays.com\/fr\/wp-json\/wp\/v2\/media?parent=432492"}],"wp:term":[{"taxonomy":"category","embeddable":true,"href":"https:\/\/www.europesays.com\/fr\/wp-json\/wp\/v2\/categories?post=432492"},{"taxonomy":"post_tag","embeddable":true,"href":"https:\/\/www.europesays.com\/fr\/wp-json\/wp\/v2\/tags?post=432492"}],"curies":[{"name":"wp","href":"https:\/\/api.w.org\/{rel}","templated":true}]}}