{"id":432496,"date":"2025-10-02T01:32:18","date_gmt":"2025-10-02T01:32:18","guid":{"rendered":"https:\/\/www.europesays.com\/fr\/432496\/"},"modified":"2025-10-02T01:32:18","modified_gmt":"2025-10-02T01:32:18","slug":"je-connais-la-liste-des-ministres-du-gouvernement-lecornu-liberation","status":"publish","type":"post","link":"https:\/\/www.europesays.com\/fr\/432496\/","title":{"rendered":"Je connais la liste des ministres du gouvernement Lecornu\u2026 \u2013 Lib\u00e9ration"},"content":{"rendered":"<p class=\"sc-cPiKLX AiZTS text-element\">Bien s\u00fbr que non. Je ne la connais pas, j\u2019ai choisi ce titre pour attirer votre attention. Je ne la connais pas et surtout je m\u2019en fiche un peu. Avouez, vous aussi. D\u2019ailleurs faites l\u2019essai, comptez sur vos doigts. Une seule main risque de suffire ; combien connaissez-vous de ministres, leur nom, leur parti et leur fonction exacte ? Autant vous demander la composition de l\u2019\u00e9quipe de France de curling. Connaissez-vous seulement le nom et les dirigeants des trois partis dits du \u00abbloc central\u00bb ? Si oui, c\u2019est tr\u00e8s certainement que vous \u00eates adh\u00e9rent \u00e0 l\u2019un d\u2019eux.<\/p>\n<p class=\"sc-cPiKLX AiZTS text-element\">Ce d\u00e9sint\u00e9r\u00eat bien naturel, vu la configuration du paysage politique et \u00e0 propos duquel il ne faut pas culpabiliser, n\u2019est pas un d\u00e9sint\u00e9r\u00eat pour la d\u00e9mocratie ou la chose publique, seulement la marque de la fameuse crise de la repr\u00e9sentation.<\/p>\n<p class=\"sc-cPiKLX AiZTS text-element\">Mais surtout, s\u2019agissant de ce gouvernement qui vient, peu importe le casting. Des inconnus et quelques vedettes entreront, sortiront, \u00e9changeront leurs postes. Les entomologistes de la vie politique tenteront alors d\u2019analyser les rapports de force entre les diff\u00e9rentes composantes de la macronie mais puisqu\u2019il est dit que ce gouvernement ne pourra pas \u00eatre \u00e0 l\u2019image d\u2019une majorit\u00e9 qui se serait form\u00e9e \u00e0 l\u2019Assembl\u00e9e, l\u2019int\u00e9r\u00eat de sa composition dispara\u00eet compl\u00e8t<\/p>\n","protected":false},"excerpt":{"rendered":"Bien s\u00fbr que non. Je ne la connais pas, j\u2019ai choisi ce titre pour attirer votre attention. Je&hellip;\n","protected":false},"author":2,"featured_media":432497,"comment_status":"","ping_status":"","sticky":false,"template":"","format":"standard","meta":{"footnotes":""},"categories":[2],"tags":[11,1011,27,418,12,11067],"class_list":{"0":"post-432496","1":"post","2":"type-post","3":"status-publish","4":"format-standard","5":"has-post-thumbnail","7":"category-actualites","8":"tag-actualites","9":"tag-fr","10":"tag-france","11":"tag-gouvernement","12":"tag-news","13":"tag-sebastien-lecornu"},"share_on_mastodon":{"url":"https:\/\/pubeurope.com\/@fr\/115301996582163884","error":""},"_links":{"self":[{"href":"https:\/\/www.europesays.com\/fr\/wp-json\/wp\/v2\/posts\/432496","targetHints":{"allow":["GET"]}}],"collection":[{"href":"https:\/\/www.europesays.com\/fr\/wp-json\/wp\/v2\/posts"}],"about":[{"href":"https:\/\/www.europesays.com\/fr\/wp-json\/wp\/v2\/types\/post"}],"author":[{"embeddable":true,"href":"https:\/\/www.europesays.com\/fr\/wp-json\/wp\/v2\/users\/2"}],"replies":[{"embeddable":true,"href":"https:\/\/www.europesays.com\/fr\/wp-json\/wp\/v2\/comments?post=432496"}],"version-history":[{"count":0,"href":"https:\/\/www.europesays.com\/fr\/wp-json\/wp\/v2\/posts\/432496\/revisions"}],"wp:featuredmedia":[{"embeddable":true,"href":"https:\/\/www.europesays.com\/fr\/wp-json\/wp\/v2\/media\/432497"}],"wp:attachment":[{"href":"https:\/\/www.europesays.com\/fr\/wp-json\/wp\/v2\/media?parent=432496"}],"wp:term":[{"taxonomy":"category","embeddable":true,"href":"https:\/\/www.europesays.com\/fr\/wp-json\/wp\/v2\/categories?post=432496"},{"taxonomy":"post_tag","embeddable":true,"href":"https:\/\/www.europesays.com\/fr\/wp-json\/wp\/v2\/tags?post=432496"}],"curies":[{"name":"wp","href":"https:\/\/api.w.org\/{rel}","templated":true}]}}