{"id":43251,"date":"2025-04-22T06:01:08","date_gmt":"2025-04-22T06:01:08","guid":{"rendered":"https:\/\/www.europesays.com\/fr\/43251\/"},"modified":"2025-04-22T06:01:08","modified_gmt":"2025-04-22T06:01:08","slug":"le-secret-de-dugny-pour-avoir-toujours-des-rendez-vous-disponibles","status":"publish","type":"post","link":"https:\/\/www.europesays.com\/fr\/43251\/","title":{"rendered":"le secret de Dugny pour avoir toujours des rendez-vous disponibles"},"content":{"rendered":"<p>            Par<br \/>\n        <strong><br \/>\n            <a href=\"https:\/\/actu.fr\/auteur\/dorinegoth\" title=\"Consulter tous les articles de Dorine Goth\" target=\"_blank\" rel=\"noopener\">Dorine Goth<\/a><br \/>\n        <\/strong><\/p>\n<p>        Publi\u00e9 le<\/p>\n<p>            22 avr. 2025 \u00e0 7h10        <\/p>\n<p>C\u2019est toujours le rush du printemps. Alors que les vacances d\u2019\u00e9t\u00e9 approchent, certains se retrouvent \u00e0 devoir<strong> <a href=\"https:\/\/actu.fr\/societe\/carte-d-identite-passeport-face-aux-delais-interminables-voici-le-moment-ideal-pour-refaire-vos-documents_62197467.html\" target=\"_blank\" rel=\"noopener\">renouveler leurs titres d\u2019identit\u00e9.<\/a> <\/strong>Sauf qu\u2019en Seine-Saint-Denis comme ailleurs en \u00cele-de-France, il est parfois difficile de trouver un cr\u00e9neau de rendez-vous pour d\u00e9poser sa demande. Sauf \u00e0 Dugny. Cette petite ville de pr\u00e8s de 12\u2009000\u00a0habitants propose chaque semaine <strong>plusieurs dizaines de rendez-vous<\/strong>. Tant et si bien que <strong>66\u2009% des demandes<\/strong> sont d\u00e9sormais effectu\u00e9es par des<strong> personnes ext\u00e9rieures<\/strong>. \u00ab\u2009\u00c0 la base, c\u2019est un service que je proposais \u00e0 mes administr\u00e9s\u2009\u00bb, souligne Quentin Gesell, maire de la ville.<\/p>\n<p>80 cr\u00e9neaux par semaine<\/p>\n<p class=\" wall-content\">Son secret\u2009: avoir su saisir, \u00e0 la sortie du <a href=\"https:\/\/actu.fr\/tag\/coronavirus-covid\" target=\"_blank\" rel=\"noopener\">Covid<\/a>, une opportunit\u00e9 propos\u00e9e par la pr\u00e9fecture. \u00ab\u2009Juste avant l\u2019\u00e9t\u00e9 2021, alors que <a href=\"https:\/\/actu.fr\/societe\/carte-d-identite-et-passeport-les-delais-explosent-45-jours-d-attente-en-moyenne_45853069.html\" target=\"_blank\" rel=\"noopener\">les d\u00e9lais d\u2019attente \u00e9taient monstrueux<\/a>, elle a propos\u00e9 aux villes qui le souhaitaient de <strong><a href=\"https:\/\/actu.fr\/ile-de-france\/neuilly-plaisance_93049\/neuilly-plaisance-reduit-les-delais-pour-renouveler-ses-papiers-d-identite_59467846.html\" target=\"_blank\" rel=\"noopener\">nouvelles bornes<\/a><\/strong>\u00a0pour \u00e9mettre les titres d\u2019identit\u00e9s. On a doubl\u00e9 notre capacit\u00e9 \u00e0 ce moment-l\u00e0\u2009\u00bb, explique l\u2019\u00e9dile. \u00c0 l\u2019\u00e9poque, les d\u00e9lais d\u2019attente pour obtenir un passeport pouvaient atteindre <strong>cinq mois.<\/strong><\/p>\n<p class=\" wall-content\">La capacit\u00e9 mat\u00e9rielle est ensuite doubl\u00e9e d\u2019un effort physique. \u00ab\u2009Contrairement \u00e0 d\u2019autres villes, on ne ferme pas de cr\u00e9neaux horaires. On propose des rendez-vous<strong> sur l\u2019ensemble du temps d\u2019ouverture de notre service \u00e9tat civil<\/strong>. On sait qu\u2019il y a un besoin important\u2009\u00bb, poursuit-il. En moyenne, <strong>80 rendez-vous<\/strong> sont disponibles chaque semaine pour des demandes de passeports et de carte d\u2019identit\u00e9. \u00ab\u2009Ainsi, on peut r\u00e9pondre aux besoins des habitants\u2009\u00bb, se r\u00e9jouit Quentin Gesell.\u00a0<\/p>\n<p class=\" wall-content\">Et au-del\u00e0, bien que la ville ne soit pas desservie par <a href=\"https:\/\/actu.fr\/ile-de-france\/paris_75056\/ratp-et-sncf-les-perturbations-attendues-dans-les-transports-en-ile-de-france-et-a-paris-cette-semaine-2_62410242.html\" target=\"_blank\" rel=\"noopener\">un RER ou transilien<\/a>. Une grande partie des demandes enregistr\u00e9es proviennent notamment du Val-d\u2019Oise. \u00ab\u2009On a l\u2019obligation de recevoir toutes les demandes. Si un habitant de Nice veut faire sa demande chez nous, il peut\u2009\u00bb, rapporte Quentin Gesell.<\/p>\n<p class=\" wall-content\">Au total, quatre agents sont affect\u00e9s au service \u00e9tat civil qui enregistre aussi les naissances, les mariages et les d\u00e9c\u00e8s en plus des titres d\u2019identit\u00e9. Pour aider la commune \u00e0 faire face, une partie des frais de fonctionnement sont pris en charge par l\u2019\u00c9tat. Pendant la p\u00e9riode de rush entre mai et juillet, une personne suppl\u00e9mentaire est embauch\u00e9e en renfort. \u00ab\u00a0Cette semaine, nous tournions \u00e0 plein r\u00e9gime. On sent que l\u2019\u00e9t\u00e9 approche\u00a0\u00bb, souligne l\u2019\u00e9lu. Actuellement le d\u00e9lai d\u2019attente pour obtenir une carte d\u2019identit\u00e9 est d\u2019un mois.<\/p>\n<p>Vid\u00e9os : en ce moment sur Actu<\/p>\n<p class=\" wall-content\">Suivez toute l\u2019actualit\u00e9 de vos villes et m\u00e9dias favoris en vous inscrivant \u00e0 <a href=\"https:\/\/moncompte.actu.fr\" title=\"D\u00e9couvez Mon Actu\" rel=\"nofollow noopener\" data-trk=\"{&quot;cta&quot;:{&quot;action&quot;:&quot;https:\\\/\\\/moncompte.actu.fr&quot;,&quot;category&quot;:&quot;mon compte&quot;,&quot;from&quot;:&quot;article footer&quot;,&quot;name&quot;:&quot;Mon actu&quot;,&quot;type&quot;:&quot;cta&quot;}}\" target=\"_blank\">Mon Actu<\/a>.<\/p>\n<ul class=\"ac-article-tag wall-content\">\n<li><a href=\"https:\/\/actu.fr\/tag\/carte-d-identite\" data-trk=\"{&quot;cta&quot;:{&quot;action&quot;:&quot;Carte d&#039;identit\\u00e9&quot;,&quot;category&quot;:&quot;tag&quot;,&quot;from&quot;:&quot;article footer&quot;,&quot;name&quot;:&quot;Carte d&#039;identit\\u00e9&quot;,&quot;type&quot;:&quot;cta&quot;}}\" target=\"_blank\" rel=\"noopener\">#Carte d&rsquo;identit\u00e9<\/a><\/li>\n<li><a href=\"https:\/\/actu.fr\/tag\/passeport\" data-trk=\"{&quot;cta&quot;:{&quot;action&quot;:&quot;Passeport&quot;,&quot;category&quot;:&quot;tag&quot;,&quot;from&quot;:&quot;article footer&quot;,&quot;name&quot;:&quot;Passeport&quot;,&quot;type&quot;:&quot;cta&quot;}}\" target=\"_blank\" rel=\"noopener\">#Passeport<\/a><\/li>\n<\/ul>\n","protected":false},"excerpt":{"rendered":"Par Dorine Goth Publi\u00e9 le 22 avr. 2025 \u00e0 7h10 C\u2019est toujours le rush du printemps. Alors que&hellip;\n","protected":false},"author":2,"featured_media":43252,"comment_status":"","ping_status":"","sticky":false,"template":"","format":"standard","meta":{"footnotes":""},"categories":[1888],"tags":[1111,1928,11,1927,7649,1777,674,1011,27,12,1926,626,1925,4391,25,104],"class_list":{"0":"post-43251","1":"post","2":"type-post","3":"status-publish","4":"format-standard","5":"has-post-thumbnail","7":"category-paris","8":"tag-actu","9":"tag-actu-paris","10":"tag-actualites","11":"tag-actualites-paris","12":"tag-carte-didentite","13":"tag-eu","14":"tag-europe","15":"tag-fr","16":"tag-france","17":"tag-news","18":"tag-news-paris","19":"tag-paris","20":"tag-paris-news","21":"tag-passeport","22":"tag-republique-francaise","23":"tag-societe"},"share_on_mastodon":{"url":"https:\/\/pubeurope.com\/@fr\/114380097702279076","error":""},"_links":{"self":[{"href":"https:\/\/www.europesays.com\/fr\/wp-json\/wp\/v2\/posts\/43251","targetHints":{"allow":["GET"]}}],"collection":[{"href":"https:\/\/www.europesays.com\/fr\/wp-json\/wp\/v2\/posts"}],"about":[{"href":"https:\/\/www.europesays.com\/fr\/wp-json\/wp\/v2\/types\/post"}],"author":[{"embeddable":true,"href":"https:\/\/www.europesays.com\/fr\/wp-json\/wp\/v2\/users\/2"}],"replies":[{"embeddable":true,"href":"https:\/\/www.europesays.com\/fr\/wp-json\/wp\/v2\/comments?post=43251"}],"version-history":[{"count":0,"href":"https:\/\/www.europesays.com\/fr\/wp-json\/wp\/v2\/posts\/43251\/revisions"}],"wp:featuredmedia":[{"embeddable":true,"href":"https:\/\/www.europesays.com\/fr\/wp-json\/wp\/v2\/media\/43252"}],"wp:attachment":[{"href":"https:\/\/www.europesays.com\/fr\/wp-json\/wp\/v2\/media?parent=43251"}],"wp:term":[{"taxonomy":"category","embeddable":true,"href":"https:\/\/www.europesays.com\/fr\/wp-json\/wp\/v2\/categories?post=43251"},{"taxonomy":"post_tag","embeddable":true,"href":"https:\/\/www.europesays.com\/fr\/wp-json\/wp\/v2\/tags?post=43251"}],"curies":[{"name":"wp","href":"https:\/\/api.w.org\/{rel}","templated":true}]}}