{"id":432522,"date":"2025-10-02T01:46:16","date_gmt":"2025-10-02T01:46:16","guid":{"rendered":"https:\/\/www.europesays.com\/fr\/432522\/"},"modified":"2025-10-02T01:46:16","modified_gmt":"2025-10-02T01:46:16","slug":"a-rennes-linstallation-des-premieres-illuminations-de-noel-a-commence-2","status":"publish","type":"post","link":"https:\/\/www.europesays.com\/fr\/432522\/","title":{"rendered":"\u00c0 Rennes, l\u2019installation des premi\u00e8res illuminations de No\u00ebl a commenc\u00e9"},"content":{"rendered":"<p>Ce mercredi 1er\u00a0octobre 2025, c\u2019est le tout d\u00e9but de l\u2019automne, dans le centre ancien de Rennes le ciel de rue pr\u00e9vu cet \u00e9t\u00e9 pour rafra\u00eechir les badauds est \u00e0 peine d\u00e9croch\u00e9 et d\u00e9j\u00e0\u2026 les illuminations de No\u00ebl commencent \u00e0 \u00eatre install\u00e9es dans les rues de la capitale bretonne.<\/p>\n<p>Le dispositif sera pr\u00e9sent\u00e9 et d\u00e9taill\u00e9 cette fin de semaine, notamment pour pr\u00e9senter le travail des \u00e9quipes des ateliers de l\u2019\u00e9clairage public. Les<a href=\"https:\/\/rennes.maville.com\/actu\/actudet_-sapin-geant-villages-de-lutins-son-et-lumiere-rennes-a-lance-ses-illuminations-de-noel-_52674-6576967_actu.Htm\" target=\"_blank\" rel=\"noopener\"> passages incontournables pour les promeneurs<\/a> afin de profiter des illuminations de No\u00ebl sont situ\u00e9s dans le triangle entre la place de la Mairie, la place du Parlement et les rues qui remontent vers la place Sainte-Anne.<\/p>\n<p>\u00a0<\/p>\n","protected":false},"excerpt":{"rendered":"Ce mercredi 1er\u00a0octobre 2025, c\u2019est le tout d\u00e9but de l\u2019automne, dans le centre ancien de Rennes le ciel&hellip;\n","protected":false},"author":2,"featured_media":432032,"comment_status":"","ping_status":"","sticky":false,"template":"","format":"standard","meta":{"footnotes":""},"categories":[2821],"tags":[1111,11,829,28813,1777,674,1011,27,55985,8093,12,15830,584,25,3728],"class_list":{"0":"post-432522","1":"post","2":"type-post","3":"status-publish","4":"format-standard","5":"has-post-thumbnail","7":"category-rennes","8":"tag-actu","9":"tag-actualites","10":"tag-bretagne","11":"tag-commence","12":"tag-eu","13":"tag-europe","14":"tag-fr","15":"tag-france","16":"tag-illuminations","17":"tag-installation","18":"tag-news","19":"tag-noel","20":"tag-rennes","21":"tag-republique-francaise","22":"tag-saint-malo"},"share_on_mastodon":{"url":"https:\/\/pubeurope.com\/@fr\/115302051717559836","error":""},"_links":{"self":[{"href":"https:\/\/www.europesays.com\/fr\/wp-json\/wp\/v2\/posts\/432522","targetHints":{"allow":["GET"]}}],"collection":[{"href":"https:\/\/www.europesays.com\/fr\/wp-json\/wp\/v2\/posts"}],"about":[{"href":"https:\/\/www.europesays.com\/fr\/wp-json\/wp\/v2\/types\/post"}],"author":[{"embeddable":true,"href":"https:\/\/www.europesays.com\/fr\/wp-json\/wp\/v2\/users\/2"}],"replies":[{"embeddable":true,"href":"https:\/\/www.europesays.com\/fr\/wp-json\/wp\/v2\/comments?post=432522"}],"version-history":[{"count":0,"href":"https:\/\/www.europesays.com\/fr\/wp-json\/wp\/v2\/posts\/432522\/revisions"}],"wp:featuredmedia":[{"embeddable":true,"href":"https:\/\/www.europesays.com\/fr\/wp-json\/wp\/v2\/media\/432032"}],"wp:attachment":[{"href":"https:\/\/www.europesays.com\/fr\/wp-json\/wp\/v2\/media?parent=432522"}],"wp:term":[{"taxonomy":"category","embeddable":true,"href":"https:\/\/www.europesays.com\/fr\/wp-json\/wp\/v2\/categories?post=432522"},{"taxonomy":"post_tag","embeddable":true,"href":"https:\/\/www.europesays.com\/fr\/wp-json\/wp\/v2\/tags?post=432522"}],"curies":[{"name":"wp","href":"https:\/\/api.w.org\/{rel}","templated":true}]}}