{"id":432530,"date":"2025-10-02T01:51:15","date_gmt":"2025-10-02T01:51:15","guid":{"rendered":"https:\/\/www.europesays.com\/fr\/432530\/"},"modified":"2025-10-02T01:51:15","modified_gmt":"2025-10-02T01:51:15","slug":"lenseignement-catholique-de-loire-atlantique-veut-mieux-proteger-ses-eleves","status":"publish","type":"post","link":"https:\/\/www.europesays.com\/fr\/432530\/","title":{"rendered":"L\u2019enseignement catholique de Loire-Atlantique veut mieux prot\u00e9ger ses \u00e9l\u00e8ves"},"content":{"rendered":"<tr wp_automatic_readability=\"2.9224137931034\">\n<td valign=\"middle\" align=\"center\" class=\"col-logo\">\n    <img decoding=\"async\" src=\"https:\/\/www.europesays.com\/fr\/wp-content\/uploads\/2025\/04\/presse-ocean.gif\" alt=\"logo Presse-Oc\u00e9an\" height=\"66\"\/><\/p>\n<\/td>\n<td class=\"col-titre\">\n\t\t\tMercredi 01 octobre 2025 18:01<br \/>\n\t\t\t<a class=\"icon-bulle sizeL count\" href=\"#ancreAvis\"><br \/>\n\t&#8230;<br \/>\n<\/a><\/td>\n<\/tr>\n<p>\t\t<a class=\"mavillebox2 elmt-photo\" href=\"https:\/\/maville.com\/photosmvi\/2025\/10\/01\/P35495494D7000619G.jpg\" title=\" Le pr\u00e9fet de r\u00e9gion Pays de la Loire, Fabrice Rigolet-Roze, est venu manifester le soutien de l\u2019\u00c9tat \u00e0 ce protocole devant les chefs d\u2019\u00e9tablissement, mercredi 1er octobre 2025.  \u00a9  Photo Presse Oc\u00e9an-EP  &lt;!--TAG-BLC credit--&gt;\" rel=\"galerie_actu noopener\" target=\"_blank\"><br \/>\n\t<img decoding=\"async\" src=\"https:\/\/www.europesays.com\/fr\/wp-content\/uploads\/2025\/10\/P35495494D7000619G_crop_640-330_.jpg\" alt=\"photo  le pr\u00e9fet de r\u00e9gion pays de la loire, fabrice rigolet-roze, est venu manifester le soutien de l\u2019\u00e9tat \u00e0 ce protocole devant les chefs d\u2019\u00e9tablissement, mercredi 1er octobre 2025.  \u00a9  photo presse oc\u00e9an-ep \"\/><br \/>\n\t1<br \/>\n<\/a><\/p>\n<p class=\"elmt-legende\"> Le pr\u00e9fet de r\u00e9gion Pays de la Loire, Fabrice Rigolet-Roze, est venu manifester le soutien de l\u2019\u00c9tat \u00e0 ce protocole devant les chefs d\u2019\u00e9tablissement, mercredi 1er octobre 2025.  \u00a9  Photo Presse Oc\u00e9an-EP  <\/p>\n<p>\t\tLa direction de l\u2019enseignement catholique de Loire-Atlantique vient de signer un protocole in\u00e9dit avec le parquet, la police et la gendarmerie pour renforcer les liens avec ces institutions et mieux faire face aux situations sensibles. L\u2019objectif est d\u2019assurer une protection efficace des \u00e9l\u00e8ves et des personnels au sein des \u00e9tablissements scolaires.<\/p>\n<p><b>Cet article est r\u00e9serv\u00e9 aux abonn\u00e9s<\/b><\/p>\n<p>Pour un acc\u00e8s imm\u00e9diat, abonnez-vous<\/p>\n<p><b>1\u00e8re semaine offerte<\/b><\/p>\n<p>\t\t \u00c9milie Plantard \u00a0\u00a0<br \/>\n\t\tPresse-Oc\u00e9an<\/p>\n<p>Retrouvez d&rsquo;autres actus sur la commune de :<\/p>\n<p>\t\t&#13;<\/p>\n","protected":false},"excerpt":{"rendered":"Mercredi 01 octobre 2025 18:01 &#8230; 1 Le pr\u00e9fet de r\u00e9gion Pays de la Loire, Fabrice Rigolet-Roze, est&hellip;\n","protected":false},"author":2,"featured_media":432531,"comment_status":"","ping_status":"","sticky":false,"template":"","format":"standard","meta":{"footnotes":""},"categories":[2818],"tags":[1111,11,48604,1121,9614,1777,674,1011,27,3047,32557,766,12,2636,4741,25],"class_list":{"0":"post-432530","1":"post","2":"type-post","3":"status-publish","4":"format-standard","5":"has-post-thumbnail","7":"category-nantes","8":"tag-actu","9":"tag-actualites","10":"tag-catholique","11":"tag-eleves","12":"tag-enseignement","13":"tag-eu","14":"tag-europe","15":"tag-fr","16":"tag-france","17":"tag-loire-atlantique","18":"tag-mieux","19":"tag-nantes","20":"tag-news","21":"tag-pays-de-la-loire","22":"tag-proteger","23":"tag-republique-francaise"},"share_on_mastodon":{"url":"https:\/\/pubeurope.com\/@fr\/115302071745226014","error":""},"_links":{"self":[{"href":"https:\/\/www.europesays.com\/fr\/wp-json\/wp\/v2\/posts\/432530","targetHints":{"allow":["GET"]}}],"collection":[{"href":"https:\/\/www.europesays.com\/fr\/wp-json\/wp\/v2\/posts"}],"about":[{"href":"https:\/\/www.europesays.com\/fr\/wp-json\/wp\/v2\/types\/post"}],"author":[{"embeddable":true,"href":"https:\/\/www.europesays.com\/fr\/wp-json\/wp\/v2\/users\/2"}],"replies":[{"embeddable":true,"href":"https:\/\/www.europesays.com\/fr\/wp-json\/wp\/v2\/comments?post=432530"}],"version-history":[{"count":0,"href":"https:\/\/www.europesays.com\/fr\/wp-json\/wp\/v2\/posts\/432530\/revisions"}],"wp:featuredmedia":[{"embeddable":true,"href":"https:\/\/www.europesays.com\/fr\/wp-json\/wp\/v2\/media\/432531"}],"wp:attachment":[{"href":"https:\/\/www.europesays.com\/fr\/wp-json\/wp\/v2\/media?parent=432530"}],"wp:term":[{"taxonomy":"category","embeddable":true,"href":"https:\/\/www.europesays.com\/fr\/wp-json\/wp\/v2\/categories?post=432530"},{"taxonomy":"post_tag","embeddable":true,"href":"https:\/\/www.europesays.com\/fr\/wp-json\/wp\/v2\/tags?post=432530"}],"curies":[{"name":"wp","href":"https:\/\/api.w.org\/{rel}","templated":true}]}}