{"id":432534,"date":"2025-10-02T01:54:21","date_gmt":"2025-10-02T01:54:21","guid":{"rendered":"https:\/\/www.europesays.com\/fr\/432534\/"},"modified":"2025-10-02T01:54:21","modified_gmt":"2025-10-02T01:54:21","slug":"la-fete-du-vin-nouveau-et-de-la-brocante-revient-a-bordeaux","status":"publish","type":"post","link":"https:\/\/www.europesays.com\/fr\/432534\/","title":{"rendered":"La f\u00eate du vin nouveau et de la brocante revient \u00e0 Bordeaux !"},"content":{"rendered":"<p>Chaque automne, c\u2019est un rendez-vous que les Bordelais ne manquent jamais. Les 25 et 26 octobre 2025, le quartier des Chartrons va s\u2019animer au rythme de la <a href=\"https:\/\/www.facebook.com\/feteduvinnouveauetbrocante\/?locale=fr_FR\" target=\"_blank\" rel=\"noreferrer noopener nofollow\">44\u1d49 \u00e9dition<\/a> de la F\u00eate du vin nouveau et de la brocante. Toi aussi, viens fl\u00e2ner dans ce d\u00e9cor unique o\u00f9 se m\u00ealent traditions, convivialit\u00e9 et gourmandise.<\/p>\n<p style=\"font-size:16px\">Au c\u0153ur de l\u2019\u00e9v\u00e9nement : le <strong>vin nouveau<\/strong>, ce fameux bourru qui annonce l\u2019automne. Dans une ambiance familiale et festive, tu pourras d\u00e9ambuler <strong>rue Notre-Dame et sur la place des Chartrons<\/strong>, entre les stands de brocanteurs et d\u2019antiquaires, les musiciens de rue et les animations spontan\u00e9es. Marrons chauds \u00e0 la main et verre de vin nouveau \u00e0 la bouche, tu d\u00e9couvriras ou red\u00e9couvriras l\u2019\u00e2me d\u2019un quartier intimement li\u00e9 \u00e0 son histoire viticole.<\/p>\n<p><img fetchpriority=\"high\" decoding=\"async\" width=\"820\" height=\"312\" src=\"https:\/\/www.europesays.com\/fr\/wp-content\/uploads\/2025\/10\/image-20.png\" alt=\"\" class=\"wp-image-84514\" style=\"width:670px;height:auto\"  \/>Les 25-26 octobre, les Chartrons c\u00e9l\u00e8brent la 44\u1d49 F\u00eate du vin nouveau et de la brocante. \u00a9F\u00eate du vin nouveau et de la brocante<\/p>\n<p style=\"font-size:16px\">Une centaine de <strong>professionnels, restaurateurs et commer\u00e7ants<\/strong> seront au rendez-vous pour partager ce moment avec toi. Et pour rythmer le week-end, quelques temps forts sont annonc\u00e9s :<\/p>\n<ul class=\"wp-block-list\">\n<li style=\"font-size:16px\"><strong>Samedi 25 octobre, \u00e0 12 h<\/strong> : inauguration officielle de la f\u00eate.<\/li>\n<li style=\"font-size:16px\"><strong>Dimanche 26 octobre, \u00e0 11 h 30<\/strong> : b\u00e9n\u00e9diction du vin nouveau.<\/li>\n<li style=\"font-size:16px\"><strong>Dimanche, \u00e0 16 h<\/strong> : concert gratuit d\u2019orgue \u00e0 l\u2019\u00e9glise Saint-Louis.<\/li>\n<\/ul>\n<p style=\"font-size:16px\">Pratique : la f\u00eate se d\u00e9roule de <strong>10 h \u00e0 19 h<\/strong> chaque jour. Tu pourras stationner au <strong>parking Cit\u00e9 Mondiale<\/strong>, mais le plus simple reste d\u2019y acc\u00e9der en <strong>tram B ou C<\/strong> depuis les Quinconces, ou encore en v\u00e9lo, avec une station devant l\u2019\u00e9glise Saint-Louis.<\/p>\n<p><img loading=\"lazy\" decoding=\"async\" width=\"1024\" height=\"926\" data-id=\"84515\" src=\"https:\/\/www.europesays.com\/fr\/wp-content\/uploads\/2025\/10\/image-21-1024x926.png\" alt=\"\" class=\"wp-image-84515\"  \/>Que tu aimes brocante, musique ou convivialit\u00e9, viens c\u00e9l\u00e9brer l\u2019automne aux Chartrons, ambiance garantie. \u00a9F\u00eate du vin nouveau et de la brocante<\/p>\n<p><img loading=\"lazy\" decoding=\"async\" width=\"854\" height=\"854\" data-id=\"84516\" src=\"https:\/\/www.europesays.com\/fr\/wp-content\/uploads\/2025\/10\/image-22.png\" alt=\"\" class=\"wp-image-84516\"  \/>La f\u00eate se tient de 10h-19h, accessible en tram, v\u00e9lo, ou parking Cit\u00e9 Mondiale proche. \u00a9F\u00eate du vin nouveau et de la brocante<\/p>\n<p style=\"font-size:16px\">Alors, que tu sois amateur de chine, de musique ou tout simplement de bons moments entre amis, <strong>les Chartrons t\u2019attendent pour c\u00e9l\u00e9brer l\u2019automne comme il se doit<\/strong>.<\/p>\n<p style=\"font-size:16px\">\u00c0 lire aussi : <a href=\"https:\/\/www.bougerabordeaux.com\/actu\/news\/bordeaux-une-campagne-inedite-pour-inciter-les-jeunes-au-don-de-plasma\/\" target=\"_blank\" rel=\"noreferrer noopener nofollow\">Bordeaux : une campagne in\u00e9dite pour inciter les jeunes au don de plasma !<\/a><\/p>\n","protected":false},"excerpt":{"rendered":"Chaque automne, c\u2019est un rendez-vous que les Bordelais ne manquent jamais. Les 25 et 26 octobre 2025, le&hellip;\n","protected":false},"author":2,"featured_media":432535,"comment_status":"","ping_status":"","sticky":false,"template":"","format":"standard","meta":{"footnotes":""},"categories":[2817],"tags":[1111,11,1997,1777,674,1011,27,12,2219,25],"class_list":{"0":"post-432534","1":"post","2":"type-post","3":"status-publish","4":"format-standard","5":"has-post-thumbnail","7":"category-bordeaux","8":"tag-actu","9":"tag-actualites","10":"tag-bordeaux","11":"tag-eu","12":"tag-europe","13":"tag-fr","14":"tag-france","15":"tag-news","16":"tag-nouvelle-aquitaine","17":"tag-republique-francaise"},"share_on_mastodon":{"url":"https:\/\/pubeurope.com\/@fr\/115302083254342130","error":""},"_links":{"self":[{"href":"https:\/\/www.europesays.com\/fr\/wp-json\/wp\/v2\/posts\/432534","targetHints":{"allow":["GET"]}}],"collection":[{"href":"https:\/\/www.europesays.com\/fr\/wp-json\/wp\/v2\/posts"}],"about":[{"href":"https:\/\/www.europesays.com\/fr\/wp-json\/wp\/v2\/types\/post"}],"author":[{"embeddable":true,"href":"https:\/\/www.europesays.com\/fr\/wp-json\/wp\/v2\/users\/2"}],"replies":[{"embeddable":true,"href":"https:\/\/www.europesays.com\/fr\/wp-json\/wp\/v2\/comments?post=432534"}],"version-history":[{"count":0,"href":"https:\/\/www.europesays.com\/fr\/wp-json\/wp\/v2\/posts\/432534\/revisions"}],"wp:featuredmedia":[{"embeddable":true,"href":"https:\/\/www.europesays.com\/fr\/wp-json\/wp\/v2\/media\/432535"}],"wp:attachment":[{"href":"https:\/\/www.europesays.com\/fr\/wp-json\/wp\/v2\/media?parent=432534"}],"wp:term":[{"taxonomy":"category","embeddable":true,"href":"https:\/\/www.europesays.com\/fr\/wp-json\/wp\/v2\/categories?post=432534"},{"taxonomy":"post_tag","embeddable":true,"href":"https:\/\/www.europesays.com\/fr\/wp-json\/wp\/v2\/tags?post=432534"}],"curies":[{"name":"wp","href":"https:\/\/api.w.org\/{rel}","templated":true}]}}