{"id":432536,"date":"2025-10-02T01:55:25","date_gmt":"2025-10-02T01:55:25","guid":{"rendered":"https:\/\/www.europesays.com\/fr\/432536\/"},"modified":"2025-10-02T01:55:25","modified_gmt":"2025-10-02T01:55:25","slug":"girondins-de-bordeaux-une-organisation-intenable-avec-john-williams-denonce-david-gluzman","status":"publish","type":"post","link":"https:\/\/www.europesays.com\/fr\/432536\/","title":{"rendered":"Girondins de Bordeaux : \u00ab\u00a0Une organisation intenable\u00a0\u00bb avec John Williams, d\u00e9nonce David Gluzman"},"content":{"rendered":"<p><img decoding=\"async\" src=\"https:\/\/www.europesays.com\/fr\/wp-content\/uploads\/2025\/10\/671_219dd4cd1e5e78f235807390516e0864.jpg\" alt=\"Girondins de Bordeaux : &quot;Une organisation intenable&quot; avec John Williams, d\u00e9nonce David Gluzman\" class=\"img-responsive mt-3\"\/><\/p>\n<p class=\"text-center mb-3\" style=\"font-size: 14px\">\u00a9 Iconsport<\/p>\n<p>      <strong>Pour David Gluzman, le d\u00e9part de John Williams clarifie le projet des Girondins<\/strong><\/p>\n<p style=\"text-align: justify;\">\u00c9coutez ses propos ou lisez-les :<\/p>\n<p style=\"text-align: justify;\">David Gluzman dans le <a href=\"https:\/\/www.youtube.com\/live\/U-kwzzyQVe8?si=Ld_6B4nThtDd9daL\" target=\"_blank\" rel=\"noopener\">Midi Dix sur WebGirondins<\/a> : \u00ab\u00a0\u00c7a me fait penser aux couples de stars, c&rsquo;est souvent le premier qui communique qui vient de se faire quitter. C&rsquo;\u00e9tait une situation qui, de toute fa\u00e7on, devenait intenable. Et le club a peut-\u00eatre eu la galanterie et la biens\u00e9ance de le laisser communiquer. Je ne sais pas si on se rend compte du grotesque de la situation. \u00c0 Amiens, c&rsquo;\u00e9tait quelqu&rsquo;un qui \u00e9tait bas\u00e9 au Pays basque, qui \u00e9tait directeur sportif \u00e0 distance en t\u00e9l\u00e9travail d&rsquo;Amiens et qui \u00e9tait directeur sportif \u00e0 mi-temps b\u00e9n\u00e9vole des Girondins de Bordeaux. C&rsquo;est-\u00e0-dire que pour deux clubs, deux entit\u00e9s qui ont des ambitions sportives certaines, c&rsquo;\u00e9tait une situation qui \u00e9tait compl\u00e8tement intenable. C&rsquo;est d\u00e9j\u00e0 difficile d&rsquo;\u00eatre directeur sportif d&rsquo;une structure.<\/p>\n<p style=\"text-align: justify;\">Le club s&rsquo;oriente, \u00e0 mon sens, vers une structure beaucoup plus mince, beaucoup plus lisible. Et moi, je ne peux que m&rsquo;en f\u00e9liciter. Apr\u00e8s, je ne sais pas comment \u00e7a va fonctionner op\u00e9rationnellement et si \u00e7a va porter ses fruits.\u00a0\u00bb<\/p>\n<p><strong>\u00ab\u00a0Diluer les responsabilit\u00e9s, \u00e7a ne fonctionne jamais\u00a0\u00bb<\/strong><\/p>\n<p style=\"text-align: justify;\">\u00ab\u00a0La pr\u00e9sence de John Williams son profil m\u00eame, j&rsquo;en ai \u00e9t\u00e9 tr\u00e8s surpris pour un club de National 2. \u00c0 la rigueur qui soit venue en consultant en 2024. On devait b\u00e2tir un effectif \u00e0 la h\u00e2te, pourquoi pas. Mais que cette situation, sa mission se p\u00e9rennise, c&rsquo;est quelque chose d&rsquo;inacceptable.\u00a0\u00bb<\/p>\n<p><strong>G\u00e9rard Lopez critiqu\u00e9 pour ses choix apr\u00e8s le d\u00e9part de John Williams<\/strong><\/p>\n<p style=\"text-align: justify;\">\u00ab\u00a0Et encore une fois, on ne va pas refaire, le proc\u00e8s de G\u00e9rard Lopez, mais il a quand m\u00eame le chic pour s&rsquo;entourer de personnes&#8230; mais la coh\u00e9rence de ces choix organisationnels o\u00f9 on veut un peu faire plaisir \u00e0 tout le monde, on distribue les postes comme dans une arm\u00e9e mexicaine, on voit qu&rsquo;en fait sur le plan op\u00e9rationnel \u00e7a ne fonctionne jamais, diluer les responsabilit\u00e9s \u00e7a ne fonctionne jamais. \u00ab\u00a0<\/p>\n<p style=\"text-align: justify;\">\u00a0<\/p>\n<p>\u00c0 lire ici aussi &gt;&gt; <strong><a href=\"https:\/\/www.webgirondins.com\/actualite-girondins-girondins-david-gluzman-le-depart-de-john-williams-est-salutaire-130639\" target=\"_blank\" rel=\"noopener\">David Gluzman : \u00ab\u00a0Le d\u00e9part de John Williams est salutaire\u00a0\u00bb<\/a><\/strong><\/p>\n<p>\u00a0<\/p>\n","protected":false},"excerpt":{"rendered":"\u00a9 Iconsport Pour David Gluzman, le d\u00e9part de John Williams clarifie le projet des Girondins \u00c9coutez ses propos&hellip;\n","protected":false},"author":2,"featured_media":432537,"comment_status":"","ping_status":"","sticky":false,"template":"","format":"standard","meta":{"footnotes":""},"categories":[2817],"tags":[1111,11,3396,1997,41130,1446,8842,7891,3985,2889,18668,1777,674,21,1011,27,8294,1987,26167,56041,56040,7041,8295,11961,12,2219,9640,11806,25,1447,5238,2771],"class_list":{"0":"post-432536","1":"post","2":"type-post","3":"status-publish","4":"format-standard","5":"has-post-thumbnail","7":"category-bordeaux","8":"tag-actu","9":"tag-actualites","10":"tag-avec","11":"tag-bordeaux","12":"tag-commis","13":"tag-dans","14":"tag-david","15":"tag-denonce","16":"tag-depart","17":"tag-emission","18":"tag-estime","19":"tag-eu","20":"tag-europe","21":"tag-fait","22":"tag-fr","23":"tag-france","24":"tag-gerard","25":"tag-girondins","26":"tag-gluzman","27":"tag-grotesque","28":"tag-intenable","29":"tag-john","30":"tag-lopez","31":"tag-midi","32":"tag-news","33":"tag-nouvelle-aquitaine","34":"tag-organisation","35":"tag-reagir","36":"tag-republique-francaise","37":"tag-situation","38":"tag-webgirondins","39":"tag-williams"},"share_on_mastodon":{"url":"https:\/\/pubeurope.com\/@fr\/115302087229006797","error":""},"_links":{"self":[{"href":"https:\/\/www.europesays.com\/fr\/wp-json\/wp\/v2\/posts\/432536","targetHints":{"allow":["GET"]}}],"collection":[{"href":"https:\/\/www.europesays.com\/fr\/wp-json\/wp\/v2\/posts"}],"about":[{"href":"https:\/\/www.europesays.com\/fr\/wp-json\/wp\/v2\/types\/post"}],"author":[{"embeddable":true,"href":"https:\/\/www.europesays.com\/fr\/wp-json\/wp\/v2\/users\/2"}],"replies":[{"embeddable":true,"href":"https:\/\/www.europesays.com\/fr\/wp-json\/wp\/v2\/comments?post=432536"}],"version-history":[{"count":0,"href":"https:\/\/www.europesays.com\/fr\/wp-json\/wp\/v2\/posts\/432536\/revisions"}],"wp:featuredmedia":[{"embeddable":true,"href":"https:\/\/www.europesays.com\/fr\/wp-json\/wp\/v2\/media\/432537"}],"wp:attachment":[{"href":"https:\/\/www.europesays.com\/fr\/wp-json\/wp\/v2\/media?parent=432536"}],"wp:term":[{"taxonomy":"category","embeddable":true,"href":"https:\/\/www.europesays.com\/fr\/wp-json\/wp\/v2\/categories?post=432536"},{"taxonomy":"post_tag","embeddable":true,"href":"https:\/\/www.europesays.com\/fr\/wp-json\/wp\/v2\/tags?post=432536"}],"curies":[{"name":"wp","href":"https:\/\/api.w.org\/{rel}","templated":true}]}}