{"id":432540,"date":"2025-10-02T01:57:15","date_gmt":"2025-10-02T01:57:15","guid":{"rendered":"https:\/\/www.europesays.com\/fr\/432540\/"},"modified":"2025-10-02T01:57:15","modified_gmt":"2025-10-02T01:57:15","slug":"cest-tres-intrigant-des-ossements-humains-dissimules-retrouves-dans-une-tombe-pres-de-toulouse","status":"publish","type":"post","link":"https:\/\/www.europesays.com\/fr\/432540\/","title":{"rendered":"\u00ab\u00a0C\u2019est tr\u00e8s intrigant\u00a0\u00bb\u00a0: des ossements humains dissimul\u00e9s retrouv\u00e9s dans une tombe pr\u00e8s de Toulouse"},"content":{"rendered":"<p class=\"paragraph text_align_left lp-f-body-02\">Macabre d\u00e9couverte pr\u00e8s de <a href=\"https:\/\/www.leparisien.fr\/haute-garonne-31\/\" target=\"_self\" rel=\"nofollow noopener\">Toulouse<\/a>. Des<b> <\/b>ossements humains ont \u00e9t\u00e9 retrouv\u00e9s mardi dans un caveau du <a href=\"https:\/\/www.leparisien.fr\/faits-divers\/haute-garonne-enquete-apres-la-profanation-de-sept-tombes-a-blagnac-24-09-2024-ESRL5XTUXRGSNAV4UX7ZNKRA3Y.php\" target=\"_self\" rel=\"nofollow noopener\">cimeti\u00e8re de Blagnac<\/a>, a appris l\u2019AFP aupr\u00e8s d\u2019une source proche de l\u2019enqu\u00eate, qui juge l\u2019affaire \u00ab intrigante \u00bb.<\/p>\n<p class=\"paragraph text_align_left lp-f-body-02\">\u00ab C\u2019est tr\u00e8s intrigant de d\u00e9couvrir de tels ossements, dans une s\u00e9pulture, \u00e7a peut ressembler \u00e0 de la dissimulation de corps. Dans un premier temps, une autopsie va \u00eatre faite \u00bb, a d\u00e9clar\u00e9 \u00e0 l\u2019AFP cette source, qui dit ignorer s\u2019il s\u2019agit d\u2019une femme ou d\u2019un homme.<\/p>\n<p>Les ossements d\u00e9couverts \u00e0 c\u00f4t\u00e9 d\u2019un cercueil<\/p>\n<p class=\"paragraph text_align_left lp-f-body-02\">Ce sont des employ\u00e9s d\u2019une entreprise fun\u00e9raire effectuant des travaux qui sont tomb\u00e9s sur les ossements \u00e9pars, dont certains pourraient \u00eatre d\u2019origine animale, \u00e0 proximit\u00e9 d\u2019un <a href=\"https:\/\/www.leparisien.fr\/somme-80\/une-vannerie-de-la-somme-cree-un-cercueil-habille-dosier-07-03-2025-AEPY5P6QKFAUZIATAX7FNNVBF4.php\" target=\"_self\" rel=\"nofollow noopener\">cercueil<\/a>, alors qu\u2019ils soulevaient une pierre tombale.<\/p>\n<p class=\"paragraph text_align_left lp-f-body-02\"><a href=\"https:\/\/www.leparisien.fr\/faits-divers\/violente-agression-au-tribunal-de-toulouse-une-victime-frappee-en-pleine-salle-daudience-23-05-2025-4MLKZJBKKFFKXNAX6PWZU4J5FE.php\" target=\"_self\" rel=\"nofollow noopener\">Le parquet de Toulouse<\/a> a ouvert une enqu\u00eate et confi\u00e9 les investigations au Service interd\u00e9partemental de la police judiciaire (SIPJ).<\/p>\n","protected":false},"excerpt":{"rendered":"Macabre d\u00e9couverte pr\u00e8s de Toulouse. Des ossements humains ont \u00e9t\u00e9 retrouv\u00e9s mardi dans un caveau du cimeti\u00e8re de&hellip;\n","protected":false},"author":2,"featured_media":432541,"comment_status":"","ping_status":"","sticky":false,"template":"","format":"standard","meta":{"footnotes":""},"categories":[2816],"tags":[1111,11,459,1777,674,118,1011,27,12,2680,25,2312],"class_list":{"0":"post-432540","1":"post","2":"type-post","3":"status-publish","4":"format-standard","5":"has-post-thumbnail","7":"category-toulouse","8":"tag-actu","9":"tag-actualites","10":"tag-departements-horsidfo","11":"tag-eu","12":"tag-europe","13":"tag-faits-divers","14":"tag-fr","15":"tag-france","16":"tag-news","17":"tag-occitanie","18":"tag-republique-francaise","19":"tag-toulouse"},"share_on_mastodon":{"url":"https:\/\/pubeurope.com\/@fr\/115302094800486093","error":""},"_links":{"self":[{"href":"https:\/\/www.europesays.com\/fr\/wp-json\/wp\/v2\/posts\/432540","targetHints":{"allow":["GET"]}}],"collection":[{"href":"https:\/\/www.europesays.com\/fr\/wp-json\/wp\/v2\/posts"}],"about":[{"href":"https:\/\/www.europesays.com\/fr\/wp-json\/wp\/v2\/types\/post"}],"author":[{"embeddable":true,"href":"https:\/\/www.europesays.com\/fr\/wp-json\/wp\/v2\/users\/2"}],"replies":[{"embeddable":true,"href":"https:\/\/www.europesays.com\/fr\/wp-json\/wp\/v2\/comments?post=432540"}],"version-history":[{"count":0,"href":"https:\/\/www.europesays.com\/fr\/wp-json\/wp\/v2\/posts\/432540\/revisions"}],"wp:featuredmedia":[{"embeddable":true,"href":"https:\/\/www.europesays.com\/fr\/wp-json\/wp\/v2\/media\/432541"}],"wp:attachment":[{"href":"https:\/\/www.europesays.com\/fr\/wp-json\/wp\/v2\/media?parent=432540"}],"wp:term":[{"taxonomy":"category","embeddable":true,"href":"https:\/\/www.europesays.com\/fr\/wp-json\/wp\/v2\/categories?post=432540"},{"taxonomy":"post_tag","embeddable":true,"href":"https:\/\/www.europesays.com\/fr\/wp-json\/wp\/v2\/tags?post=432540"}],"curies":[{"name":"wp","href":"https:\/\/api.w.org\/{rel}","templated":true}]}}