{"id":432542,"date":"2025-10-02T01:59:21","date_gmt":"2025-10-02T01:59:21","guid":{"rendered":"https:\/\/www.europesays.com\/fr\/432542\/"},"modified":"2025-10-02T01:59:21","modified_gmt":"2025-10-02T01:59:21","slug":"devant-le-tribunal-un-ambulancier-avoue-finalement-avoir-tue-un-pieton-sur-la25-2","status":"publish","type":"post","link":"https:\/\/www.europesays.com\/fr\/432542\/","title":{"rendered":"Devant le tribunal, un ambulancier avoue finalement avoir tu\u00e9 un pi\u00e9ton sur l&rsquo;A25"},"content":{"rendered":"<p>Il a finalement avou\u00e9. L\u2019<a href=\"https:\/\/www.20minutes.fr\/dossier\/ambulance\" class=\"c-link c-link--is-underlined\" target=\"_blank\" rel=\"noopener\">ambulancier <\/a>soup\u00e7onn\u00e9 d\u2019avoir mortellement percut\u00e9 une personne sur l&rsquo;A25 comparaissait ce mercredi devant le tribunal correctionnel de <a href=\"https:\/\/www.20minutes.fr\/lille\/\" class=\"c-link c-link--is-underlined\" target=\"_blank\" rel=\"noopener\">Lille<\/a>. L\u2019homme \u00e2g\u00e9 de 38 ans a finalement reconnu les faits devant les juges, rapporte <a href=\"https:\/\/www.francebleu.fr\/infos\/faits-divers-justice\/devant-le-tribunal-de-lille-l-ambulancier-avoue-avoir-tue-un-pieton-sur-l-a25-1106669\" target=\"_blank\" class=\"c-link c-link--is-underlined\" rel=\"noopener\">France Bleu<\/a>. Le dimanche 27\u00a0octobre 2024, en fin d\u2019apr\u00e8s-midi, une ambulance avait percut\u00e9 un homme au milieu des voies \u00e0 la jonction entre les autoroutes <a href=\"https:\/\/www.20minutes.fr\/dossier\/a1\" class=\"c-link c-link--is-underlined\" target=\"_blank\" rel=\"noopener\">A1<\/a> et A25, \u00e0 la sortie de Lille, avant de prendre la fuite. Le conducteur a \u00e9t\u00e9 arr\u00eat\u00e9 gr\u00e2ce \u00e0 des appels \u00e0 <a href=\"https:\/\/www.20minutes.fr\/dossier\/temoins\" class=\"c-link c-link--is-underlined\" target=\"_blank\" rel=\"noopener\">t\u00e9moin<\/a>, pr\u00e9cise le site Internet d\u2019information locale.<\/p>\n<\/p>\n<p>Sans permis de conduire<\/p>\n<p>\u00ab\u00a0Je suis coupable. Je suis coupable d\u2019homicide involontaire\u00a0\u00bb, a lanc\u00e9 le suspect d\u00e8s le d\u00e9but de son proc\u00e8s, apr\u00e8s avoir ni\u00e9 \u00e0 plusieurs reprises \u00eatre responsable, d\u00e9taille France Bleu. A l\u2019\u00e9poque, il travaillait sept jours sur sept mais ce dimanche, profitant d\u2019une journ\u00e9e de repos, il embarque son fils pour faire un tour d\u2019ambulance. Rappel\u00e9 par son patron, le conducteur est contraint de reconduire le v\u00e9hicule pour les \u00e9quipes de nuit. \u00ab\u00a0J\u2019ai roul\u00e9 vite, j\u2019ai acc\u00e9l\u00e9r\u00e9, j\u2019ai mis les gyrophares et oui j\u2019ai touch\u00e9 le monsieur\u00a0\u00bb, a-t-il avou\u00e9, d\u00e9veloppe France Bleu.<\/p>\n<p>Selon les enqu\u00eateurs, l\u2019ambulancier roulait \u00e0 122 kilom\u00e8tres\/heure lors de l\u2019impact au lieu des 70 kilom\u00e8tres\/heures autoris\u00e9s et\u2026 sans permis de conduire. D\u00e9j\u00e0 connu de la justice, l\u2019homme risque jusqu\u2019\u00e0 10 ans d\u2019emprisonnement. Le procureur a requis \u00ab\u00a0cinq ans de prison avec mandat de d\u00e9p\u00f4t, cinq ans d\u2019interdiction de conduire un v\u00e9hicule, cinq ans d\u2019interdiction de permis et une interdiction \u00e0 vie d\u2019\u00eatre ambulancier\u00a0\u00bb, rapporte France Bleu. Le jugement est attendu pour le 15\u00a0octobre.<\/p>\n","protected":false},"excerpt":{"rendered":"Il a finalement avou\u00e9. L\u2019ambulancier soup\u00e7onn\u00e9 d\u2019avoir mortellement percut\u00e9 une personne sur l&rsquo;A25 comparaissait ce mercredi devant le&hellip;\n","protected":false},"author":2,"featured_media":432543,"comment_status":"","ping_status":"","sticky":false,"template":"","format":"standard","meta":{"footnotes":""},"categories":[2815],"tags":[1111,47,11,13104,1777,674,1011,27,811,20850,303,1307,12,1308,1309,806,25,104],"class_list":{"0":"post-432542","1":"post","2":"type-post","3":"status-publish","4":"format-standard","5":"has-post-thumbnail","7":"category-lille","8":"tag-actu","9":"tag-actualite","10":"tag-actualites","11":"tag-ambulance","12":"tag-eu","13":"tag-europe","14":"tag-fr","15":"tag-france","16":"tag-hauts-de-france","17":"tag-homicide-involontaire","18":"tag-justice","19":"tag-lille","20":"tag-news","21":"tag-nord","22":"tag-nord-pas-de-calais","23":"tag-prison","24":"tag-republique-francaise","25":"tag-societe"},"share_on_mastodon":{"url":"https:\/\/pubeurope.com\/@fr\/115302102710231879","error":""},"_links":{"self":[{"href":"https:\/\/www.europesays.com\/fr\/wp-json\/wp\/v2\/posts\/432542","targetHints":{"allow":["GET"]}}],"collection":[{"href":"https:\/\/www.europesays.com\/fr\/wp-json\/wp\/v2\/posts"}],"about":[{"href":"https:\/\/www.europesays.com\/fr\/wp-json\/wp\/v2\/types\/post"}],"author":[{"embeddable":true,"href":"https:\/\/www.europesays.com\/fr\/wp-json\/wp\/v2\/users\/2"}],"replies":[{"embeddable":true,"href":"https:\/\/www.europesays.com\/fr\/wp-json\/wp\/v2\/comments?post=432542"}],"version-history":[{"count":0,"href":"https:\/\/www.europesays.com\/fr\/wp-json\/wp\/v2\/posts\/432542\/revisions"}],"wp:featuredmedia":[{"embeddable":true,"href":"https:\/\/www.europesays.com\/fr\/wp-json\/wp\/v2\/media\/432543"}],"wp:attachment":[{"href":"https:\/\/www.europesays.com\/fr\/wp-json\/wp\/v2\/media?parent=432542"}],"wp:term":[{"taxonomy":"category","embeddable":true,"href":"https:\/\/www.europesays.com\/fr\/wp-json\/wp\/v2\/categories?post=432542"},{"taxonomy":"post_tag","embeddable":true,"href":"https:\/\/www.europesays.com\/fr\/wp-json\/wp\/v2\/tags?post=432542"}],"curies":[{"name":"wp","href":"https:\/\/api.w.org\/{rel}","templated":true}]}}