{"id":432544,"date":"2025-10-02T02:00:17","date_gmt":"2025-10-02T02:00:17","guid":{"rendered":"https:\/\/www.europesays.com\/fr\/432544\/"},"modified":"2025-10-02T02:00:17","modified_gmt":"2025-10-02T02:00:17","slug":"une-chaine-humaine-organisee-a-marseille-pour-sensibiliser-a-la-sante-mentale-des-jeunes","status":"publish","type":"post","link":"https:\/\/www.europesays.com\/fr\/432544\/","title":{"rendered":"une cha\u00eene humaine organis\u00e9e \u00e0 Marseille \u00ab\u00a0pour sensibiliser \u00e0 la sant\u00e9 mentale des jeunes\u00a0\u00bb"},"content":{"rendered":"<p>Se tenir la main pour sensibiliser. Ce dimanche 5\u00a0octobre, SOS Amiti\u00e9 organise la deuxi\u00e8me \u00e9dition de \u00ab\u00a0Relions-nous\u00a0\u00bb, sur la Corniche Kennedy. L\u2019id\u00e9e\u00a0? \u00ab\u00a0Cr\u00e9er la plus grande cha\u00eene humaine de Marseille pour sensibiliser \u00e0 la sant\u00e9 mentale des jeunes\u00a0\u00bb, pr\u00e9cise Jeanne Sialelli, pr\u00e9sidente de <a href=\"https:\/\/www.laprovence.com\/article\/sante\/1828435912351714\/sos-amitie-a-lecoute-de-ces-jeunes-qui-vont-mal-confrontes-a-un-risque-plus-grand-de-suicide\" target=\"_blank\" rel=\"noopener\">SOS Amiti\u00e9<\/a>.<\/p>\n<p>4 appels sur 5 restent sans r\u00e9ponse<\/p>\n<p>Cr\u00e9\u00e9e en\u00a01960, l\u2019association vient en aide aux personnes isol\u00e9es. \u00ab\u00a0\u00c0 l\u2019origine, nous \u00e9tions une plateforme d\u2019\u00e9coute, centr\u00e9e sur la <a href=\"https:\/\/www.laprovence.com\/article\/societe\/1776387853957214\/prevention-du-suicide-il-faut-que-les-gens-n-aient-plus-honte-de-demander-de-l-aide-rappelle-l-ars-paca\" target=\"_blank\" rel=\"noopener\">pr\u00e9vention du suicide<\/a>. Mais depuis la Covid, tout a chang\u00e9. On re\u00e7oit de plus en plus d\u2019appels de jeunes entre 20 et 30\u00a0ans\u00a0\u00bb, s\u2019inqui\u00e8te Jeanne Sialelli. \u00c0 Marseille, 11\u00a0395 appels ont \u00e9t\u00e9 recens\u00e9s l\u2019an dernier, mais 4 appels sur 5 restent sans r\u00e9ponse, faute de b\u00e9n\u00e9voles. \u00ab\u00a0Le recrutement est aussi l\u2019objectif de l\u2019\u00e9v\u00e9nement. Nous avons besoin d\u2019\u00e9coute\u00a0\u00bb, s\u2019alarme la pr\u00e9sidente.<\/p>\n<p>Des \u00e9tudiants au c\u0153ur de l\u2019organisation<\/p>\n<p>Prospection, communication digitale, affichage sauvage dans toute la ville\u2026 Pour cette \u00e9dition, les \u00e9l\u00e8ves des lyc\u00e9es Jean Perrin et Marcel Pagnol (10e) se sont mobilis\u00e9s pour organiser<a href=\"https:\/\/www.laprovence.com\/article\/sante\/1346537427645415\/sante-mentale-en-france-1-jeune-sur-4-souffre-de-depression\" target=\"_blank\" rel=\"noopener\"> l\u2019\u00e9v\u00e9nement<\/a>. \u00ab\u00a0Ils travaillent dessus depuis la rentr\u00e9e. Je l\u2019ai int\u00e9gr\u00e9 au programme en tant que projet p\u00e9dagogique. La majorit\u00e9 des \u00e9l\u00e8ves se sentent concern\u00e9s, de pr\u00e8s ou de loin\u00a0\u00bb, affirme Caroline Cohen, professeur d\u2019\u00e9conomie gestion au <a href=\"https:\/\/www.laprovence.com\/article\/societe\/19316365517724\/au-lycee-jean-perrin-a-marseille-les-eleves-travaillent-a-creer-du-lien-avec-sos-amitie\" target=\"_blank\" rel=\"noopener\">lyc\u00e9e Jean Perrin<\/a>.<\/p>\n<p>En\u00a02024, 55% des jeunes \u00e2g\u00e9s entre 18 et 24\u00a0ans affirmaient \u00eatre affect\u00e9s par un probl\u00e8me de sant\u00e9 mentale. En premi\u00e8re ann\u00e9e de BTS, Tony se sent particuli\u00e8rement concern\u00e9. \u00ab\u00a0J\u2019ai \u00e9t\u00e9 victime de harc\u00e8lement au coll\u00e8ge, alors ce projet r\u00e9sonne en moi. M\u2019engager pour une cause comme celle-ci me touche et renforce aussi mon envie d\u2019aider les autres\u00a0\u00bb, t\u00e9moigne le jeune homme de 18\u00a0ans. Ce dimanche, des centaines de Marseillais se donneront la main sur la Corniche. Un geste simple qui rappelle une urgence bien r\u00e9elle\u00a0: celle de ne plus laisser des appels au secours sans r\u00e9ponse.<\/p>\n<p>Les inscriptions se font sur la plateforme Helloasso.<\/p>\n","protected":false},"excerpt":{"rendered":"Se tenir la main pour sensibiliser. Ce dimanche 5\u00a0octobre, SOS Amiti\u00e9 organise la deuxi\u00e8me \u00e9dition de \u00ab\u00a0Relions-nous\u00a0\u00bb, sur&hellip;\n","protected":false},"author":2,"featured_media":432545,"comment_status":"","ping_status":"","sticky":false,"template":"","format":"standard","meta":{"footnotes":""},"categories":[2814],"tags":[17,1111,11,3839,1777,674,1011,27,27606,884,12,11367,471,882,56042,25,71,96],"class_list":{"0":"post-432544","1":"post","2":"type-post","3":"status-publish","4":"format-standard","5":"has-post-thumbnail","7":"category-marseille","8":"tag-17","9":"tag-actu","10":"tag-actualites","11":"tag-chaine","12":"tag-eu","13":"tag-europe","14":"tag-fr","15":"tag-france","16":"tag-humaine","17":"tag-marseille","18":"tag-news","19":"tag-organisee","20":"tag-pour","21":"tag-provence-alpes-cote-dazur","22":"tag-relions-nous","23":"tag-republique-francaise","24":"tag-sante","25":"tag-une"},"share_on_mastodon":{"url":"https:\/\/pubeurope.com\/@fr\/115302106591267547","error":""},"_links":{"self":[{"href":"https:\/\/www.europesays.com\/fr\/wp-json\/wp\/v2\/posts\/432544","targetHints":{"allow":["GET"]}}],"collection":[{"href":"https:\/\/www.europesays.com\/fr\/wp-json\/wp\/v2\/posts"}],"about":[{"href":"https:\/\/www.europesays.com\/fr\/wp-json\/wp\/v2\/types\/post"}],"author":[{"embeddable":true,"href":"https:\/\/www.europesays.com\/fr\/wp-json\/wp\/v2\/users\/2"}],"replies":[{"embeddable":true,"href":"https:\/\/www.europesays.com\/fr\/wp-json\/wp\/v2\/comments?post=432544"}],"version-history":[{"count":0,"href":"https:\/\/www.europesays.com\/fr\/wp-json\/wp\/v2\/posts\/432544\/revisions"}],"wp:featuredmedia":[{"embeddable":true,"href":"https:\/\/www.europesays.com\/fr\/wp-json\/wp\/v2\/media\/432545"}],"wp:attachment":[{"href":"https:\/\/www.europesays.com\/fr\/wp-json\/wp\/v2\/media?parent=432544"}],"wp:term":[{"taxonomy":"category","embeddable":true,"href":"https:\/\/www.europesays.com\/fr\/wp-json\/wp\/v2\/categories?post=432544"},{"taxonomy":"post_tag","embeddable":true,"href":"https:\/\/www.europesays.com\/fr\/wp-json\/wp\/v2\/tags?post=432544"}],"curies":[{"name":"wp","href":"https:\/\/api.w.org\/{rel}","templated":true}]}}