{"id":432546,"date":"2025-10-02T02:01:15","date_gmt":"2025-10-02T02:01:15","guid":{"rendered":"https:\/\/www.europesays.com\/fr\/432546\/"},"modified":"2025-10-02T02:01:15","modified_gmt":"2025-10-02T02:01:15","slug":"inspection-confirmee-sur-la-gestion-des-scelles-au-tribunal-de-marseille","status":"publish","type":"post","link":"https:\/\/www.europesays.com\/fr\/432546\/","title":{"rendered":"inspection confirm\u00e9e sur la gestion des scell\u00e9s au tribunal de Marseille"},"content":{"rendered":"<p>D\u2019importants scell\u00e9s dans l\u2019enqu\u00eate sur la mort de Souheil El Khalfaoui, tu\u00e9 par un tir policier en 2021, avaient myst\u00e9rieusement disparu puis r\u00e9apparu au tribunal de Marseille.<\/p>\n<p class=\"fig-paragraph\">L&rsquo;Inspection g\u00e9n\u00e9rale de la justice a bien \u00e9t\u00e9 saisie en ao\u00fbt d&rsquo;une mission au tribunal judiciaire de Marseille, apr\u00e8s la disparition, puis la r\u00e9apparition, de scell\u00e9s dans l&rsquo;affaire d&rsquo;<a href=\"http:\/\/www.lefigaro.fr\/marseille\/jeune-homme-tue-par-un-policier-apres-la-disparition-des-scelles-le-domicile-du-pere-de-la-victime-fouille-a-marseille-20250630\" data-fig-type=\"NewsFlash\" data-gtm-custom-categorie=\"navigation\" data-gtm-custom-action=\"crossclick\" data-gtm-custom-label=\"Contextuel\" data-gtm-event=\"customEventSPE\" data-fig-domain=\"LEFIGARO\" target=\"_blank\" rel=\"noopener\">un jeune homme tu\u00e9 par un tir policier<\/a>, a appris l\u2019AFP mercredi de sources judiciaires.<\/p>\n<p class=\"fig-paragraph\">Dans un courrier que nos confr\u00e8res ont pu consulter, le<a href=\"http:\/\/www.lefigaro.fr\/politique\/au-coeur-de-la-course-pour-matignon-le-face-a-face-amical-entre-sebastien-lecornu-et-gerald-darmanin-20250908\" data-fig-type=\"Article\" data-gtm-custom-categorie=\"navigation\" data-gtm-custom-action=\"crossclick\" data-gtm-custom-label=\"Contextuel\" data-gtm-event=\"customEventSPE\" data-fig-domain=\"LEFIGARO\" target=\"_blank\" rel=\"noopener\">\u00a0garde des Sceaux<\/a>\u00a0informe Me Ari\u00e9 Alimi, conseil de la famille de Souheil El Khalfaoui, tu\u00e9 en 2021 \u00e0 Marseille, que l&rsquo;Inspection g\u00e9n\u00e9rale de la justice a \u00e9t\u00e9 saisie le 5 ao\u00fbt.<\/p>\n<p>                                    <a class=\"fig-a11y-skip a11y-hidden\" href=\"#fig-a11y-skip-main-inarticle\"><br \/>\n        Passer la publicit\u00e9<br \/>\n    <\/a><\/p>\n<p class=\"fig-paragraph\">La famille avait port\u00e9 plainte apr\u00e8s que la juge en charge de l&rsquo;affaire lui a annonc\u00e9 au mois de juin que neuf pi\u00e8ces capitales du dossier avaient \u00e9t\u00e9 perdues, \u00abapr\u00e8s plusieurs mois de recherches\u00bb. La plainte vise l&rsquo;ancienne procureur de Marseille Dominique Laurens, accus\u00e9e d&rsquo;avoir \u00abvolontairement d\u00e9tourn\u00e9 les neuf scell\u00e9s\u00bb.<\/p>\n<p>Un rapport attendu pour mi-d\u00e9cembre<\/p>\n<p class=\"fig-paragraph\">Dans le m\u00eame temps, le ministre de la Justice, G\u00e9rald Darmanin, interpell\u00e9 lors des questions au gouvernement le 24 juin, avait annonc\u00e9 qu&rsquo;il saisirait l&rsquo;Inspection g\u00e9n\u00e9rale de la justice si ces pi\u00e8ces n&rsquo;\u00e9taient pas retrouv\u00e9es dans les 24 heures. Les scell\u00e9s avaient finalement \u00e9t\u00e9 retrouv\u00e9s dans le bureau d&rsquo;un juge dans le temps imparti.<\/p>\n<p class=\"fig-paragraph\">Fin ao\u00fbt, Me Ari\u00e9 Alimi avait de nouveau sollicit\u00e9 G\u00e9rald Darmanin, cette fois au sujet d&rsquo;une autre affaire impliquant des policiers. C&rsquo;est \u00e0 ce dernier courrier que G\u00e9rald Darmanin a r\u00e9pondu, dans une lettre re\u00e7ue mercredi par Me Alimi, que l&rsquo;IGJ avait bien \u00e9t\u00e9 saisie. Sollicit\u00e9e par l&rsquo;AFP, la chancellerie a r\u00e9pondu que la mission d&rsquo;inspection porte \u00absur un sujet sp\u00e9cifique, \u00e0 savoir le fonctionnement du circuit de gestion des scell\u00e9s\u00bb, ce qu&rsquo;a confirm\u00e9 une source au tribunal, \u00e9voquant un \u00abcontr\u00f4le de fonctionnement\u00bb. Selon le minist\u00e8re, le rapport de l&rsquo;IGJ est attendu pour la mi-d\u00e9cembre.<\/p>\n<p class=\"fig-paragraph\">\u00abNous avons saisi le ministre de la Justice pour obtenir l&rsquo;ouverture d&rsquo;une inspection g\u00e9n\u00e9rale de la juridiction marseillaise en raison de graves dysfonctionnements rencontr\u00e9s dans le traitement judiciaire de plusieurs affaires de violences polici\u00e8res et notamment les disparitions de pi\u00e8ces. Il \u00e9tait temps que l&rsquo;administration se penche sur le traitement judiciaire de ces violences et en particulier \u00e0 Marseille\u00bb, a r\u00e9agi Me Alimi aupr\u00e8s de l&rsquo;AFP.<\/p>\n","protected":false},"excerpt":{"rendered":"D\u2019importants scell\u00e9s dans l\u2019enqu\u00eate sur la mort de Souheil El Khalfaoui, tu\u00e9 par un tir policier en 2021,&hellip;\n","protected":false},"author":2,"featured_media":432547,"comment_status":"","ping_status":"","sticky":false,"template":"","format":"standard","meta":{"footnotes":""},"categories":[2814],"tags":[1111,11,2715,1067,1777,674,1011,27,432,884,12,882,25,3693],"class_list":{"0":"post-432546","1":"post","2":"type-post","3":"status-publish","4":"format-standard","5":"has-post-thumbnail","7":"category-marseille","8":"tag-actu","9":"tag-actualites","10":"tag-disparition","11":"tag-enquete","12":"tag-eu","13":"tag-europe","14":"tag-fr","15":"tag-france","16":"tag-gerald-darmanin","17":"tag-marseille","18":"tag-news","19":"tag-provence-alpes-cote-dazur","20":"tag-republique-francaise","21":"tag-tribunal"},"share_on_mastodon":{"url":"https:\/\/pubeurope.com\/@fr\/115302110678419770","error":""},"_links":{"self":[{"href":"https:\/\/www.europesays.com\/fr\/wp-json\/wp\/v2\/posts\/432546","targetHints":{"allow":["GET"]}}],"collection":[{"href":"https:\/\/www.europesays.com\/fr\/wp-json\/wp\/v2\/posts"}],"about":[{"href":"https:\/\/www.europesays.com\/fr\/wp-json\/wp\/v2\/types\/post"}],"author":[{"embeddable":true,"href":"https:\/\/www.europesays.com\/fr\/wp-json\/wp\/v2\/users\/2"}],"replies":[{"embeddable":true,"href":"https:\/\/www.europesays.com\/fr\/wp-json\/wp\/v2\/comments?post=432546"}],"version-history":[{"count":0,"href":"https:\/\/www.europesays.com\/fr\/wp-json\/wp\/v2\/posts\/432546\/revisions"}],"wp:featuredmedia":[{"embeddable":true,"href":"https:\/\/www.europesays.com\/fr\/wp-json\/wp\/v2\/media\/432547"}],"wp:attachment":[{"href":"https:\/\/www.europesays.com\/fr\/wp-json\/wp\/v2\/media?parent=432546"}],"wp:term":[{"taxonomy":"category","embeddable":true,"href":"https:\/\/www.europesays.com\/fr\/wp-json\/wp\/v2\/categories?post=432546"},{"taxonomy":"post_tag","embeddable":true,"href":"https:\/\/www.europesays.com\/fr\/wp-json\/wp\/v2\/tags?post=432546"}],"curies":[{"name":"wp","href":"https:\/\/api.w.org\/{rel}","templated":true}]}}