{"id":432548,"date":"2025-10-02T02:02:16","date_gmt":"2025-10-02T02:02:16","guid":{"rendered":"https:\/\/www.europesays.com\/fr\/432548\/"},"modified":"2025-10-02T02:02:16","modified_gmt":"2025-10-02T02:02:16","slug":"lyon-un-celebre-bar-gay-juge-trop-bruyant-en-conflit-avec-la-mairie-son-gerant-en-colere","status":"publish","type":"post","link":"https:\/\/www.europesays.com\/fr\/432548\/","title":{"rendered":"Lyon. Un c\u00e9l\u00e8bre bar gay jug\u00e9 \u00ab\u00a0trop bruyant\u00a0\u00bb en conflit avec la mairie : son g\u00e9rant en col\u00e8re"},"content":{"rendered":"<p>            Par<br \/>\n        <strong><br \/>\n            <a href=\"https:\/\/actu.fr\/auteur\/anthony-soudani\" title=\"Consulter tous les articles de Anthony Soudani\" target=\"_blank\" rel=\"noopener\">Anthony Soudani<\/a><br \/>\n        <\/strong><\/p>\n<p>        Publi\u00e9 le<\/p>\n<p>            1 oct. 2025 \u00e0 16h36<br \/>\n        ; mis \u00e0 jour le 1 oct. 2025 \u00e0 18h47    <\/p>\n<p><strong>EXCLUSIF ACTU LYON.<\/strong> Le XS Bar est l\u2019un des lieux LGBT les plus connus de <a href=\"https:\/\/actu.fr\/auvergne-rhone-alpes\/lyon_69123\" target=\"_blank\" rel=\"noopener\">Lyon<\/a> pour boire un verre. Depuis plus de 15 ans, de nombreuses personnes de la communaut\u00e9 gay viennent s\u2019y retrouver. Sauf que le c\u00e9l\u00e8bre bar de la Presqu\u2019\u00eele est d\u00e9sormais <strong>en danger.\u00a0<\/strong><br \/>Wilfried Carbonell a repris l\u2019affaire en mai 2025 et depuis la soir\u00e9e des <a href=\"https:\/\/actu.fr\/auvergne-rhone-alpes\/lyon_69123\/apres-les-jeux-olympiques-de-2024-les-eurogames-lgbt-debarquent-a-lyon-en-2025_61433991.html\" target=\"_blank\" rel=\"noopener\">Eurogames<\/a>, grande comp\u00e9tition sportive LGBT, il est <strong>mis en demeure par la mairie de Lyon<\/strong> pour se mettre en conformit\u00e9 en arr\u00eatant les mange-debout \u00e0 l\u2019ext\u00e9rieur. Sans cette possibilit\u00e9, son bar de 17m\u00b2 \u00e0 l\u2019int\u00e9rieur est \u00ab\u00a0vou\u00e9 \u00e0 dispara\u00eetre\u00a0\u00bb.<\/p>\n<p>    <a href=\"https:\/\/www.google.com\/maps\/embed?pb=!1m18!1m12!1m3!1d5566.706287090098!2d4.835059276619363!3d45.764112513377505!2m3!1f0!2f0!3f0!3m2!1i1024!2i768!4f13.1!3m3!1m2!1s0x47f4eaf87fd46d5d%3A0xd3fc7b8d82c0a6e1!2sXS%20BAR!5e0!3m2!1sfr!2sfr!4v1759319682650!5m2!1sfr!2sfr\" title=\"Ouvrie le lien\" target=\"_blank\" rel=\"noopener\">Cliquez ici pour visualiser le contenu<\/a><\/p>\n<p>Une soir\u00e9e des Eurogames, jeux LGBT, lui cause du tort<\/p>\n<p class=\" wall-content\">Wilfried est toujours abasourdi par la nouvelle. Fin ao\u00fbt, il re\u00e7oit un avertissement \u00e9manant de la pr\u00e9fecture du Rh\u00f4ne. Puis, le 19 septembre, vient une lettre d\u2019avertissement et de mise en demeure de la Ville de Lyon. Tout cela concerne la soir\u00e9e du 25 juillet, lors de laquelle le bar est accus\u00e9e d\u2019avoir g\u00e9n\u00e9r\u00e9 des nuisances sonores et d\u2019installer du mobilier non conforme en dehors de l\u2019emprise autoris\u00e9e.<\/p>\n<p class=\" wall-content\">\u00ab\u00a0J\u2019avais d\u00e9pos\u00e9 une autorisation pour accueillir beaucoup de monde le samedi pour la soir\u00e9e des Eurogames. Sauf que c\u2019est le vendredi 25 juillet, la veille, que de nombreux participants sont venus faire la f\u00eate. Ce n\u2019est pas ma faute, nous sommes le bar gay le plus populaire de Lyon\u00a0\u00bb, explique Wilfried.<\/p>\n<p>\u00ab\u00a0La mairie affiche \u2018Lyon est fi\u00e8re\u2019, alors qu\u2019elle ne soutient pas les commerces LGBT.\u00a0\u00bb<\/p>\n<p class=\" wall-content\">\u00ab\u00a0Il est vrai qu\u2019il y avait beaucoup de monde. Mais il fallait s\u2019y attendre. Je rappelle que <strong>la Ville de Lyon est partenaire de l\u2019\u00e9v\u00e9nement<\/strong>\u2026 et elle vient me reprocher qu\u2019il y avait du monde dans mon bar <a href=\"https:\/\/actu.fr\/tag\/lgbt\" target=\"_blank\" rel=\"noopener\">LGBT<\/a>\u00ab\u00a0, lance le jeune patron, \u00e2g\u00e9 de 36 ans. \u00ab\u00a0Je vois que la mairie affiche \u2018Lyon est fi\u00e8re\u2019, alors qu\u2019elle ne soutient pas les commerces LGBT\u2026\u00a0\u00bb<\/p>\n<p class=\" wall-content\">D\u00e9sormais, c\u2019est tout le concept du XS Bar qui est mis en p\u00e9ril. Et c\u2019est Wilfried Carbonell qui \u00ab\u00a0trinque\u00a0\u00bb, alors que jusque-l\u00e0 cela ne posait pas de probl\u00e8me \u00e0 la municipalit\u00e9.<\/p>\n<p class=\" wall-content\">\u00ab\u00a0J\u2019ai enlev\u00e9 les mange-debouts et j\u2019ai mis des tables avec des chaises. Mais <strong>si les clients ne peuvent plus sortir dehors et \u00eatre debout avec leurs verres, je vais fermer<\/strong>. J\u2019essaie de tout faire pour r\u00e9duire le bruit avec des affiches et un agent de s\u00e9curit\u00e9\u00a0\u00bb, ajoute-t-il.<\/p>\n<p>Votre r\u00e9gion, votre actu !<\/p>\n<p>Recevez chaque jour les infos qui comptent pour vous.<\/p>\n<p>\t<a href=\"https:\/\/actu.fr\/newsletter\" class=\"ac-btn ac-btn--corner ac-btn--medium ac-btn--blue800\" target=\"_blank\" rel=\"noopener\">S&rsquo;incrire<\/a><\/p>\n<p class=\" wall-content\">\u00c0 noter que <strong>l\u2019interdiction de consommer debout en terrasse concerne tous les commerces de Lyon<\/strong>. Le r\u00e8glement, en vigueur d\u00e8s mars 2024, s\u2019applique notamment depuis le 1er janvier 2025 avec une mise en conformit\u00e9 pour la majorit\u00e9 des \u00e9tablissements.<\/p>\n<p>Un autre bar, dans le m\u00eame cas, en plein bras de fer avec la mairie<\/p>\n<p>La Ville de Lyon a \u00e9galement mis en demeure le g\u00e9rant du Caf\u00e9 203, en Presqu\u2019\u00eele : Christophe C\u00e9dat est appel\u00e9 \u00e0 se mettre en conformit\u00e9 avec la r\u00e9glementation appliqu\u00e9e aux terrasses. Le patron d\u00e9nonce une \u00ab politique hygi\u00e9niste \u00bb et juge la r\u00e9ponse de la mairie \u00ab disproportionn\u00e9e \u00bb.<br \/>\u00ab\u00a0Je veux bien aller voir un psychiatre pour qu&rsquo;il \u00e9tudie mon niveau de parano\u00efa, mais au vu de cette attention particuli\u00e8re et r\u00e9p\u00e9t\u00e9e, j&rsquo;ai le sentiment que la mairie cible ses opposants. Visiblement, on risque la vie \u00e9conomique de nos commerces\u00a0\u00bb, lance-t-il.<\/p>\n<p>De son c\u00f4t\u00e9, la mairie rappelle que le Caf\u00e9 203 fait l\u2019objet de plusieurs constats d\u2019infraction et balaie l\u2019hypoth\u00e8se d\u2019une vendetta politique.<br \/>\u00ab\u00a0Nous agissons sur des faits constat\u00e9s par nos agents. Le lien avec une quelconque activit\u00e9 politique est totalement infond\u00e9. Un g\u00e9rant est responsable de la l\u00e9galit\u00e9 de son activit\u00e9, quel que soit son engagement personnel\u00a0\u00bb, affirme Valentin Lungenstrass, adjoint au maire de Lyon.<\/p>\n<p>La Ville de Lyon \u00ab\u00a0saisie par les riverains pour des nuisances\u00a0\u00bb<\/p>\n<p class=\" wall-content\">Des hommes en train de d\u00e9guster une bi\u00e8re sont inquiets de voir leur fief menac\u00e9. \u00ab\u00a0Ras-le-bol de cette mairie qui nous fait ch***\u00a0\u00bb, lance un client signataire de la <a href=\"https:\/\/www.change.org\/p\/xs-bar-en-danger?utm_source=share_petition&amp;utm_medium=mobileNativeShare&amp;utm_campaign=share_petition&amp;recruited_by_id=a52ccb80-9ba9-11f0-9a2c-81ec1e8e313d\" target=\"_blank\" rel=\"noopener\">p\u00e9tition<\/a> mise en ligne pour soutenir le commerce.<\/p>\n<p class=\" wall-content\">Sollicit\u00e9e par actu Lyon, la Ville \u00e9cologiste dirig\u00e9e par <a href=\"https:\/\/actu.fr\/auvergne-rhone-alpes\/lyon_69123\/lyon-municipales-2026-gregory-doucet-gagne-le-soutien-de-raphael-glucksmann-pour-sa-campagne_63235977.html\" target=\"_blank\" rel=\"noopener\">Gr\u00e9gory Doucet<\/a> affirme que \u00ab\u00a0depuis le mois de juillet 2025, la Ville de Lyon et la mairie du 2\u1d49 arrondissement ont \u00e9t\u00e9<strong> saisies \u00e0 plusieurs reprises par les riverains<\/strong> de la rue Claudia au sujet des nuisances g\u00e9n\u00e9r\u00e9es par l\u2019\u00e9tablissement XS Bar. <strong>Un courrier sign\u00e9 par 68 habitants<\/strong> a notamment \u00e9t\u00e9 adress\u00e9 \u00e0 la mairie du 2\u1d49. Un premier \u00e9change avec le g\u00e9rant a eu lieu d\u00e8s le d\u00e9but du mois de juillet.\u00a0\u00bb<\/p>\n<p class=\" wall-content\">\u00c0 la suite de \u00ab\u00a0nouveaux signalements\u00a0\u00bb, les services municipaux ont proc\u00e9d\u00e9 \u00e0 un contr\u00f4le le 25 juillet. \u00ab\u00a0Celui-ci a mis en \u00e9vidence un d\u00e9bordement d\u2019emprise sur le trottoir ainsi que l\u2019utilisation de mobilier non conforme. Parall\u00e8lement, la pr\u00e9fecture a adress\u00e9 un avertissement au g\u00e9rant \u00e0 la fin du mois d\u2019ao\u00fbt\u00a0\u00bb, ajoute la collectivit\u00e9.<\/p>\n<p>Les manquements lors des Eurogames \u00ab\u00a0analys\u00e9s diff\u00e9remment\u00a0\u00bb<\/p>\n<p class=\" wall-content\">Dans ce contexte, la Ville de Lyon a notifi\u00e9 le 19 septembre un courrier de mise en demeure rappelant plusieurs infractions (nuisances sonores, terrasse non conforme, consommation debout). \u00ab\u00a0Il s\u2019agit d\u2019une \u00e9tape administrative classique, qui n\u2019emp\u00eache pas les \u00e9changes et ne correspond pas \u00e0 l\u2019application de sanctions, si l\u2019\u00e9tablissement se met en conformit\u00e9\u00a0\u00bb, explique-t-elle.<\/p>\n<blockquote class=\"ac-article-quote wall-content\">\n<p>La Ville tient \u00e0 pr\u00e9ciser que les manquements observ\u00e9s lors d\u2019\u00e9v\u00e9nements exceptionnels (EuroGames, F\u00eate de la Musique) sont analys\u00e9s diff\u00e9remment de ceux constat\u00e9s en p\u00e9riode ordinaire, ces derniers traduisant des difficult\u00e9s plus structurelles. Un nouveau contr\u00f4le r\u00e9alis\u00e9 le 26 septembre a confirm\u00e9 une obstruction totale du cheminement pi\u00e9ton par la terrasse.<\/p>\n<p>    <strong>Ville de Lyon<\/strong>\n            <\/p><\/blockquote>\n<p>Wilfried n\u2019en dort plus la nuit<\/p>\n<p class=\" wall-content\">La municipalit\u00e9 nous indique qu\u2019une \u00ab\u00a0<strong>rencontre avec le g\u00e9rant est pr\u00e9vue<\/strong> prochainement afin de rappeler les obligations r\u00e9glementaires et de convenir des mesures correctrices n\u00e9cessaires\u00a0\u00bb.<\/p>\n<p class=\" wall-content\">En attendant ce rendez-vous avec la mairie, Wilfried \u00ab\u00a0ne dort plus\u00a0\u00bb. \u00ab\u00a0Je suis stress\u00e9. Pour mon premier bar, j\u2019esp\u00e9rai que \u00e7a se passerait mieux. J\u2019\u00e9tais mieux derri\u00e8re mon ordinateur.\u00a0\u00bb Lui qui, \u00e0 la base, avait un site de rencontres LGBT.<\/p>\n<p class=\" wall-content\">Personnalisez votre actualit\u00e9 en ajoutant vos villes et m\u00e9dias en favori avec <a href=\"https:\/\/moncompte.actu.fr\" title=\"D\u00e9couvez Mon Actu\" rel=\"nofollow noopener\" data-trk=\"{&quot;cta&quot;:{&quot;action&quot;:&quot;https:\\\/\\\/moncompte.actu.fr&quot;,&quot;category&quot;:&quot;mon compte&quot;,&quot;from&quot;:&quot;article footer&quot;,&quot;name&quot;:&quot;Mon actu&quot;,&quot;type&quot;:&quot;cta&quot;}}\" target=\"_blank\">Mon Actu<\/a>.<\/p>\n","protected":false},"excerpt":{"rendered":"Par Anthony Soudani Publi\u00e9 le 1 oct. 2025 \u00e0 16h36 ; mis \u00e0 jour le 1 oct. 2025&hellip;\n","protected":false},"author":2,"featured_media":432549,"comment_status":"","ping_status":"","sticky":false,"template":"","format":"standard","meta":{"footnotes":""},"categories":[1889],"tags":[1111,11,2430,215,1777,674,1011,27,9087,2428,12,2809,25,104],"class_list":{"0":"post-432548","1":"post","2":"type-post","3":"status-publish","4":"format-standard","5":"has-post-thumbnail","7":"category-lyon","8":"tag-actu","9":"tag-actualites","10":"tag-auvergne-rhone-alpes","11":"tag-commerce","12":"tag-eu","13":"tag-europe","14":"tag-fr","15":"tag-france","16":"tag-lgbt","17":"tag-lyon","18":"tag-news","19":"tag-presquile","20":"tag-republique-francaise","21":"tag-societe"},"share_on_mastodon":{"url":"https:\/\/pubeurope.com\/@fr\/115302114564322776","error":""},"_links":{"self":[{"href":"https:\/\/www.europesays.com\/fr\/wp-json\/wp\/v2\/posts\/432548","targetHints":{"allow":["GET"]}}],"collection":[{"href":"https:\/\/www.europesays.com\/fr\/wp-json\/wp\/v2\/posts"}],"about":[{"href":"https:\/\/www.europesays.com\/fr\/wp-json\/wp\/v2\/types\/post"}],"author":[{"embeddable":true,"href":"https:\/\/www.europesays.com\/fr\/wp-json\/wp\/v2\/users\/2"}],"replies":[{"embeddable":true,"href":"https:\/\/www.europesays.com\/fr\/wp-json\/wp\/v2\/comments?post=432548"}],"version-history":[{"count":0,"href":"https:\/\/www.europesays.com\/fr\/wp-json\/wp\/v2\/posts\/432548\/revisions"}],"wp:featuredmedia":[{"embeddable":true,"href":"https:\/\/www.europesays.com\/fr\/wp-json\/wp\/v2\/media\/432549"}],"wp:attachment":[{"href":"https:\/\/www.europesays.com\/fr\/wp-json\/wp\/v2\/media?parent=432548"}],"wp:term":[{"taxonomy":"category","embeddable":true,"href":"https:\/\/www.europesays.com\/fr\/wp-json\/wp\/v2\/categories?post=432548"},{"taxonomy":"post_tag","embeddable":true,"href":"https:\/\/www.europesays.com\/fr\/wp-json\/wp\/v2\/tags?post=432548"}],"curies":[{"name":"wp","href":"https:\/\/api.w.org\/{rel}","templated":true}]}}