{"id":432550,"date":"2025-10-02T02:03:29","date_gmt":"2025-10-02T02:03:29","guid":{"rendered":"https:\/\/www.europesays.com\/fr\/432550\/"},"modified":"2025-10-02T02:03:29","modified_gmt":"2025-10-02T02:03:29","slug":"greve-du-2-octobre-a-lyon-les-infos-sur-la-nouvelle-journee-de-manifestation","status":"publish","type":"post","link":"https:\/\/www.europesays.com\/fr\/432550\/","title":{"rendered":"Gr\u00e8ve du 2 octobre \u00e0 Lyon : les infos sur la nouvelle journ\u00e9e de manifestation"},"content":{"rendered":"<p>Apr\u00e8s le 10 et le 18 septembre, une nouvelle journ\u00e9e de mobilisation est pr\u00e9vue \u00e0 Lyon ce jeudi 2 octobre. Un mouvement qui devrait \u00eatre moins suivi que les deux premiers.<\/p>\n<p>Encore du monde attendu dans les rues lyonnaises. \u00c0 l&rsquo;appel des syndicats (CFDT, CGT, FO, CFE-CGC, CFTC, Unsa, FSU et Solidaires), une nouvelle gr\u00e8ve est pr\u00e9vue jeudi 2 octobre partout en France.<\/p>\n<p>Le parcours de la manifestation \u00e0 Lyon<\/p>\n<p><b>Une manifestation<\/b> se d\u00e9roulera \u00e0 Lyon, comme ce fut le cas les <a class=\"url\" href=\"https:\/\/www.radioscoop.com\/infos\/bloquons-tout-un-homme-blesse-par-balle-a-lyon-en-marge-de-la-manifestation_337168\" target=\"_blank\" rel=\"noopener\">10<\/a> et <a class=\"url\" href=\"https:\/\/www.radioscoop.com\/infos\/manifestation-du-18-septembre-a-lyon-le-journaliste-blesse-souffre-de-brulures-et-d-acouphenes_337752\" target=\"_blank\" rel=\"noopener\">18 septembre<\/a> derniers.<\/p>\n<p>La manifestation partira de <b>Jean Mac\u00e9<\/b>, dans le 7e arrondissement, <b>\u00e0 13h<\/b>. Le cort\u00e8ge passera par l&rsquo;avenue Jean Jaur\u00e8s, puis le secteur de Saxe Gambetta avant de terminer au niveau du square Delestraint.<\/p>\n<p>Parmi les revendications des manifestants : l&rsquo;abandon du \u00ab\u00a0budget d&rsquo;aust\u00e9rit\u00e9\u00a0\u00bb, l&rsquo;abrogation de la retraite \u00e0 64 ans, l&rsquo;augmentation des salaires et des pensions ou encore la hausse des moyens pour les h\u00f4pitaux, les \u00e9coles et les universit\u00e9s.<\/p>\n<p>Pas de gr\u00e8ve chez les TCL<\/p>\n<p>Du c\u00f4t\u00e9 des TCL, il n&rsquo;y a pas de mouvement de gr\u00e8ve dans les transports. \u00ab\u00a0Mais les conditions de circulation peuvent \u00eatre perturb\u00e9es par les manifestations\u00a0\u00bb, pr\u00e9viennent les TCL.<\/p>\n<p>Enfin, dans les \u00e9tablissements scolaires, les enseignants pourraient de nouveau se mobiliser.<\/p>\n<p><img loading=\"lazy\" decoding=\"async\" src=\"https:\/\/www.europesays.com\/fr\/wp-content\/uploads\/2025\/10\/1759370609_902_img\" width=\"350\" height=\"200\" border=\"0\" title=\"La Vogue des Marrons.\"\/><\/p>\n<p>\u25baSoci\u00e9t\u00e9<\/p>\n<p style=\"font-size: 22px;\"><b>S\u00e9curit\u00e9, TCL, horaires : la Vogue des Marrons d\u00e9bute ce week-end \u00e0 Lyon<\/b><\/p>\n<p>La traditionnelle Vogue des Marrons fait son grand&#8230;<\/p>\n<p><\/p>\n","protected":false},"excerpt":{"rendered":"Apr\u00e8s le 10 et le 18 septembre, une nouvelle journ\u00e9e de mobilisation est pr\u00e9vue \u00e0 Lyon ce jeudi&hellip;\n","protected":false},"author":2,"featured_media":432551,"comment_status":"","ping_status":"","sticky":false,"template":"","format":"standard","meta":{"footnotes":""},"categories":[1889],"tags":[55999,1111,11,2430,1777,674,1011,27,10956,2428,2088,12,25,10213,800],"class_list":{"0":"post-432550","1":"post","2":"type-post","3":"status-publish","4":"format-standard","5":"has-post-thumbnail","7":"category-lyon","8":"tag-2-octobre","9":"tag-actu","10":"tag-actualites","11":"tag-auvergne-rhone-alpes","12":"tag-eu","13":"tag-europe","14":"tag-fr","15":"tag-france","16":"tag-grve","17":"tag-lyon","18":"tag-manifestation","19":"tag-news","20":"tag-republique-francaise","21":"tag-tcl","22":"tag-transports"},"share_on_mastodon":{"url":"https:\/\/pubeurope.com\/@fr\/115302118815685066","error":""},"_links":{"self":[{"href":"https:\/\/www.europesays.com\/fr\/wp-json\/wp\/v2\/posts\/432550","targetHints":{"allow":["GET"]}}],"collection":[{"href":"https:\/\/www.europesays.com\/fr\/wp-json\/wp\/v2\/posts"}],"about":[{"href":"https:\/\/www.europesays.com\/fr\/wp-json\/wp\/v2\/types\/post"}],"author":[{"embeddable":true,"href":"https:\/\/www.europesays.com\/fr\/wp-json\/wp\/v2\/users\/2"}],"replies":[{"embeddable":true,"href":"https:\/\/www.europesays.com\/fr\/wp-json\/wp\/v2\/comments?post=432550"}],"version-history":[{"count":0,"href":"https:\/\/www.europesays.com\/fr\/wp-json\/wp\/v2\/posts\/432550\/revisions"}],"wp:featuredmedia":[{"embeddable":true,"href":"https:\/\/www.europesays.com\/fr\/wp-json\/wp\/v2\/media\/432551"}],"wp:attachment":[{"href":"https:\/\/www.europesays.com\/fr\/wp-json\/wp\/v2\/media?parent=432550"}],"wp:term":[{"taxonomy":"category","embeddable":true,"href":"https:\/\/www.europesays.com\/fr\/wp-json\/wp\/v2\/categories?post=432550"},{"taxonomy":"post_tag","embeddable":true,"href":"https:\/\/www.europesays.com\/fr\/wp-json\/wp\/v2\/tags?post=432550"}],"curies":[{"name":"wp","href":"https:\/\/api.w.org\/{rel}","templated":true}]}}