{"id":432554,"date":"2025-10-02T02:06:14","date_gmt":"2025-10-02T02:06:14","guid":{"rendered":"https:\/\/www.europesays.com\/fr\/432554\/"},"modified":"2025-10-02T02:06:14","modified_gmt":"2025-10-02T02:06:14","slug":"patrick-balkany-finalement-candidat-aux-municipales-2026-a-levallois-reponse-le-5-novembre","status":"publish","type":"post","link":"https:\/\/www.europesays.com\/fr\/432554\/","title":{"rendered":"Patrick Balkany finalement candidat aux municipales 2026 \u00e0 Levallois\u00a0? R\u00e9ponse le 5\u00a0novembre"},"content":{"rendered":"<p class=\"paragraph text_align_left lp-f-body-02\">Il n\u2019a d\u00e9cid\u00e9ment pas l\u2019\u00e2me d\u2019un loser, Patrick Balkany. Sous le coup d\u2019une peine d\u2019in\u00e9ligibilit\u00e9 de dix ans, l\u2019ancien maire de Levallois (1983 &#8211; 2020) esp\u00e8re bien reprendre quand m\u00eame ses fonctions de premier magistrat de sa ville aux <a href=\"https:\/\/www.leparisien.fr\/hauts-de-seine-92\/municipales-2026-a-levallois-lopposition-se-reduit-a-peau-de-chagrin-a-quatorze-mois-des-elections-03-02-2025-BV3BNE7GKRHSXDYT6RZEJ3NZPM.php\" target=\"_blank\" rel=\"noreferrer noopener\">prochaines municipales<\/a>, en mars 2026. Il sera fix\u00e9 le 5 novembre prochain, quand la cour d\u2019appel de Paris rendra sa d\u00e9cision, apr\u00e8s l\u2019audience, inaccessible au public, qui s\u2019est tenue ce mercredi.<\/p>\n<p class=\"paragraph text_align_left lp-f-body-02\">Devant la cour d\u2019appel, Patrick Balkany a d\u00e9fendu la lev\u00e9e de cette interdiction de se pr\u00e9senter \u00e0 la moindre \u00e9lection. \u00ab Dix ans d\u2019in\u00e9ligibilit\u00e9, c\u2019est le maximum, \u00e7a fait d\u00e9j\u00e0 six ans. Je pense qu\u2019on peut me donner une chance\u2026 C\u2019est ce que j\u2019ai dit aux juges \u00bb, confie-t-il apr\u00e8s l\u2019audience, depuis Levallois, o\u00f9 il ne manque jamais de s\u2019arr\u00eater \u00e0 une terrasse. \u00ab Tout le monde sait tout de mon proc\u00e8s, et<a href=\"https:\/\/www.leparisien.fr\/hauts-de-seine-92\/on-me-demande-tous-les-dix-metres-de-revenir-a-levallois-le-retour-du-balkany-show-29-11-2024-MJ5E34V3M5CCHH25NWYRG6JHJ4.php\" target=\"_blank\" rel=\"noreferrer noopener\"> je ne peux pas faire un pas \u00e0 Levallois sans qu\u2019on me demande de revenir<\/a> \u00bb, ajoute-t-il.<\/p>\n<p>\u00ab J\u2019ai un plan B \u00bb<\/p>\n<p class=\"paragraph text_align_left lp-f-body-02\">Clairement, si la cour d\u2019appel se prononce pour \u00ab le rel\u00e8vement \u00bb de sa peine d\u2019in\u00e9ligibilit\u00e9, Patrick Balkany, \u00e2g\u00e9 maintenant de 77 ans, sera candidat. Si ce n\u2019est pas le cas, \u00ab j\u2019ai un plan B : je serai le soutien d\u2019un candidat \u00bb, annonce-t-il. Autrement dit, d\u2019une mani\u00e8re ou d\u2019une autre, \u00ab il y aura une liste Balkany \u00bb.<\/p>\n<p class=\"paragraph text_align_left lp-f-body-02\">S\u2019il a d\u00e9fendu sa cause ce mercredi, c\u2019est parce que <a href=\"https:\/\/www.leparisien.fr\/hauts-de-seine-92\/levallois-la-justice-maintient-lineligibilite-de-patrick-balkany-12-02-2025-RR5IF5XZMRCLZA2G7LW42MDZWQ.php\" target=\"_blank\" rel=\"noreferrer noopener\">le tribunal correctionnel a rejet\u00e9 sa demande<\/a> en premi\u00e8re instance en f\u00e9vrier 2025. \u00ab La gravit\u00e9 des faits \u00bb pour lesquels il a \u00e9t\u00e9 condamn\u00e9 en appel \u00e0 trois ans de prison pour <a href=\"https:\/\/www.leparisien.fr\/hauts-de-seine-92\/levallois-perret-patrick-balkany-reste-libre-04-03-2020-8272017.php\" target=\"_blank\" rel=\"noreferrer noopener\">fraude fiscale<\/a> et quatre ans et demi pour<a href=\"https:\/\/www.leparisien.fr\/hauts-de-seine-92\/cinq-ans-de-prison-mais-pas-d-incarceration-pour-patrick-balkany-27-05-2020-8324451.php\" target=\"_blank\" rel=\"noreferrer noopener\"> blanchiment de fraude fiscale<\/a>, et l\u2019importance de la dette fiscale avaient alors convaincu les juges de ne pas r\u00e9duire la dur\u00e9e de l\u2019in\u00e9ligibilit\u00e9. Sans surprise, Patrick Balkany avait fait appel.<\/p>\n<p>\u00ab Tourner la page \u00bb<\/p>\n<p class=\"paragraph text_align_left lp-f-body-02\">Le premier des arguments avanc\u00e9s par la d\u00e9fense de l\u2019ancien maire de Levallois, assur\u00e9e par Me Robin Binsard, c\u2019est le caract\u00e8re \u00ab in\u00e9dit \u00bb de cette peine compl\u00e9mentaire. \u00ab C\u2019est absolument sans pr\u00e9c\u00e9dent, jamais un \u00e9lu n\u2019a \u00e9t\u00e9 interdit d\u2019affronter les urnes pendant une d\u00e9cennie \u00bb, d\u00e9veloppe l\u2019avocat, qui a produit un tableau mentionnant la dur\u00e9e de l\u2019in\u00e9ligibilit\u00e9 prononc\u00e9e \u00e0 l\u2019encontre des personnalit\u00e9s politiques : \u00ab cinq ans maximum \u00bb. <\/p>\n<p class=\"paragraph text_align_left lp-f-body-02\">Me Binsard a \u00e9galement plaid\u00e9 que l\u2019infraction qui vaut condamnation \u00e0 son client \u00ab n\u2019a pas \u00e9t\u00e9 commise dans le cadre de ses mandats de maire et d\u00e9put\u00e9 \u00bb et qu\u2019il n\u2019a donc \u00ab jamais d\u00e9tourn\u00e9 d\u2019argent public \u00bb. Pour lui, \u00ab apr\u00e8s douze mois de prison, vingt mois de bracelet, il est temps de tourner la page \u00bb.<\/p>\n","protected":false},"excerpt":{"rendered":"Il n\u2019a d\u00e9cid\u00e9ment pas l\u2019\u00e2me d\u2019un loser, Patrick Balkany. Sous le coup d\u2019une peine d\u2019in\u00e9ligibilit\u00e9 de dix ans,&hellip;\n","protected":false},"author":2,"featured_media":432555,"comment_status":"","ping_status":"","sticky":false,"template":"","format":"standard","meta":{"footnotes":""},"categories":[1888],"tags":[1111,1928,11,1927,1777,674,118,1011,27,3314,1944,12,1926,626,1925,25],"class_list":{"0":"post-432554","1":"post","2":"type-post","3":"status-publish","4":"format-standard","5":"has-post-thumbnail","7":"category-paris","8":"tag-actu","9":"tag-actu-paris","10":"tag-actualites","11":"tag-actualites-paris","12":"tag-eu","13":"tag-europe","14":"tag-faits-divers","15":"tag-fr","16":"tag-france","17":"tag-hauts-de-seine","18":"tag-ma-ville","19":"tag-news","20":"tag-news-paris","21":"tag-paris","22":"tag-paris-news","23":"tag-republique-francaise"},"share_on_mastodon":{"url":"https:\/\/pubeurope.com\/@fr\/115302130321698220","error":""},"_links":{"self":[{"href":"https:\/\/www.europesays.com\/fr\/wp-json\/wp\/v2\/posts\/432554","targetHints":{"allow":["GET"]}}],"collection":[{"href":"https:\/\/www.europesays.com\/fr\/wp-json\/wp\/v2\/posts"}],"about":[{"href":"https:\/\/www.europesays.com\/fr\/wp-json\/wp\/v2\/types\/post"}],"author":[{"embeddable":true,"href":"https:\/\/www.europesays.com\/fr\/wp-json\/wp\/v2\/users\/2"}],"replies":[{"embeddable":true,"href":"https:\/\/www.europesays.com\/fr\/wp-json\/wp\/v2\/comments?post=432554"}],"version-history":[{"count":0,"href":"https:\/\/www.europesays.com\/fr\/wp-json\/wp\/v2\/posts\/432554\/revisions"}],"wp:featuredmedia":[{"embeddable":true,"href":"https:\/\/www.europesays.com\/fr\/wp-json\/wp\/v2\/media\/432555"}],"wp:attachment":[{"href":"https:\/\/www.europesays.com\/fr\/wp-json\/wp\/v2\/media?parent=432554"}],"wp:term":[{"taxonomy":"category","embeddable":true,"href":"https:\/\/www.europesays.com\/fr\/wp-json\/wp\/v2\/categories?post=432554"},{"taxonomy":"post_tag","embeddable":true,"href":"https:\/\/www.europesays.com\/fr\/wp-json\/wp\/v2\/tags?post=432554"}],"curies":[{"name":"wp","href":"https:\/\/api.w.org\/{rel}","templated":true}]}}