{"id":432556,"date":"2025-10-02T02:07:32","date_gmt":"2025-10-02T02:07:32","guid":{"rendered":"https:\/\/www.europesays.com\/fr\/432556\/"},"modified":"2025-10-02T02:07:32","modified_gmt":"2025-10-02T02:07:32","slug":"reprise-du-trafic-depuis-19h","status":"publish","type":"post","link":"https:\/\/www.europesays.com\/fr\/432556\/","title":{"rendered":"reprise du trafic depuis 19h"},"content":{"rendered":"<p class=\"article__intro\">La circulation a \u00e9t\u00e9 fortement perturb\u00e9e dans le secteur de la gare de l&rsquo;Est \u00e0 Paris, le 1er octobre, vers 17h, suite \u00e0 un accident de personne. Cons\u00e9quences, plus aucun train ne circule vers l&rsquo;est de la France. La reprise du trafic a \u00e9t\u00e9 constat\u00e9e vers 19h.<\/p>\n<p>\n      L\u2019actu des r\u00e9gions\n    <\/p>\n<p>\n      Chaque jour, un tour d\u2019horizon des principales infos de toutes les r\u00e9gions.\n    <\/p>\n<p>    France T\u00e9l\u00e9visions utilise votre adresse e-mail afin de vous envoyer la newsletter \u00ab\u00a0L\u2019actu des r\u00e9gions\u00a0\u00bb. Vous pouvez vous d\u00e9sinscrire \u00e0 tout moment via le lien en bas de cette newsletter. <a target=\"_blank\" href=\"https:\/\/www.francetelevisions.fr\/groupe\/confidentialite\/politique-de-confidentialite\/politique-de-confidentialite-de-france-televisions-6503\" rel=\"nofollow noopener\">Notre politique de confidentialit\u00e9<\/a><\/p>\n<p>Un accident de personne s&rsquo;est produit vers 15h30 ce mercredi 1er octobre en gare de Chelles Gournay (en r\u00e9gion parisienne). La police scientifique s&rsquo;est rendue sur place pour effectuer les constations d&rsquo;usage. La reprise du trafic est effective depuis 19h.<\/p>\n<p>La circulation des trains a \u00e9t\u00e9 totalement interrompue \u00e0 la Gare de l\u2019Est de Paris en fin d&rsquo;apr\u00e8s-midi \u00e0 l&rsquo;heure de pointe. Impossible de rejoindre Reims, Nancy ou Strasbourg. Les voyageurs au d\u00e9part de Paris sont rest\u00e9s quelques heures dans l&rsquo;attente d&rsquo;informations sur le quai, confirme une journaliste de France 3 Champagne-Ardenne pr\u00e9sente sur place.<\/p>\n<p><a data-article-figure=\"\" href=\"https:\/\/france3-regions.franceinfo.fr\/image\/HZvlD3RyFW5KRV0cpv6C-wQSnhc\/1600x1200\/regions\/2025\/10\/01\/whatsapp-image-2025-10-01-at-18-58-43-68dd5f795d7a1137576621.jpg\" data-pswp-width=\"1600\" data-pswp-height=\"1200\" target=\"_blank\" rel=\"nofollow noopener\"><\/p>\n<p>          <img width=\"600\" height=\"400\" class=\"article-image lazy\" data-src=\"https:\/\/www.europesays.com\/fr\/wp-content\/uploads\/2025\/10\/whatsapp-image-2025-10-01-at-18-58-43-68dd5f795d7a1137576621.jpg\" alt=\"Sur les quais de la gare de l'Est, les voyageurs demandent des informations, en pleine heure de pointe. \" fetchpriority=\"high\" as=\"image\"\/><\/p>\n<p>\n            Sur les quais de la gare de l&rsquo;Est, les voyageurs demandent des informations, en pleine heure de pointe.<br \/>\n                           \u2022<br \/>\n                                      \u00a9 Annabelle Igier &#8211; France t\u00e9l\u00e9visions\n                      <\/p>\n<p><\/a><\/p>\n<p>L&rsquo;heure de reprise est pr\u00e9vue vers 19h, confirme la SNCF. Il semble que l&rsquo;enqu\u00eate soit sur le point de se terminer. Un train a heurt\u00e9 un voyageur, mais pas plus de pr\u00e9cisions pour l&rsquo;instant. Un TGV au d\u00e9part de Paris vers Reims, qui devait partir \u00e0 18h28 est finalement parti \u00e0 20h08, avec une heure trente de retard.<\/p>\n<blockquote class=\"twitter-tweet\">\n<p dir=\"ltr\" lang=\"fr\">\ud83c\udf99\ufe0f <a href=\"https:\/\/twitter.com\/hashtag\/TERVall%C3%A9edelaMarne?src=hash&amp;ref_src=twsrc%5Etfw\" rel=\"nofollow noopener\" target=\"_blank\">#TERVall\u00e9edelaMarne<\/a><br \/>\ud83d\udce2 18h20 : L&rsquo;enqu\u00eate de police est toujours en cours suite \u00e0 l&rsquo;accident de personne en gare de Chelles-Gournay. <br \/>La reprise des circulations est finalement pr\u00e9vue vers 19h00. \ud83d\udd59<br \/>\u2139\ufe0f + d&rsquo;infos sur l&rsquo;appli SNCF Connect <a href=\"https:\/\/t.co\/heljLvsx6b\" rel=\"nofollow\">https:\/\/t.co\/heljLvsx6b<\/a><\/p>\n<p>\u2014 TER Grand Est Paris (@TERGrdEstParis) <a href=\"https:\/\/twitter.com\/TERGrdEstParis\/status\/1973423993605820801?ref_src=twsrc%5Etfw\" rel=\"nofollow noopener\" target=\"_blank\">October 1, 2025<\/a><\/p><\/blockquote>\n<p>Le trafic reprend progressivement \u00e0 raison d&rsquo;un d\u00e9part toutes les trois minutes, pr\u00e9cise la SNCF, peu apr\u00e8s 19h. <\/p>\n<p>  <script async src=\"https:\/\/platform.twitter.com\/widgets.js\" charset=\"utf-8\"><\/script><\/p>\n","protected":false},"excerpt":{"rendered":"La circulation a \u00e9t\u00e9 fortement perturb\u00e9e dans le secteur de la gare de l&rsquo;Est \u00e0 Paris, le 1er&hellip;\n","protected":false},"author":2,"featured_media":432557,"comment_status":"","ping_status":"","sticky":false,"template":"","format":"standard","meta":{"footnotes":""},"categories":[1888],"tags":[1111,1928,11,1927,1777,674,1011,27,12,1926,626,1925,25],"class_list":{"0":"post-432556","1":"post","2":"type-post","3":"status-publish","4":"format-standard","5":"has-post-thumbnail","7":"category-paris","8":"tag-actu","9":"tag-actu-paris","10":"tag-actualites","11":"tag-actualites-paris","12":"tag-eu","13":"tag-europe","14":"tag-fr","15":"tag-france","16":"tag-news","17":"tag-news-paris","18":"tag-paris","19":"tag-paris-news","20":"tag-republique-francaise"},"share_on_mastodon":{"url":"https:\/\/pubeurope.com\/@fr\/115302134337456811","error":""},"_links":{"self":[{"href":"https:\/\/www.europesays.com\/fr\/wp-json\/wp\/v2\/posts\/432556","targetHints":{"allow":["GET"]}}],"collection":[{"href":"https:\/\/www.europesays.com\/fr\/wp-json\/wp\/v2\/posts"}],"about":[{"href":"https:\/\/www.europesays.com\/fr\/wp-json\/wp\/v2\/types\/post"}],"author":[{"embeddable":true,"href":"https:\/\/www.europesays.com\/fr\/wp-json\/wp\/v2\/users\/2"}],"replies":[{"embeddable":true,"href":"https:\/\/www.europesays.com\/fr\/wp-json\/wp\/v2\/comments?post=432556"}],"version-history":[{"count":0,"href":"https:\/\/www.europesays.com\/fr\/wp-json\/wp\/v2\/posts\/432556\/revisions"}],"wp:featuredmedia":[{"embeddable":true,"href":"https:\/\/www.europesays.com\/fr\/wp-json\/wp\/v2\/media\/432557"}],"wp:attachment":[{"href":"https:\/\/www.europesays.com\/fr\/wp-json\/wp\/v2\/media?parent=432556"}],"wp:term":[{"taxonomy":"category","embeddable":true,"href":"https:\/\/www.europesays.com\/fr\/wp-json\/wp\/v2\/categories?post=432556"},{"taxonomy":"post_tag","embeddable":true,"href":"https:\/\/www.europesays.com\/fr\/wp-json\/wp\/v2\/tags?post=432556"}],"curies":[{"name":"wp","href":"https:\/\/api.w.org\/{rel}","templated":true}]}}