{"id":432558,"date":"2025-10-02T02:08:17","date_gmt":"2025-10-02T02:08:17","guid":{"rendered":"https:\/\/www.europesays.com\/fr\/432558\/"},"modified":"2025-10-02T02:08:17","modified_gmt":"2025-10-02T02:08:17","slug":"mercredi-a-la-fashion-week-de-paris-tom-ford-et-gabriela-hearst-2","status":"publish","type":"post","link":"https:\/\/www.europesays.com\/fr\/432558\/","title":{"rendered":"Mercredi \u00e0 la Fashion Week de Paris: Tom Ford et Gabriela Hearst"},"content":{"rendered":"<p>\n                                        <b>Traduit par<\/b><br \/>\n                                        <br \/>Cecile Herrero\n                                    <\/p>\n<p>\n                                    <b>Publi\u00e9 le<\/b><br \/>\n                                    <\/p>\n<p>                                        2 octobre 2025<\/p>\n<p class=\"article-content col-md-8 offset-md-1\">\n                                L&rsquo;Am\u00e9rique latine \u00e9tait \u00e0 l&rsquo;honneur mercredi soir \u00e0 la Semaine de la mode de Paris, avec un d\u00e9fil\u00e9 magistral sign\u00e9 <a class=\"fnwAddLinks\" href=\"https:\/\/be.fashionnetwork.com\/tags-tom-ford\" title=\"Tom Ford\" target=\"_blank\" rel=\"noopener\">Tom Ford<\/a> et une collection de <a class=\"fnwAddLinks\" href=\"https:\/\/be.fashionnetwork.com\/tags-gabriela-hearst\" title=\"Gabriela Hearst\" target=\"_blank\" rel=\"noopener\">Gabriela Hearst<\/a> pleine de charme et d\u2019audace commerciale.<\/p>\n<p class=\"col-md-10 exergue\">Tom Ford: la hauteur chic selon Haider<\/p>\n<p>La nomination de <a class=\"fnwAddLinks\" href=\"https:\/\/be.fashionnetwork.com\/tags-haider-ackermann\" title=\"Haider Ackermann\" target=\"_blank\" rel=\"noopener\">Haider Ackermann<\/a> chez Tom Ford s\u2019impose comme l\u2019une des embauches les plus judicieuses de ces derni\u00e8res ann\u00e9es.<\/p>\n<p><img decoding=\"async\" class=\"news-image\" style=\"width:100%;max-width:645px;\" src=\"https:\/\/www.europesays.com\/fr\/wp-content\/uploads\/2025\/10\/bc91.jpg\" alt=\"Tom Ford Spring\/Summer 2026 collection in Paris\" loading=\"lazy\"\/>Tom Ford Spring\/Summer 2026 collection in Paris &#8211; Courtesy<\/p>\n<p class=\"col-md-8 offset-md-1 article-content--texte\">M\u00eame si cette saison voit les d\u00e9buts de cr\u00e9ateurs dans plus de quinze maisons, la deuxi\u00e8me pr\u00e9sentation de Haider chez Tom Ford avait des allures de nouvelle premi\u00e8re \u2014 et, de surcro\u00eet, dramatique. Pour la simple raison que le fondateur, Tom Ford, n\u2019\u00e9tait pas pr\u00e9sent.<\/p>\n<p>Le d\u00e9fil\u00e9, pr\u00e9sent\u00e9 devant \u00e0 peine 150 invit\u00e9s tri\u00e9s sur le volet, \u00e9tait confortablement nich\u00e9 au Pavillon Vend\u00f4me, entre les deux h\u00f4tels les plus en vue de la sc\u00e8ne mode \u2013 l\u2019H\u00f4tel Costes et le Ritz. Un espace bleu nuit, travers\u00e9 par un bassin de laque bleu saphir sur lequel la troupe de Haider Ackermann a \u00e9volu\u00e9, s\u2019est \u00e9mue, s\u2019est abandonn\u00e9e et s\u2019est pr\u00e9lass\u00e9e.<\/p>\n<p class=\"col-md-8 offset-md-1 article-content--texte\">Les mannequins, d\u2019une distance hautaine, toisaient le public. Et elles pouvaient se le permettre, tant elles paraissaient divines. Chez Haider Ackermann, point de luxe discret ni de style pratique: place \u00e0 un glamour survitamin\u00e9 et \u00e0 une \u00e9l\u00e9gance ultra pointue.<\/p>\n<p>Le d\u00e9fil\u00e9 s\u2019est ouvert sur un trio de ravissantes silhouettes en robes-manteaux taill\u00e9es au scalpel, en peau de l\u00e9zard enduite et translucide. \u00c9patants, des costumes pantalons d\u2019allure masculine port\u00e9s avec des mini-soutiens-gorge ; tout comme des blousons biker en daim absolument parfaits. D\u00e9bonnaires, les hommes en blazers de soie ivoire ou gris perle, ou en blousons en daim vert marbre du Connemara.<\/p>\n<p><img decoding=\"async\" class=\"news-image\" style=\"width:100%;max-width:645px;\" src=\"https:\/\/www.europesays.com\/fr\/wp-content\/uploads\/2025\/10\/8e1a.jpg\" alt=\"Tom Ford Spring\/Summer 2026 collection in Paris\" loading=\"lazy\"\/>Tom Ford Spring\/Summer 2026 collection in Paris &#8211; Courtesy<\/p>\n<p class=\"col-md-8 offset-md-1 article-content--texte\">Les filles arboraient des carr\u00e9s de la fin des ann\u00e9es 1950, les hommes des cheveux liss\u00e9s et gomin\u00e9s d\u2019idole de cin\u00e9ma. Le casting, souvent par couples, bras entrelac\u00e9s, jouait les amoureux.<\/p>\n<p>Pour le soir, des robes en mousseline de soie r\u00e9v\u00e9latrices, avec des d\u00e9coupes, des jockstraps et un soup\u00e7on de perversit\u00e9 chic.<\/p>\n<p>\u00ab\u00a0Mon travail porte sur la force et la fragilit\u00e9, et sur le fait d\u2019oser s\u2019affirmer ; ce d\u00e9fil\u00e9 renvoie donc \u00e0 quelque chose que j\u2019ai en t\u00eate\u00a0\u00bb, a expliqu\u00e9 Haider Ackermann, au milieu d\u2019une cohorte de fid\u00e8les venus le f\u00e9liciter. Avant de d\u00e9crire son casting m\u00fbr comme \u00ab\u00a0mes compagnons de longue date\u00a0\u00bb.<\/p>\n<p>Le point culminant du d\u00e9fil\u00e9 a r\u00e9uni les mannequins embl\u00e9matiques Erin O\u2019Connor et Scott Barnhill, en costumes assortis bleu cobalt, s\u2019appropriant le podium. Un mix de \u00ab\u00a0<a class=\"fnwAddLinks\" href=\"https:\/\/be.fashionnetwork.com\/tags-heroes\" title=\"Heroes\" target=\"_blank\" rel=\"noopener\">Heroes<\/a>\u00a0\u00bb de David Bowie retentissait dans les haut-parleurs.<\/p>\n<p>\u00ab\u00a0Cette chanson \u00e9voque un amour interdit entre deux personnes. Nous savons tous ce qui se passe dans le monde. Alors oui, il s\u2019agit d\u2019avoir le courage de se lever. Je ne dis rien de politique, je l\u2019indique simplement d\u2019un clin d\u2019\u0153il\u00a0\u00bb, a ajout\u00e9 Haider Ackermann, n\u00e9 en Colombie mais \u00e9lev\u00e9 aux Pays-Bas.<\/p>\n<p class=\"col-md-10 exergue\">Gabriela Hearst: des arch\u00e9types qui font autorit\u00e9<\/p>\n<p>Un d\u00e9fil\u00e9 sign\u00e9 Gabriela Hearst garantit le sourire, o\u00f9 un optimisme roboratif est un leitmotiv permanent.<\/p>\n<p><a class=\"btn btn-dark\" target=\"_blank\" href=\"https:\/\/fr.fashionnetwork.com\/galeries\/photos\/Gabriela-Hearst,73363.html\" rel=\"noopener\">Voir le d\u00e9fil\u00e9<\/a><img decoding=\"async\" class=\"news-image\" style=\"width:100%;max-width:645px;\" src=\"https:\/\/www.europesays.com\/fr\/wp-content\/uploads\/2025\/10\/4799.jpg\" alt=\"Gabriela Hearst - Spring-Summer2026 - Womenswear - France - Paris\" loading=\"lazy\"\/>Gabriela Hearst &#8211; Spring-Summer2026 &#8211; Womenswear &#8211; France &#8211; Paris &#8211; \u00a9Launchmetrics\/spotlight<\/p>\n<p class=\"col-md-8 offset-md-1 article-content--texte\">D\u2019autant plus cette saison, avec en ouverture la souriante Laura Dern, laur\u00e9ate d\u2019un Oscar, dans une robe en lam\u00e9 argent.<\/p>\n<p>Pr\u00e9sent\u00e9 sur une terrasse surplombant un magnifique jardin, dans un quartier m\u00e9di\u00e9val au bas du Ve arrondissement, le d\u00e9fil\u00e9 baignait dans une ambiance enjou\u00e9e \u00e0 l\u2019heure o\u00f9 les invit\u00e9s prenaient place. Chacun d\u00e9couvrait un catalogue finement imprim\u00e9 de dessins \u00e0 l\u2019aquarelle d\u2019arch\u00e9types: Grande Pr\u00eatresse, Imp\u00e9ratrice, Nourrici\u00e8re, M\u00e9diatrice et, pour notre bonheur, les Amoureux.<\/p>\n<p>Leurs silhouettes allong\u00e9es donnaient le ton d\u2019une collection presque enti\u00e8rement compos\u00e9e de fourreaux, de robes, de ponchos et de capes effleurant le sol.<\/p>\n<p><a class=\"btn btn-dark\" target=\"_blank\" href=\"https:\/\/fr.fashionnetwork.com\/galeries\/photos\/Gabriela-Hearst,73363.html\" rel=\"noopener\">Voir le d\u00e9fil\u00e9<\/a><img decoding=\"async\" class=\"news-image\" style=\"width:100%;max-width:645px;\" src=\"https:\/\/www.europesays.com\/fr\/wp-content\/uploads\/2025\/10\/057c.jpg\" alt=\"Gabriela Hearst - Spring-Summer2026 - Womenswear - France - Paris\" loading=\"lazy\"\/>Gabriela Hearst &#8211; Spring-Summer2026 &#8211; Womenswear &#8211; France &#8211; Paris &#8211; \u00a9Launchmetrics\/spotlight<\/p>\n<p class=\"col-md-8 offset-md-1 article-content--texte\">\u00ab\u00a0Je suis un \u00eatre radieux. Je suis un tr\u00e9sor vivant. J\u2019honore et j\u2019appr\u00e9cie profond\u00e9ment les ressources illimit\u00e9es de courage qui sont en moi\u00a0\u00bb, pouvait-on lire dans l\u2019un des nombreux textes du programme vantant la sagacit\u00e9 et la puissance f\u00e9minines.<\/p>\n<p>N\u00e9e en Uruguay, Gabriela\u00a0Hearst a int\u00e9gr\u00e9 de nombreux croquis \u00e0 ses silhouettes et a suivi avec une m\u00e9ticulosit\u00e9 exemplaire la ligne allong\u00e9e. L\u2019ensemble avait un certain cachet royal, tout en restant d\u2019une aisance \u00e9vidente.<\/p>\n<p>Gabriela\u00a0Hearst est venue saluer dans un tailleur en cuir noir \u00e0 jupe de cow-girl, tel un membre \u00e0 part enti\u00e8re de sa propre troupe. Et elle a arrach\u00e9 un nouveau sourire \u00e0 un public qui a quitt\u00e9 le d\u00e9fil\u00e9 le sourire aux l\u00e8vres.\n                            <\/p>\n<p>\n                                Cet article est une traduction automatique.<br \/>\n                                    <a href=\"https:\/\/ww.fashionnetwork.com\/news\/Paris-fashion-week-wednesday-tom-ford-and-gabriela-hearst,1769922.html\" target=\"_blank\" rel=\"noopener\">Cliquez ici<\/a> pour consulter l&rsquo;article d&rsquo;origine.\n                            <\/p>\n<p>\n                                Tous droits de reproduction et de repr\u00e9sentation r\u00e9serv\u00e9s.<br \/>\u00a9 2025 FashionNetwork.com\n                            <\/p>\n","protected":false},"excerpt":{"rendered":"Traduit par Cecile Herrero Publi\u00e9 le 2 octobre 2025 L&rsquo;Am\u00e9rique latine \u00e9tait \u00e0 l&rsquo;honneur mercredi soir \u00e0 la&hellip;\n","protected":false},"author":2,"featured_media":432321,"comment_status":"","ping_status":"","sticky":false,"template":"","format":"standard","meta":{"footnotes":""},"categories":[1888],"tags":[11,2424,537,2423,1777,674,1011,27,41079,24289,56022,56021,2425,985,12,2298,626,2426,2427,25,2421,2422,34116],"class_list":{"0":"post-432558","1":"post","2":"type-post","3":"status-publish","4":"format-standard","5":"has-post-thumbnail","7":"category-paris","8":"tag-actualites","9":"tag-beaute","10":"tag-contact","11":"tag-cosmetiques","12":"tag-eu","13":"tag-europe","14":"tag-fr","15":"tag-france","16":"tag-gabriela-hearst","17":"tag-haider-ackermann","18":"tag-heroes","19":"tag-le-ritz","20":"tag-luxe","21":"tag-mode","22":"tag-news","23":"tag-parfum","24":"tag-paris","25":"tag-professionnel","26":"tag-professionnels","27":"tag-republique-francaise","28":"tag-reseau","29":"tag-textile","30":"tag-tom-ford"},"share_on_mastodon":{"url":"https:\/\/pubeurope.com\/@fr\/115302138798464182","error":""},"_links":{"self":[{"href":"https:\/\/www.europesays.com\/fr\/wp-json\/wp\/v2\/posts\/432558","targetHints":{"allow":["GET"]}}],"collection":[{"href":"https:\/\/www.europesays.com\/fr\/wp-json\/wp\/v2\/posts"}],"about":[{"href":"https:\/\/www.europesays.com\/fr\/wp-json\/wp\/v2\/types\/post"}],"author":[{"embeddable":true,"href":"https:\/\/www.europesays.com\/fr\/wp-json\/wp\/v2\/users\/2"}],"replies":[{"embeddable":true,"href":"https:\/\/www.europesays.com\/fr\/wp-json\/wp\/v2\/comments?post=432558"}],"version-history":[{"count":0,"href":"https:\/\/www.europesays.com\/fr\/wp-json\/wp\/v2\/posts\/432558\/revisions"}],"wp:featuredmedia":[{"embeddable":true,"href":"https:\/\/www.europesays.com\/fr\/wp-json\/wp\/v2\/media\/432321"}],"wp:attachment":[{"href":"https:\/\/www.europesays.com\/fr\/wp-json\/wp\/v2\/media?parent=432558"}],"wp:term":[{"taxonomy":"category","embeddable":true,"href":"https:\/\/www.europesays.com\/fr\/wp-json\/wp\/v2\/categories?post=432558"},{"taxonomy":"post_tag","embeddable":true,"href":"https:\/\/www.europesays.com\/fr\/wp-json\/wp\/v2\/tags?post=432558"}],"curies":[{"name":"wp","href":"https:\/\/api.w.org\/{rel}","templated":true}]}}