{"id":432559,"date":"2025-10-02T02:09:28","date_gmt":"2025-10-02T02:09:28","guid":{"rendered":"https:\/\/www.europesays.com\/fr\/432559\/"},"modified":"2025-10-02T02:09:28","modified_gmt":"2025-10-02T02:09:28","slug":"lfi-reclame-linterdiction-du-concert-de-disturbed-en-raison-dun-soutien-a-netanyahou-2","status":"publish","type":"post","link":"https:\/\/www.europesays.com\/fr\/432559\/","title":{"rendered":"LFI r\u00e9clame l\u2019interdiction du concert de Disturbed en raison d\u2019un soutien \u00e0 Netanyahou"},"content":{"rendered":"<p>Le concert du groupe am\u00e9ricain <a href=\"https:\/\/www.20minutes.fr\/arts-stars\/culture\/musique\/4127284-20241204-apple-devoile-chansons-parfois-inattendues-plus-ecoutees-shazamees-france-2024\" target=\"_blank\" class=\"c-link c-link--is-underlined\" rel=\"noopener\">Disturbed<\/a>, pr\u00e9vu le 12\u00a0octobre au <a href=\"https:\/\/www.20minutes.fr\/dossier\/zenith\" target=\"_blank\" class=\"c-link c-link--is-underlined\" rel=\"noopener\">Z\u00e9nith de Paris<\/a>, suscite une vive controverse en raison des prises de position politiques de son chanteur, David Draiman, soutien affich\u00e9 du gouvernement isra\u00e9lien de Benyamin Netanyahou. Mercredi, le d\u00e9put\u00e9 de <a href=\"https:\/\/www.20minutes.fr\/politique\/france-insoumise\/\" target=\"_blank\" class=\"c-link c-link--is-underlined\" rel=\"noopener\">La France insoumise Thomas Portes<\/a> a \u00e9crit au pr\u00e9fet de police pour r\u00e9clamer l\u2019interdiction de l\u2019\u00e9v\u00e9nement.<\/p>\n<p>Selon lui, ce concert \u00ab\u00a0constitue une menace directe pour l\u2019ordre public dans notre pays\u00a0\u00bb. Dans sa lettre, il rappelle qu\u2019en juin\u00a02024, le leader de Disturbed \u00ab\u00a0se mettait en sc\u00e8ne sur une base militaire isra\u00e9lienne, signant une bombe pr\u00eate \u00e0 \u00eatre largu\u00e9e sur <a href=\"https:\/\/www.20minutes.fr\/monde\/gaza\/\" target=\"_blank\" class=\"c-link c-link--is-underlined\" rel=\"noopener\">Gaza<\/a>\u00a0\u00bb. Il estime que le chanteur \u00ab\u00a0assume, sans la moindre ambigu\u00eft\u00e9, des positions relevant de l\u2019apologie de crimes de guerre et de g\u00e9nocide\u00a0\u00bb. Le s\u00e9nateur communiste <a href=\"https:\/\/www.20minutes.fr\/dossier\/ian_brossat\" target=\"_blank\" class=\"c-link c-link--is-underlined\" rel=\"noopener\">Ian Brossat<\/a> et le d\u00e9put\u00e9 <a href=\"https:\/\/www.20minutes.fr\/politique\/ps\/\" target=\"_blank\" class=\"c-link c-link--is-underlined\" rel=\"noopener\">socialiste<\/a> Emmanuel Gr\u00e9goire, tous deux candidats \u00e0 la mairie de Paris, se sont \u00e9galement prononc\u00e9s pour l\u2019annulation du concert.<\/p>\n<\/p>\n<p>La position du Z\u00e9nith<\/p>\n<p>Face aux critiques, la salle parisienne a publi\u00e9 un communiqu\u00e9 lundi. \u00ab\u00a0Ayant \u00e9t\u00e9 r\u00e9cemment inform\u00e9s de d\u00e9clarations publiques de David Draiman, membre du groupe Disturbed, nous avons imm\u00e9diatement demand\u00e9 un engagement formel de la part des artistes. Aucun propos discriminatoire ou raciste ne sera tol\u00e9r\u00e9 sur la sc\u00e8ne du Z\u00e9nith, conform\u00e9ment \u00e0 notre r\u00e8glement int\u00e9rieur\u00a0\u00bb, a assur\u00e9 la direction.<\/p>\n<p><a href=\"https:\/\/www.20minutes.fr\/monde\/gaza\/\" target=\"_blank\" class=\"c-link c-btn c-btn--primary\" rel=\"noopener\">Notre dossier sur Gaza<\/a><\/p>\n<p>N\u00e9 \u00e0 New York en\u00a01973 dans une famille <a href=\"https:\/\/www.20minutes.fr\/dossier\/juif\" target=\"_blank\" class=\"c-link c-link--is-underlined\" rel=\"noopener\">juive<\/a> dont certains membres vivent aujourd\u2019hui en Isra\u00ebl, David Draiman s\u2019exprime r\u00e9guli\u00e8rement sur le conflit isra\u00e9lo-palestinien. Il est connu pour ses attaques contre les artistes soutenant le boycott d\u2019Isra\u00ebl. Fond\u00e9 \u00e0 Chicago en\u00a01994, Disturbed s\u2019est impos\u00e9 comme l\u2019un des groupes de heavy metal les plus populaires des ann\u00e9es\u00a02000. Leur premier album The Sickness (2000) et son successeur Believe (2002) ont connu d\u2019immenses succ\u00e8s commerciaux.<\/p>\n","protected":false},"excerpt":{"rendered":"Le concert du groupe am\u00e9ricain Disturbed, pr\u00e9vu le 12\u00a0octobre au Z\u00e9nith de Paris, suscite une vive controverse en&hellip;\n","protected":false},"author":2,"featured_media":432560,"comment_status":"","ping_status":"","sticky":false,"template":"","format":"standard","meta":{"footnotes":""},"categories":[1888],"tags":[47,11,952,1697,1777,674,1011,27,665,27164,664,5005,1023,12,626,2703,4484,316,25,12177],"class_list":{"0":"post-432559","1":"post","2":"type-post","3":"status-publish","4":"format-standard","5":"has-post-thumbnail","7":"category-paris","8":"tag-actualite","9":"tag-actualites","10":"tag-benyamin-netanyahou","11":"tag-concert","12":"tag-eu","13":"tag-europe","14":"tag-fr","15":"tag-france","16":"tag-gaza","17":"tag-heavy-metal","18":"tag-israel","19":"tag-juif","20":"tag-la-france-insoumise-lfi","21":"tag-news","22":"tag-paris","23":"tag-parti-communiste-francais-pcf","24":"tag-parti-socialiste-ps","25":"tag-politique","26":"tag-republique-francaise","27":"tag-zenith"},"share_on_mastodon":{"url":"https:\/\/pubeurope.com\/@fr\/115302142015950669","error":""},"_links":{"self":[{"href":"https:\/\/www.europesays.com\/fr\/wp-json\/wp\/v2\/posts\/432559","targetHints":{"allow":["GET"]}}],"collection":[{"href":"https:\/\/www.europesays.com\/fr\/wp-json\/wp\/v2\/posts"}],"about":[{"href":"https:\/\/www.europesays.com\/fr\/wp-json\/wp\/v2\/types\/post"}],"author":[{"embeddable":true,"href":"https:\/\/www.europesays.com\/fr\/wp-json\/wp\/v2\/users\/2"}],"replies":[{"embeddable":true,"href":"https:\/\/www.europesays.com\/fr\/wp-json\/wp\/v2\/comments?post=432559"}],"version-history":[{"count":0,"href":"https:\/\/www.europesays.com\/fr\/wp-json\/wp\/v2\/posts\/432559\/revisions"}],"wp:featuredmedia":[{"embeddable":true,"href":"https:\/\/www.europesays.com\/fr\/wp-json\/wp\/v2\/media\/432560"}],"wp:attachment":[{"href":"https:\/\/www.europesays.com\/fr\/wp-json\/wp\/v2\/media?parent=432559"}],"wp:term":[{"taxonomy":"category","embeddable":true,"href":"https:\/\/www.europesays.com\/fr\/wp-json\/wp\/v2\/categories?post=432559"},{"taxonomy":"post_tag","embeddable":true,"href":"https:\/\/www.europesays.com\/fr\/wp-json\/wp\/v2\/tags?post=432559"}],"curies":[{"name":"wp","href":"https:\/\/api.w.org\/{rel}","templated":true}]}}